{"id":36468,"date":"2001-10-05T18:33:10","date_gmt":"2001-10-05T16:33:10","guid":{"rendered":"http:\/\/www.museonicolis.com\/en\/mostra-auto-mobile\/"},"modified":"2017-10-14T16:06:34","modified_gmt":"2017-10-14T14:06:34","slug":"mostra-auto-mobile","status":"publish","type":"post","link":"https:\/\/www.museonicolis.com\/en\/mostra-auto-mobile\/","title":{"rendered":"Exhibition &#8220;Car&#038;Furniture&#8221;"},"content":{"rendered":"<p>Il gruppo <strong>due+due<\/strong> di Verona presenta presso il Museo Nicolis\u00a0 un\u2019esposizione di oggetti d\u2019arredo per la casa, l\u2019ufficio e l\u2019illuminazione, progettati dalle firme pi\u00f9 prestigiose del design italiano ed internazionale.<br \/>\n<strong>UNIFOR vitra. CITTERIO driade :Fabbian e mimo<\/strong> sono le aziende rappresentate in uno spazio di circa 800mq .<\/p>\n<p>L\u2019allestimento, ideato e progettato da duepiudue, si presenta come uno schema grafico astratto, la metafora della pianta di un metr\u00f2, la storia di pollicino, la rappresentazione dei diversi percorsi e strategie aziendali, l\u2019individuazione delle diverse aree espositive nonch\u00e9 il logo della stessa esposizione.<br \/>\nL\u2019ambizione di tutto questo condensato in pochi segni colorati con linee puntinate che terminano all\u2019esterno dell\u2019edificio in totem cilindrici con l\u2019iscrizione delle aziende in esposizione, oltre ad una strada che diventa pedana espositiva, quattro sedute su ruote ed un omaggio al futurismo di Giacomo Balla in una pittura a tutta parete.<br \/>\n<strong>auto&amp;mobile<\/strong> si propone come un evento culturale, un\u2019istantanea di altissima qualit\u00e0 sullo stato dell\u2019arte del mercato ed il movimento della ricerca progettuale nell\u2019industrial design, in un luogo in cui la storia del movimento \u00e8 cos\u00ec ben rappresentata dalla collezione Nicolis .<\/p>\n<p>La provocazione di questo approccio progettuale \u00e8 l\u2019esplicito tentativo di promuovere un dibattito attivo sul futuro del design nell\u2019era dei media.<br \/>\nL\u2019esposizione sar\u00e0 aperta al pubblico dal <strong>5 ottobre al 4 novembre<\/strong>, con inaugurazione ufficiale gioved\u00ec 11 ottobre alle ore 18.00, in occasione della prima conferenza di un ciclo di incontri, denominati \u201c<strong>seratedesign<\/strong>\u201d, che si svolgeranno nel meeting center del museo stesso.<br \/>\nQuattro importanti designers Italiani presenteranno i loro progetti recenti e dibatteranno sul futuro del design nelle serate di gioved\u00ec 11 e venerd\u00ec 12, mentre luned\u00ec 15 a confronto saranno le diverse strategie aziendali, il rapporto tra industria ed universit\u00e0 e le opportunit\u00e0 del futuro con i direttori commerciali delle aziende esposte ed il direttore della neonata <strong>Facolt\u00e0 di Design all\u2019Universit\u00e0 di Venezia.<\/strong><\/p>\n<p>Fa parte della mostra la <a href=\"http:\/\/www.museonicolis.com\/cadillac-eldorado-convertible\/\"><strong>Cadillac Eldorado<\/strong> <\/a>del Museo Nicolis<\/p>\n<p><strong>Programma delle serate<\/strong><\/p>\n<p><strong>Gioved\u00ec 11 ottobre<\/strong><\/p>\n<p>Ore 17.00 Benvenuto e visita al Museo Nicolis<br \/>\nOre 18.00 \u201cseratedesign\u201d<\/p>\n<p><strong>argomento: Design e movimento<\/strong><br \/>\n<strong> Le nuove direzioni della ricerca nell\u2019industrial design in relazione alla progettazione di oggetti quotidiani.<\/strong><\/p>\n<p>Ore 18.15 arch. Mario Mazzer<br \/>\nOre 19.00 arch. Renato Montagner<br \/>\nOre 19.45 Dibattito conclusivo e ringraziamenti<br \/>\nOre 20.15 Cocktail all\u2019aperto sulla terrazza del museo con degustazione di vini locali selezionati da O.N.A.V.<\/p>\n<p><strong>Venerd\u00ec 12 ottobre<\/strong><\/p>\n<p>Ore 18.00 \u201cseratedesign\u201d<br \/>\n<strong>argomento:\u00a0 Design e movimento<\/strong><br \/>\n<strong> Le nuove direzioni della ricerca nell\u2019industrial design in relazione alla progettazione di oggetti quotidiani.<\/strong><\/p>\n<p>Ore 18.15 arch. Gian Paolo Benedini<br \/>\nOre 19.00 arch. Paolo De Lucchi<br \/>\nOre 19.45 Dibattito conclusivo e ringraziamenti<br \/>\nOre 20.15 Cocktail all\u2019aperto sulla terrazza del museo con degustazione di vini locali selezionati da O.N.A.V.<\/p>\n<p><strong>Luned\u00ec 15 ottobre<\/strong><\/p>\n<p>Ore 18.00 \u201cseratedesign\u201d<br \/>\n<strong>argomento:\u00a0 Mercato globale, industria ed universit\u00e0<\/strong><br \/>\n<strong> La tendenza verso un mercato globale in rapporto alle diverse strategie aziendali ed al mondo universitario.<\/strong><\/p>\n<p>Ore 18.05 dott. Arnaboldi Direttore Commerciale driade<br \/>\nOre 18.25 dott. Frate Direttore Commerciale Fabbian<br \/>\nOre 18.50 arch. Veggetti Direttore Tecnico Commerciale CITTERIO<br \/>\nOre 19.15 arch. Sergio Polano Direttore Corso di laurea in disegno industriale all\u2019 Istituto Universitario Architettura di Venezia<br \/>\nOre 19.45 Dibattito<br \/>\nOre 20.15 Conclusione e ringraziamenti<br \/>\nOre 20.30 Cocktail<\/p>\n<p>&nbsp;<\/p>\n<p>&nbsp;<\/p>\n\r\n\r\n        <!-- see gallery_shortcode() in wp-includes\/media.php -->\r\n        <div id='gallery-1' class='lu-gallery gallery galleryid-36468'><dl class='gallery-item ' title='Museo Nicolis, Mostra auto&mobile a cura di 2+2' >\r\n            <dt class='gallery-icon '>\r\n               <a data-title=\"Museo Nicolis, Mostra auto&mobile a cura di 2+2\"  class=\"\"  href='https:\/\/www.museonicolis.com\/html\/uploads\/2017\/09\/automobile-6.jpg'><img loading=\"lazy\" decoding=\"async\" width=\"300\" height=\"200\" src=\"https:\/\/www.museonicolis.com\/html\/uploads\/2017\/09\/automobile-6-898x600.jpg\" class=\"attachment-medium size-medium\" alt=\"\" srcset=\"https:\/\/www.museonicolis.com\/html\/uploads\/2017\/09\/automobile-6-898x600.jpg 898w, https:\/\/www.museonicolis.com\/html\/uploads\/2017\/09\/automobile-6-768x513.jpg 768w, https:\/\/www.museonicolis.com\/html\/uploads\/2017\/09\/automobile-6.jpg 1755w\" sizes=\"auto, (max-width: 300px) 100vw, 300px\" \/><\/a>\r\n            <\/dt><\/dl><dl class='gallery-item ' title='Museo Nicolis, Mostra auto&mobile a cura di 2+2' >\r\n            <dt class='gallery-icon '>\r\n               <a data-title=\"Museo Nicolis, Mostra auto&mobile a cura di 2+2\"  class=\"\"  href='https:\/\/www.museonicolis.com\/html\/uploads\/2017\/09\/automobile-2-e1504803384549.jpg'><img loading=\"lazy\" decoding=\"async\" width=\"300\" height=\"203\" src=\"https:\/\/www.museonicolis.com\/html\/uploads\/2017\/09\/automobile-2-e1504803384549-888x600.jpg\" class=\"attachment-medium size-medium\" alt=\"\" srcset=\"https:\/\/www.museonicolis.com\/html\/uploads\/2017\/09\/automobile-2-e1504803384549-888x600.jpg 888w, https:\/\/www.museonicolis.com\/html\/uploads\/2017\/09\/automobile-2-e1504803384549-768x519.jpg 768w, https:\/\/www.museonicolis.com\/html\/uploads\/2017\/09\/automobile-2-e1504803384549.jpg 1690w\" sizes=\"auto, (max-width: 300px) 100vw, 300px\" \/><\/a>\r\n            <\/dt><\/dl><dl class='gallery-item ' title='Museo Nicolis, Mostra auto&mobile a cura di 2+2, Cadillac.' >\r\n            <dt class='gallery-icon '>\r\n               <a data-title=\"Museo Nicolis, Mostra auto&mobile a cura di 2+2, Cadillac.\"  class=\"\"  href='https:\/\/www.museonicolis.com\/html\/uploads\/2017\/09\/automobile-16.jpg'><img loading=\"lazy\" decoding=\"async\" width=\"300\" height=\"202\" src=\"https:\/\/www.museonicolis.com\/html\/uploads\/2017\/09\/automobile-16-893x600.jpg\" class=\"attachment-medium size-medium\" alt=\"\" srcset=\"https:\/\/www.museonicolis.com\/html\/uploads\/2017\/09\/automobile-16-893x600.jpg 893w, https:\/\/www.museonicolis.com\/html\/uploads\/2017\/09\/automobile-16-768x516.jpg 768w, https:\/\/www.museonicolis.com\/html\/uploads\/2017\/09\/automobile-16.jpg 1747w\" sizes=\"auto, (max-width: 300px) 100vw, 300px\" \/><\/a>\r\n            <\/dt><\/dl><dl class='gallery-item ' title='Museo Nicolis, Mostra auto&mobile a cura di 2+2' >\r\n            <dt class='gallery-icon '>\r\n               <a data-title=\"Museo Nicolis, Mostra auto&mobile a cura di 2+2\"  class=\"\"  href='https:\/\/www.museonicolis.com\/html\/uploads\/2017\/09\/automobile-5.jpg'><img loading=\"lazy\" decoding=\"async\" width=\"300\" height=\"153\" src=\"https:\/\/www.museonicolis.com\/html\/uploads\/2017\/09\/automobile-5-1170x598.jpg\" class=\"attachment-medium size-medium\" alt=\"\" srcset=\"https:\/\/www.museonicolis.com\/html\/uploads\/2017\/09\/automobile-5-1170x598.jpg 1170w, https:\/\/www.museonicolis.com\/html\/uploads\/2017\/09\/automobile-5-768x392.jpg 768w, https:\/\/www.museonicolis.com\/html\/uploads\/2017\/09\/automobile-5-1174x600.jpg 1174w, https:\/\/www.museonicolis.com\/html\/uploads\/2017\/09\/automobile-5.jpg 1773w\" sizes=\"auto, (max-width: 300px) 100vw, 300px\" \/><\/a>\r\n            <\/dt><\/dl><dl class='gallery-item ' title='Museo Nicolis, Mostra auto&mobile a cura di 2+2' >\r\n            <dt class='gallery-icon '>\r\n               <a data-title=\"Museo Nicolis, Mostra auto&mobile a cura di 2+2\"  class=\"\"  href='https:\/\/www.museonicolis.com\/html\/uploads\/2017\/09\/automobile-8.jpg'><img loading=\"lazy\" decoding=\"async\" width=\"300\" height=\"195\" src=\"https:\/\/www.museonicolis.com\/html\/uploads\/2017\/09\/automobile-8-923x600.jpg\" class=\"attachment-medium size-medium\" alt=\"\" srcset=\"https:\/\/www.museonicolis.com\/html\/uploads\/2017\/09\/automobile-8-923x600.jpg 923w, https:\/\/www.museonicolis.com\/html\/uploads\/2017\/09\/automobile-8-768x499.jpg 768w, https:\/\/www.museonicolis.com\/html\/uploads\/2017\/09\/automobile-8.jpg 1755w\" sizes=\"auto, (max-width: 300px) 100vw, 300px\" \/><\/a>\r\n            <\/dt><\/dl><dl class='gallery-item ' title='Museo Nicolis, Mostra auto&mobile a cura di 2+2' >\r\n            <dt class='gallery-icon '>\r\n               <a data-title=\"Museo Nicolis, Mostra auto&mobile a cura di 2+2\"  class=\"\"  href='https:\/\/www.museonicolis.com\/html\/uploads\/2017\/09\/automobile-13.jpg'><img loading=\"lazy\" decoding=\"async\" width=\"300\" height=\"200\" src=\"https:\/\/www.museonicolis.com\/html\/uploads\/2017\/09\/automobile-13-901x600.jpg\" class=\"attachment-medium size-medium\" alt=\"\" srcset=\"https:\/\/www.museonicolis.com\/html\/uploads\/2017\/09\/automobile-13-901x600.jpg 901w, https:\/\/www.museonicolis.com\/html\/uploads\/2017\/09\/automobile-13-768x511.jpg 768w, https:\/\/www.museonicolis.com\/html\/uploads\/2017\/09\/automobile-13.jpg 1763w\" sizes=\"auto, (max-width: 300px) 100vw, 300px\" \/><\/a>\r\n            <\/dt><\/dl><dl class='gallery-item ' title='Museo Nicolis, Mostra auto&mobile a cura di 2+2' >\r\n            <dt class='gallery-icon '>\r\n               <a data-title=\"Museo Nicolis, Mostra auto&mobile a cura di 2+2\"  class=\"\"  href='https:\/\/www.museonicolis.com\/html\/uploads\/2017\/09\/automobile-1.jpg'><img loading=\"lazy\" decoding=\"async\" width=\"300\" height=\"132\" src=\"https:\/\/www.museonicolis.com\/html\/uploads\/2017\/09\/automobile-1-1170x515.jpg\" class=\"attachment-medium size-medium\" alt=\"\" srcset=\"https:\/\/www.museonicolis.com\/html\/uploads\/2017\/09\/automobile-1-1170x515.jpg 1170w, https:\/\/www.museonicolis.com\/html\/uploads\/2017\/09\/automobile-1-768x338.jpg 768w, https:\/\/www.museonicolis.com\/html\/uploads\/2017\/09\/automobile-1-1364x600.jpg 1364w, https:\/\/www.museonicolis.com\/html\/uploads\/2017\/09\/automobile-1.jpg 1746w\" sizes=\"auto, (max-width: 300px) 100vw, 300px\" \/><\/a>\r\n            <\/dt><\/dl><dl class='gallery-item ' title='Museo Nicolis, Mostra auto&mobile a cura di 2+2' >\r\n            <dt class='gallery-icon '>\r\n               <a data-title=\"Museo Nicolis, Mostra auto&mobile a cura di 2+2\"  class=\"\"  href='https:\/\/www.museonicolis.com\/html\/uploads\/2017\/09\/automobile-9.jpg'><img loading=\"lazy\" decoding=\"async\" width=\"300\" height=\"196\" src=\"https:\/\/www.museonicolis.com\/html\/uploads\/2017\/09\/automobile-9-920x600.jpg\" class=\"attachment-medium size-medium\" alt=\"\" srcset=\"https:\/\/www.museonicolis.com\/html\/uploads\/2017\/09\/automobile-9-920x600.jpg 920w, https:\/\/www.museonicolis.com\/html\/uploads\/2017\/09\/automobile-9-768x501.jpg 768w, https:\/\/www.museonicolis.com\/html\/uploads\/2017\/09\/automobile-9.jpg 1763w\" sizes=\"auto, (max-width: 300px) 100vw, 300px\" \/><\/a>\r\n            <\/dt><\/dl><dl class='gallery-item ' title='Museo Nicolis, Mostra auto&mobile a cura di 2+2' >\r\n            <dt class='gallery-icon '>\r\n               <a data-title=\"Museo Nicolis, Mostra auto&mobile a cura di 2+2\"  class=\"\"  href='https:\/\/www.museonicolis.com\/html\/uploads\/2017\/09\/automobile-17.jpg'><img loading=\"lazy\" decoding=\"async\" width=\"300\" height=\"199\" src=\"https:\/\/www.museonicolis.com\/html\/uploads\/2017\/09\/automobile-17-905x600.jpg\" class=\"attachment-medium size-medium\" alt=\"\" srcset=\"https:\/\/www.museonicolis.com\/html\/uploads\/2017\/09\/automobile-17-905x600.jpg 905w, https:\/\/www.museonicolis.com\/html\/uploads\/2017\/09\/automobile-17-768x509.jpg 768w, https:\/\/www.museonicolis.com\/html\/uploads\/2017\/09\/automobile-17.jpg 1771w\" sizes=\"auto, (max-width: 300px) 100vw, 300px\" \/><\/a>\r\n            <\/dt><\/dl><dl class='gallery-item ' title='Museo Nicolis, Mostra auto&mobile a cura di 2+2' >\r\n            <dt class='gallery-icon '>\r\n               <a data-title=\"Museo Nicolis, Mostra auto&mobile a cura di 2+2\"  class=\"\"  href='https:\/\/www.museonicolis.com\/html\/uploads\/2017\/09\/automobile-7.jpg'><img loading=\"lazy\" decoding=\"async\" width=\"300\" height=\"199\" src=\"https:\/\/www.museonicolis.com\/html\/uploads\/2017\/09\/automobile-7-904x600.jpg\" class=\"attachment-medium size-medium\" alt=\"\" srcset=\"https:\/\/www.museonicolis.com\/html\/uploads\/2017\/09\/automobile-7-904x600.jpg 904w, https:\/\/www.museonicolis.com\/html\/uploads\/2017\/09\/automobile-7-768x510.jpg 768w, https:\/\/www.museonicolis.com\/html\/uploads\/2017\/09\/automobile-7.jpg 1755w\" sizes=\"auto, (max-width: 300px) 100vw, 300px\" \/><\/a>\r\n            <\/dt><\/dl><dl class='gallery-item ' title='Museo Nicolis, Mostra auto&mobile a cura di 2+2' >\r\n            <dt class='gallery-icon '>\r\n               <a data-title=\"Museo Nicolis, Mostra auto&mobile a cura di 2+2\"  class=\"\"  href='https:\/\/www.museonicolis.com\/html\/uploads\/2017\/09\/automobile-10.jpg'><img loading=\"lazy\" decoding=\"async\" width=\"300\" height=\"197\" src=\"https:\/\/www.museonicolis.com\/html\/uploads\/2017\/09\/automobile-10-913x600.jpg\" class=\"attachment-medium size-medium\" alt=\"\" srcset=\"https:\/\/www.museonicolis.com\/html\/uploads\/2017\/09\/automobile-10-913x600.jpg 913w, https:\/\/www.museonicolis.com\/html\/uploads\/2017\/09\/automobile-10-768x504.jpg 768w, https:\/\/www.museonicolis.com\/html\/uploads\/2017\/09\/automobile-10.jpg 1763w\" sizes=\"auto, (max-width: 300px) 100vw, 300px\" \/><\/a>\r\n            <\/dt><\/dl><dl class='gallery-item ' title='Museo Nicolis, Mostra auto&mobile a cura di 2+2' >\r\n            <dt class='gallery-icon '>\r\n               <a data-title=\"Museo Nicolis, Mostra auto&mobile a cura di 2+2\"  class=\"\"  href='https:\/\/www.museonicolis.com\/html\/uploads\/2017\/09\/automobile-11.jpg'><img loading=\"lazy\" decoding=\"async\" width=\"300\" height=\"199\" src=\"https:\/\/www.museonicolis.com\/html\/uploads\/2017\/09\/automobile-11-903x600.jpg\" class=\"attachment-medium size-medium\" alt=\"\" srcset=\"https:\/\/www.museonicolis.com\/html\/uploads\/2017\/09\/automobile-11-903x600.jpg 903w, https:\/\/www.museonicolis.com\/html\/uploads\/2017\/09\/automobile-11-768x510.jpg 768w, https:\/\/www.museonicolis.com\/html\/uploads\/2017\/09\/automobile-11.jpg 1755w\" sizes=\"auto, (max-width: 300px) 100vw, 300px\" \/><\/a>\r\n            <\/dt><\/dl><dl class='gallery-item lu-hide-image' title='Museo Nicolis, Mostra auto&mobile a cura di 2+2' >\r\n            <dt class='gallery-icon '>\r\n               <a data-title=\"Museo Nicolis, Mostra auto&mobile a cura di 2+2\"  class=\"\"  href='https:\/\/www.museonicolis.com\/html\/uploads\/2017\/09\/automobile-12.jpg'><img loading=\"lazy\" decoding=\"async\" width=\"193\" height=\"300\" src=\"https:\/\/www.museonicolis.com\/html\/uploads\/2017\/09\/automobile-12-386x600.jpg\" class=\"attachment-medium size-medium\" alt=\"\" srcset=\"https:\/\/www.museonicolis.com\/html\/uploads\/2017\/09\/automobile-12-386x600.jpg 386w, https:\/\/www.museonicolis.com\/html\/uploads\/2017\/09\/automobile-12-768x1193.jpg 768w, https:\/\/www.museonicolis.com\/html\/uploads\/2017\/09\/automobile-12.jpg 1147w\" sizes=\"auto, (max-width: 193px) 100vw, 193px\" \/><\/a>\r\n            <\/dt><\/dl><dl class='gallery-item lu-hide-image' title='Museo Nicolis, Mostra auto&mobile a cura di 2+2' >\r\n            <dt class='gallery-icon '>\r\n               <a data-title=\"Museo Nicolis, Mostra auto&mobile a cura di 2+2\"  class=\"\"  href='https:\/\/www.museonicolis.com\/html\/uploads\/2017\/09\/automobile-14.jpg'><img loading=\"lazy\" decoding=\"async\" width=\"300\" height=\"199\" src=\"https:\/\/www.museonicolis.com\/html\/uploads\/2017\/09\/automobile-14-904x600.jpg\" class=\"attachment-medium size-medium\" alt=\"\" srcset=\"https:\/\/www.museonicolis.com\/html\/uploads\/2017\/09\/automobile-14-904x600.jpg 904w, https:\/\/www.museonicolis.com\/html\/uploads\/2017\/09\/automobile-14-768x510.jpg 768w, https:\/\/www.museonicolis.com\/html\/uploads\/2017\/09\/automobile-14.jpg 1755w\" sizes=\"auto, (max-width: 300px) 100vw, 300px\" \/><\/a>\r\n            <\/dt><\/dl><dl class='gallery-item lu-hide-image' title='Museo Nicolis, Mostra auto&mobile a cura di 2+2' >\r\n            <dt class='gallery-icon '>\r\n               <a data-title=\"Museo Nicolis, Mostra auto&mobile a cura di 2+2\"  class=\"\"  href='https:\/\/www.museonicolis.com\/html\/uploads\/2017\/09\/automobile-15.jpg'><img loading=\"lazy\" decoding=\"async\" width=\"300\" height=\"200\" src=\"https:\/\/www.museonicolis.com\/html\/uploads\/2017\/09\/automobile-15-898x600.jpg\" class=\"attachment-medium size-medium\" alt=\"\" srcset=\"https:\/\/www.museonicolis.com\/html\/uploads\/2017\/09\/automobile-15-898x600.jpg 898w, https:\/\/www.museonicolis.com\/html\/uploads\/2017\/09\/automobile-15-768x513.jpg 768w, https:\/\/www.museonicolis.com\/html\/uploads\/2017\/09\/automobile-15.jpg 1755w\" sizes=\"auto, (max-width: 300px) 100vw, 300px\" \/><\/a>\r\n            <\/dt><\/dl>\r\n            <br style='clear: both;' \/>\r\n        <\/div>\n<div class=\"link-gallery\"><a href=\"?gallery=true\">Vedi tutte 15<\/a><\/div>\n","protected":false},"excerpt":{"rendered":"<p>At Museo Nicolis the thematic exhibition &#8220;Car&#038;Furniture&#8221; by 2+2.<\/p>\n","protected":false},"author":5,"featured_media":34669,"comment_status":"closed","ping_status":"closed","sticky":false,"template":"","format":"standard","meta":{"_acf_changed":false,"om_disable_all_campaigns":false,"footnotes":""},"categories":[182],"tags":[],"class_list":["post-36468","post","type-post","status-publish","format-standard","has-post-thumbnail","hentry","category-exhibition-en"],"acf":[],"yoast_head":"<!-- This site is optimized with the Yoast SEO plugin v22.0 - https:\/\/yoast.com\/wordpress\/plugins\/seo\/ -->\n<title>Exhibition &quot;Car&amp;Furniture&quot; - Museo Nicolis<\/title>\n<meta name=\"robots\" content=\"index, follow, max-snippet:-1, max-image-preview:large, max-video-preview:-1\" \/>\n<link rel=\"canonical\" href=\"https:\/\/www.museonicolis.com\/en\/mostra-auto-mobile\/\" \/>\n<meta property=\"og:locale\" content=\"en_US\" \/>\n<meta property=\"og:type\" content=\"article\" \/>\n<meta property=\"og:title\" content=\"Exhibition &quot;Car&amp;Furniture&quot; - Museo Nicolis\" \/>\n<meta property=\"og:description\" content=\"At Museo Nicolis the thematic exhibition &quot;Car&amp;Furniture&quot; by 2+2.\" \/>\n<meta property=\"og:url\" content=\"https:\/\/www.museonicolis.com\/en\/mostra-auto-mobile\/\" \/>\n<meta property=\"og:site_name\" content=\"Museo Nicolis\" \/>\n<meta property=\"article:published_time\" content=\"2001-10-05T16:33:10+00:00\" \/>\n<meta property=\"article:modified_time\" content=\"2017-10-14T14:06:34+00:00\" \/>\n<meta property=\"og:image\" content=\"https:\/\/www.museonicolis.com\/html\/uploads\/2017\/09\/automobile-2-e1504803384549.jpg\" \/>\n\t<meta property=\"og:image:width\" content=\"1690\" \/>\n\t<meta property=\"og:image:height\" content=\"1142\" \/>\n\t<meta property=\"og:image:type\" content=\"image\/jpeg\" \/>\n<meta name=\"author\" content=\"ceo@museonicolis.com\" \/>\n<meta name=\"twitter:card\" content=\"summary_large_image\" \/>\n<meta name=\"twitter:label1\" content=\"Written by\" \/>\n\t<meta name=\"twitter:data1\" content=\"ceo@museonicolis.com\" \/>\n\t<meta name=\"twitter:label2\" content=\"Est. reading time\" \/>\n\t<meta name=\"twitter:data2\" content=\"3 minutes\" \/>\n<script type=\"application\/ld+json\" class=\"yoast-schema-graph\">{\"@context\":\"https:\/\/schema.org\",\"@graph\":[{\"@type\":\"WebPage\",\"@id\":\"https:\/\/www.museonicolis.com\/en\/mostra-auto-mobile\/\",\"url\":\"https:\/\/www.museonicolis.com\/en\/mostra-auto-mobile\/\",\"name\":\"Exhibition \\\"Car&Furniture\\\" - Museo Nicolis\",\"isPartOf\":{\"@id\":\"https:\/\/www.museonicolis.com\/#website\"},\"datePublished\":\"2001-10-05T16:33:10+00:00\",\"dateModified\":\"2017-10-14T14:06:34+00:00\",\"author\":{\"@id\":\"https:\/\/www.museonicolis.com\/#\/schema\/person\/b90ca0d48dbdb91832246edf6371bc06\"},\"breadcrumb\":{\"@id\":\"https:\/\/www.museonicolis.com\/en\/mostra-auto-mobile\/#breadcrumb\"},\"inLanguage\":\"en-US\",\"potentialAction\":[{\"@type\":\"ReadAction\",\"target\":[\"https:\/\/www.museonicolis.com\/en\/mostra-auto-mobile\/\"]}]},{\"@type\":\"BreadcrumbList\",\"@id\":\"https:\/\/www.museonicolis.com\/en\/mostra-auto-mobile\/#breadcrumb\",\"itemListElement\":[{\"@type\":\"ListItem\",\"position\":1,\"name\":\"Home\",\"item\":\"https:\/\/www.museonicolis.com\/en\/\"},{\"@type\":\"ListItem\",\"position\":2,\"name\":\"Exhibition &#8220;Car&#038;Furniture&#8221;\"}]},{\"@type\":\"WebSite\",\"@id\":\"https:\/\/www.museonicolis.com\/#website\",\"url\":\"https:\/\/www.museonicolis.com\/\",\"name\":\"Museo Nicolis\",\"description\":\"Hundreds of cars, motorcycles and bicycles\",\"potentialAction\":[{\"@type\":\"SearchAction\",\"target\":{\"@type\":\"EntryPoint\",\"urlTemplate\":\"https:\/\/www.museonicolis.com\/?s={search_term_string}\"},\"query-input\":\"required name=search_term_string\"}],\"inLanguage\":\"en-US\"},{\"@type\":\"Person\",\"@id\":\"https:\/\/www.museonicolis.com\/#\/schema\/person\/b90ca0d48dbdb91832246edf6371bc06\",\"name\":\"ceo@museonicolis.com\",\"image\":{\"@type\":\"ImageObject\",\"inLanguage\":\"en-US\",\"@id\":\"https:\/\/www.museonicolis.com\/#\/schema\/person\/image\/\",\"url\":\"https:\/\/secure.gravatar.com\/avatar\/83f4db6c05ed5ce10bbce7bb64d6ec5043a17c1d3fe15d86cac53e8875870323?s=96&d=mm&r=g\",\"contentUrl\":\"https:\/\/secure.gravatar.com\/avatar\/83f4db6c05ed5ce10bbce7bb64d6ec5043a17c1d3fe15d86cac53e8875870323?s=96&d=mm&r=g\",\"caption\":\"ceo@museonicolis.com\"},\"url\":\"https:\/\/www.museonicolis.com\/en\/author\/ceomuseonicolis-com\/\"}]}<\/script>\n<!-- \/ Yoast SEO plugin. -->","yoast_head_json":{"title":"Exhibition \"Car&Furniture\" - Museo Nicolis","robots":{"index":"index","follow":"follow","max-snippet":"max-snippet:-1","max-image-preview":"max-image-preview:large","max-video-preview":"max-video-preview:-1"},"canonical":"https:\/\/www.museonicolis.com\/en\/mostra-auto-mobile\/","og_locale":"en_US","og_type":"article","og_title":"Exhibition \"Car&Furniture\" - Museo Nicolis","og_description":"At Museo Nicolis the thematic exhibition \"Car&Furniture\" by 2+2.","og_url":"https:\/\/www.museonicolis.com\/en\/mostra-auto-mobile\/","og_site_name":"Museo Nicolis","article_published_time":"2001-10-05T16:33:10+00:00","article_modified_time":"2017-10-14T14:06:34+00:00","og_image":[{"width":1690,"height":1142,"url":"https:\/\/www.museonicolis.com\/html\/uploads\/2017\/09\/automobile-2-e1504803384549.jpg","type":"image\/jpeg"}],"author":"ceo@museonicolis.com","twitter_card":"summary_large_image","twitter_misc":{"Written by":"ceo@museonicolis.com","Est. reading time":"3 minutes"},"schema":{"@context":"https:\/\/schema.org","@graph":[{"@type":"WebPage","@id":"https:\/\/www.museonicolis.com\/en\/mostra-auto-mobile\/","url":"https:\/\/www.museonicolis.com\/en\/mostra-auto-mobile\/","name":"Exhibition \"Car&Furniture\" - Museo Nicolis","isPartOf":{"@id":"https:\/\/www.museonicolis.com\/#website"},"datePublished":"2001-10-05T16:33:10+00:00","dateModified":"2017-10-14T14:06:34+00:00","author":{"@id":"https:\/\/www.museonicolis.com\/#\/schema\/person\/b90ca0d48dbdb91832246edf6371bc06"},"breadcrumb":{"@id":"https:\/\/www.museonicolis.com\/en\/mostra-auto-mobile\/#breadcrumb"},"inLanguage":"en-US","potentialAction":[{"@type":"ReadAction","target":["https:\/\/www.museonicolis.com\/en\/mostra-auto-mobile\/"]}]},{"@type":"BreadcrumbList","@id":"https:\/\/www.museonicolis.com\/en\/mostra-auto-mobile\/#breadcrumb","itemListElement":[{"@type":"ListItem","position":1,"name":"Home","item":"https:\/\/www.museonicolis.com\/en\/"},{"@type":"ListItem","position":2,"name":"Exhibition &#8220;Car&#038;Furniture&#8221;"}]},{"@type":"WebSite","@id":"https:\/\/www.museonicolis.com\/#website","url":"https:\/\/www.museonicolis.com\/","name":"Museo Nicolis","description":"Hundreds of cars, motorcycles and bicycles","potentialAction":[{"@type":"SearchAction","target":{"@type":"EntryPoint","urlTemplate":"https:\/\/www.museonicolis.com\/?s={search_term_string}"},"query-input":"required name=search_term_string"}],"inLanguage":"en-US"},{"@type":"Person","@id":"https:\/\/www.museonicolis.com\/#\/schema\/person\/b90ca0d48dbdb91832246edf6371bc06","name":"ceo@museonicolis.com","image":{"@type":"ImageObject","inLanguage":"en-US","@id":"https:\/\/www.museonicolis.com\/#\/schema\/person\/image\/","url":"https:\/\/secure.gravatar.com\/avatar\/83f4db6c05ed5ce10bbce7bb64d6ec5043a17c1d3fe15d86cac53e8875870323?s=96&d=mm&r=g","contentUrl":"https:\/\/secure.gravatar.com\/avatar\/83f4db6c05ed5ce10bbce7bb64d6ec5043a17c1d3fe15d86cac53e8875870323?s=96&d=mm&r=g","caption":"ceo@museonicolis.com"},"url":"https:\/\/www.museonicolis.com\/en\/author\/ceomuseonicolis-com\/"}]}},"_links":{"self":[{"href":"https:\/\/www.museonicolis.com\/en\/wp-json\/wp\/v2\/posts\/36468","targetHints":{"allow":["GET"]}}],"collection":[{"href":"https:\/\/www.museonicolis.com\/en\/wp-json\/wp\/v2\/posts"}],"about":[{"href":"https:\/\/www.museonicolis.com\/en\/wp-json\/wp\/v2\/types\/post"}],"author":[{"embeddable":true,"href":"https:\/\/www.museonicolis.com\/en\/wp-json\/wp\/v2\/users\/5"}],"replies":[{"embeddable":true,"href":"https:\/\/www.museonicolis.com\/en\/wp-json\/wp\/v2\/comments?post=36468"}],"version-history":[{"count":0,"href":"https:\/\/www.museonicolis.com\/en\/wp-json\/wp\/v2\/posts\/36468\/revisions"}],"wp:featuredmedia":[{"embeddable":true,"href":"https:\/\/www.museonicolis.com\/en\/wp-json\/wp\/v2\/media\/34669"}],"wp:attachment":[{"href":"https:\/\/www.museonicolis.com\/en\/wp-json\/wp\/v2\/media?parent=36468"}],"wp:term":[{"taxonomy":"category","embeddable":true,"href":"https:\/\/www.museonicolis.com\/en\/wp-json\/wp\/v2\/categories?post=36468"},{"taxonomy":"post_tag","embeddable":true,"href":"https:\/\/www.museonicolis.com\/en\/wp-json\/wp\/v2\/tags?post=36468"}],"curies":[{"name":"wp","href":"https:\/\/api.w.org\/{rel}","templated":true}]}}