{"id":31601,"date":"2016-09-14T17:53:51","date_gmt":"2016-09-14T15:53:51","guid":{"rendered":"http:\/\/www.museonicolis.com\/en\/asi-50-anniversario-bardolino-italia\/"},"modified":"2025-03-11T17:05:00","modified_gmt":"2025-03-11T16:05:00","slug":"asi-50-anniversario-bardolino-italia","status":"publish","type":"post","link":"https:\/\/www.museonicolis.com\/en\/asi-50-anniversario-bardolino-italia\/","title":{"rendered":"50\u00b0 anniversario ASI, Bardolino, Italia"},"content":{"rendered":"<h2 style=\"text-align: left;\"><strong>50\u00b0 anniversario ASI<\/strong><\/h2>\n<p>Era il <strong>25 settembre del 1966<\/strong> quando a <strong>Bardolino<\/strong>, in provincia di Verona, dalla fusione del <strong>Veteran Car Club d\u2019Italia<\/strong>, con sede in Torino, e la <strong>FIAME<\/strong>, con sede in Milano, nacque l\u2019<strong>Asi \u2013 Automotoclub Storico Italiano.<\/strong><\/p>\n<p>Oggi Asi, che ha sede in Villa Rey a Torino, pu\u00f2 contare su 270 club federati e 45 aderenti. <strong>Oltre 140mila<\/strong> sono gli iscritti. In cinquant\u2019anni di vita, Asi si \u00e8 occupata e si occupa di tutto il motorismo storico, dalle automobili alle moto, dai veicoli utilitari ai lampeggianti blu, dai trattori ai motoscafi, ai go kart, alle navi e agli aerei. L\u2019Automotoclub Storico Italiano \u00e8 impegnato nella tutela e nella valorizzazione del patrimonio storico motoristico, organizza eventi, manifestazioni e convegni.<\/p>\n<p>Corposo e variegato il programma delle Celebrazioni per il 50\u00b0.<\/p>\n<p>Si inizier\u00e0 a Bardolino mercoled\u00ec 14 settembre. Complessivamente nella localit\u00e0 che ha dato i natali all\u2019Asi \u00a0si potranno ammirare oltre 180 tra auto e moto storiche, molte delle quali provenienti dai <strong>musei Nicolis, Bonfanti e San Martino in Rio<\/strong>. Dopo il saluto delle Autorit\u00e0 in mattinata\u00a0 ci sar\u00e0 la scopertura di una <strong>Targa Commemorativa<\/strong> a ricordo della fondazione dell\u2019Ente. Quindi presso la Loggia Rambaldi una serie di testimonianze ricorderanno il giorno della fondazione; \u00a0a seguire, sempre alla Loggia Rambaldi, si svolgeranno le premiazioni e il pranzo caratterizzato dal Men\u00f9 del 50\u00b0, uguale a quello dispensato durante lo storico incontro.\u00a0 Nel pomeriggio poi i veicoli saranno impegnati in una coreografica passerella. Il giorno successivo l\u2019attenzione si sposter\u00e0 a Torino dove \u00e8 in programma presso il Museo dell\u2019Automobile, in collaborazione con FIVA, il Simposio Internazionale dedicato all\u2019importanza del veicolo storico. L\u2019automobile sar\u00e0 analizzata come un vero e proprio crocevia culturale, dove si intersecano aspetti artistici, sociali, storici, economici e tecnologici. Il forum che ha ottenuto l\u2019alto patronato UNESCO potr\u00e0 contare anche su una folta schiera di personalit\u00e0 pubbliche, dalle autorit\u00e0 cittadine ai rappresentanti della Federazione Internazionale, il Presidente Patrick Rollet e il Vice Presidente Mario Theissen. Oltre agli interventi previsti, il simposio sar\u00e0 ulteriormente impreziosito dalla presentazione, in anteprima mondiale, del libro \u201cMarcello Gandini: Maestro of Design\u201d, scritto dall\u2019indiano Gautam Sen. Venerd\u00ec arriveranno a Torino tutti i mezzi partecipanti all\u2019evento: 120 auto storiche, 50 moto storiche, 30 veicoli utilitari, 30 mezzi militari e 6 lampeggianti blu.<\/p>\n<p>Sabato mattina con inizio alle ore\u00a0 9 le auto storiche\u00a0 saranno impegnate sulla Pista sopraelevata del Lingotto per poi trasferirsi\u00a0 alle 11.30 in Piazza Cavour\u00a0 per un momento espositivo. Gli equipaggi invece si trasferiranno al Museo dell\u2019Automobile. Le moto storiche e i veicoli militari invece, sempre con partenza alle 9, ripercorreranno la Sassi-Superga, quindi faranno visita alle Tombe Reali della Basilica. Dopo pranzo moto e veicoli militare scenderanno in Lungo Po Diaz per un altro momento espositivo mentre i partecipanti faranno visita all\u2019Armeria Reale di Piazza Castello. I veicoli utilitari con partenza pure loro alle 9 faranno un tour per le strade della citt\u00e0 per poi trasferirsi in tarda mattinata\u00a0 in Lungo Po Diaz. In serata tutti i partecipanti si sposteranno alla Reggia di Venaria per la cena di gala ospitata nell\u2019elegante ed esclusiva Galleria Diana. Domenica mattina tutti i veicoli storici si dirigeranno alla Reggia di Venaria per l\u2019esposizione presso i Giardini Reali. Inoltre sempre alla Reggia, in collaborazione con Poste Italiane \u00a0ci sar\u00e0 la possibilit\u00e0 di un annullo filatelico impreziosito da un folder\u00a0 dedicato al 50\u00b0.<\/p>\n<p>A seguire la cerimonia di premiazione e i saluti ufficiali. Il pranzo presso i Giardini Reali concluder\u00e0 la cerimonia.<\/p>\n<p>I festeggiamenti del 50\u00b0 anniversario di ASI godono del <strong>Patrocinio del Ministero dei beni e delle attivit\u00e0 culturali e del turismo,<\/strong> d<strong>ella Regione Veneto, della Regione Piemonte, del Comune di Verona, del Comune di Torino e del Comune di Bardolino.<\/strong><\/p>\n<p><a href=\"https:\/\/www.museonicolis.com\/en\/lancia-1911-beta-20-hp-2-2\/\" target=\"_blank\" rel=\"noopener\"><strong>S.G.V. \u201cModel B\u00a0<\/strong><strong>Runabout<\/strong><\/a><strong>\u201d del 1911<\/strong><\/p>\n<p><a href=\"http:\/\/www.veronasera.it\/eventi\/automotoclub-storico-italiano-festeggiamenti-14-settembre-2016-.html\"><strong>Verona Sera<\/strong><\/a><\/p>\n\r\n\r\n        <!-- see gallery_shortcode() in wp-includes\/media.php -->\r\n        <div id='gallery-1' class='lu-gallery gallery galleryid-31601'><dl class='gallery-item ' title='ASI Bardolino 50 anni, Lancia Beta SGV, ph. Museo Nicolis' >\r\n            <dt class='gallery-icon '>\r\n               <a data-title=\"ASI Bardolino 50 anni, Lancia Beta SGV, ph. Museo Nicolis\"  class=\"\"  href='https:\/\/www.museonicolis.com\/html\/uploads\/2016\/10\/IMG_5874.jpg'><img loading=\"lazy\" decoding=\"async\" width=\"300\" height=\"168\" src=\"https:\/\/www.museonicolis.com\/html\/uploads\/2016\/10\/IMG_5874.jpg\" class=\"attachment-medium size-medium\" alt=\"\" srcset=\"https:\/\/www.museonicolis.com\/html\/uploads\/2016\/10\/IMG_5874.jpg 960w, https:\/\/www.museonicolis.com\/html\/uploads\/2016\/10\/IMG_5874-768x431.jpg 768w\" sizes=\"auto, (max-width: 300px) 100vw, 300px\" \/><\/a>\r\n            <\/dt><\/dl><dl class='gallery-item ' title='ASI Bardolino 50 anni, Lancia Beta SGV, ph. Museo Nicolis' >\r\n            <dt class='gallery-icon '>\r\n               <a data-title=\"ASI Bardolino 50 anni, Lancia Beta SGV, ph. Museo Nicolis\"  class=\"\"  href='https:\/\/www.museonicolis.com\/html\/uploads\/2016\/10\/IMG_5873.jpg'><img loading=\"lazy\" decoding=\"async\" width=\"300\" height=\"168\" src=\"https:\/\/www.museonicolis.com\/html\/uploads\/2016\/10\/IMG_5873.jpg\" class=\"attachment-medium size-medium\" alt=\"\" srcset=\"https:\/\/www.museonicolis.com\/html\/uploads\/2016\/10\/IMG_5873.jpg 960w, https:\/\/www.museonicolis.com\/html\/uploads\/2016\/10\/IMG_5873-768x431.jpg 768w\" sizes=\"auto, (max-width: 300px) 100vw, 300px\" \/><\/a>\r\n            <\/dt><\/dl><dl class='gallery-item ' title='ASI Bardolino 50 anni, Lancia Beta SGV, ph. Museo Nicolis' >\r\n            <dt class='gallery-icon '>\r\n               <a data-title=\"ASI Bardolino 50 anni, Lancia Beta SGV, ph. Museo Nicolis\"  class=\"\"  href='https:\/\/www.museonicolis.com\/html\/uploads\/2016\/10\/IMG_9220.jpg'><img loading=\"lazy\" decoding=\"async\" width=\"300\" height=\"300\" src=\"https:\/\/www.museonicolis.com\/html\/uploads\/2016\/10\/IMG_9220-600x600.jpg\" class=\"attachment-medium size-medium\" alt=\"\" srcset=\"https:\/\/www.museonicolis.com\/html\/uploads\/2016\/10\/IMG_9220-600x600.jpg 600w, https:\/\/www.museonicolis.com\/html\/uploads\/2016\/10\/IMG_9220-768x768.jpg 768w, https:\/\/www.museonicolis.com\/html\/uploads\/2016\/10\/IMG_9220.jpg 1600w\" sizes=\"auto, (max-width: 300px) 100vw, 300px\" \/><\/a>\r\n            <\/dt><\/dl><dl class='gallery-item ' title='ASI Bardolino 50 anni, Lancia Beta SGV, ph. Museo Nicolis' >\r\n            <dt class='gallery-icon '>\r\n               <a data-title=\"ASI Bardolino 50 anni, Lancia Beta SGV, ph. Museo Nicolis\"  class=\"\"  href='https:\/\/www.museonicolis.com\/html\/uploads\/2016\/10\/IMG_9217.jpg'><img loading=\"lazy\" decoding=\"async\" width=\"300\" height=\"300\" src=\"https:\/\/www.museonicolis.com\/html\/uploads\/2016\/10\/IMG_9217-600x600.jpg\" class=\"attachment-medium size-medium\" alt=\"\" srcset=\"https:\/\/www.museonicolis.com\/html\/uploads\/2016\/10\/IMG_9217-600x600.jpg 600w, https:\/\/www.museonicolis.com\/html\/uploads\/2016\/10\/IMG_9217-768x768.jpg 768w, https:\/\/www.museonicolis.com\/html\/uploads\/2016\/10\/IMG_9217.jpg 1600w\" sizes=\"auto, (max-width: 300px) 100vw, 300px\" \/><\/a>\r\n            <\/dt><\/dl><dl class='gallery-item ' title='ASI Bardolino 50 anni, Lancia Beta SGV, ph. Museo Nicolis' >\r\n            <dt class='gallery-icon '>\r\n               <a data-title=\"ASI Bardolino 50 anni, Lancia Beta SGV, ph. Museo Nicolis\"  class=\"\"  href='https:\/\/www.museonicolis.com\/html\/uploads\/2016\/10\/IMG_5875.jpg'><img loading=\"lazy\" decoding=\"async\" width=\"300\" height=\"200\" src=\"https:\/\/www.museonicolis.com\/html\/uploads\/2016\/10\/IMG_5875.jpg\" class=\"attachment-medium size-medium\" alt=\"\" srcset=\"https:\/\/www.museonicolis.com\/html\/uploads\/2016\/10\/IMG_5875.jpg 808w, https:\/\/www.museonicolis.com\/html\/uploads\/2016\/10\/IMG_5875-768x512.jpg 768w\" sizes=\"auto, (max-width: 300px) 100vw, 300px\" \/><\/a>\r\n            <\/dt><\/dl>\r\n            <br style='clear: both;' \/>\r\n        <\/div>\n\n","protected":false},"excerpt":{"rendered":"<p>Buon Compleanno ASI!<\/p>\n","protected":false},"author":4,"featured_media":140904,"comment_status":"closed","ping_status":"closed","sticky":false,"template":"","format":"standard","meta":{"_acf_changed":false,"om_disable_all_campaigns":false,"footnotes":""},"categories":[131],"tags":[],"class_list":["post-31601","post","type-post","status-publish","format-standard","has-post-thumbnail","hentry","category-competitions-and-gatherings"],"acf":[],"yoast_head":"<!-- This site is optimized with the Yoast SEO plugin v22.0 - https:\/\/yoast.com\/wordpress\/plugins\/seo\/ -->\n<title>50\u00b0 anniversario ASI, Bardolino, Italia - Museo Nicolis<\/title>\n<meta name=\"robots\" content=\"index, follow, max-snippet:-1, max-image-preview:large, max-video-preview:-1\" \/>\n<link rel=\"canonical\" href=\"https:\/\/www.museonicolis.com\/en\/asi-50-anniversario-bardolino-italia\/\" \/>\n<meta property=\"og:locale\" content=\"en_US\" \/>\n<meta property=\"og:type\" content=\"article\" \/>\n<meta property=\"og:title\" content=\"50\u00b0 anniversario ASI, Bardolino, Italia - Museo Nicolis\" \/>\n<meta property=\"og:description\" content=\"Buon Compleanno ASI!\" \/>\n<meta property=\"og:url\" content=\"https:\/\/www.museonicolis.com\/en\/asi-50-anniversario-bardolino-italia\/\" \/>\n<meta property=\"og:site_name\" content=\"Museo Nicolis\" \/>\n<meta property=\"article:published_time\" content=\"2016-09-14T15:53:51+00:00\" \/>\n<meta property=\"article:modified_time\" content=\"2025-03-11T16:05:00+00:00\" \/>\n<meta property=\"og:image\" content=\"http:\/\/www.museonicolis.com\/html\/uploads\/2016\/09\/bardolino_ASI_2016_09.jpg\" \/>\n\t<meta property=\"og:image:width\" content=\"900\" \/>\n\t<meta property=\"og:image:height\" content=\"540\" \/>\n\t<meta property=\"og:image:type\" content=\"image\/jpeg\" \/>\n<meta name=\"author\" content=\"meeting@museonicolis.com\" \/>\n<meta name=\"twitter:card\" content=\"summary_large_image\" \/>\n<meta name=\"twitter:label1\" content=\"Written by\" \/>\n\t<meta name=\"twitter:data1\" content=\"meeting@museonicolis.com\" \/>\n\t<meta name=\"twitter:label2\" content=\"Est. reading time\" \/>\n\t<meta name=\"twitter:data2\" content=\"3 minutes\" \/>\n<script type=\"application\/ld+json\" class=\"yoast-schema-graph\">{\"@context\":\"https:\/\/schema.org\",\"@graph\":[{\"@type\":\"WebPage\",\"@id\":\"https:\/\/www.museonicolis.com\/en\/asi-50-anniversario-bardolino-italia\/\",\"url\":\"https:\/\/www.museonicolis.com\/en\/asi-50-anniversario-bardolino-italia\/\",\"name\":\"50\u00b0 anniversario ASI, Bardolino, Italia - Museo Nicolis\",\"isPartOf\":{\"@id\":\"https:\/\/www.museonicolis.com\/#website\"},\"datePublished\":\"2016-09-14T15:53:51+00:00\",\"dateModified\":\"2025-03-11T16:05:00+00:00\",\"author\":{\"@id\":\"https:\/\/www.museonicolis.com\/#\/schema\/person\/2a5babb253c2acd95a2e1cb4a053ddd3\"},\"breadcrumb\":{\"@id\":\"https:\/\/www.museonicolis.com\/en\/asi-50-anniversario-bardolino-italia\/#breadcrumb\"},\"inLanguage\":\"en-US\",\"potentialAction\":[{\"@type\":\"ReadAction\",\"target\":[\"https:\/\/www.museonicolis.com\/en\/asi-50-anniversario-bardolino-italia\/\"]}]},{\"@type\":\"BreadcrumbList\",\"@id\":\"https:\/\/www.museonicolis.com\/en\/asi-50-anniversario-bardolino-italia\/#breadcrumb\",\"itemListElement\":[{\"@type\":\"ListItem\",\"position\":1,\"name\":\"Home\",\"item\":\"https:\/\/www.museonicolis.com\/en\/\"},{\"@type\":\"ListItem\",\"position\":2,\"name\":\"50\u00b0 anniversario ASI, Bardolino, Italia\"}]},{\"@type\":\"WebSite\",\"@id\":\"https:\/\/www.museonicolis.com\/#website\",\"url\":\"https:\/\/www.museonicolis.com\/\",\"name\":\"Museo Nicolis\",\"description\":\"Hundreds of cars, motorcycles and bicycles\",\"potentialAction\":[{\"@type\":\"SearchAction\",\"target\":{\"@type\":\"EntryPoint\",\"urlTemplate\":\"https:\/\/www.museonicolis.com\/?s={search_term_string}\"},\"query-input\":\"required name=search_term_string\"}],\"inLanguage\":\"en-US\"},{\"@type\":\"Person\",\"@id\":\"https:\/\/www.museonicolis.com\/#\/schema\/person\/2a5babb253c2acd95a2e1cb4a053ddd3\",\"name\":\"meeting@museonicolis.com\",\"image\":{\"@type\":\"ImageObject\",\"inLanguage\":\"en-US\",\"@id\":\"https:\/\/www.museonicolis.com\/#\/schema\/person\/image\/\",\"url\":\"https:\/\/secure.gravatar.com\/avatar\/13f9740d129fd04958facdd0913eae65c45de377e4c521adf512ab5e7c5d11c3?s=96&d=mm&r=g\",\"contentUrl\":\"https:\/\/secure.gravatar.com\/avatar\/13f9740d129fd04958facdd0913eae65c45de377e4c521adf512ab5e7c5d11c3?s=96&d=mm&r=g\",\"caption\":\"meeting@museonicolis.com\"},\"url\":\"https:\/\/www.museonicolis.com\/en\/author\/meetingmuseonicolis-com\/\"}]}<\/script>\n<!-- \/ Yoast SEO plugin. -->","yoast_head_json":{"title":"50\u00b0 anniversario ASI, Bardolino, Italia - Museo Nicolis","robots":{"index":"index","follow":"follow","max-snippet":"max-snippet:-1","max-image-preview":"max-image-preview:large","max-video-preview":"max-video-preview:-1"},"canonical":"https:\/\/www.museonicolis.com\/en\/asi-50-anniversario-bardolino-italia\/","og_locale":"en_US","og_type":"article","og_title":"50\u00b0 anniversario ASI, Bardolino, Italia - Museo Nicolis","og_description":"Buon Compleanno ASI!","og_url":"https:\/\/www.museonicolis.com\/en\/asi-50-anniversario-bardolino-italia\/","og_site_name":"Museo Nicolis","article_published_time":"2016-09-14T15:53:51+00:00","article_modified_time":"2025-03-11T16:05:00+00:00","og_image":[{"width":900,"height":540,"url":"http:\/\/www.museonicolis.com\/html\/uploads\/2016\/09\/bardolino_ASI_2016_09.jpg","type":"image\/jpeg"}],"author":"meeting@museonicolis.com","twitter_card":"summary_large_image","twitter_misc":{"Written by":"meeting@museonicolis.com","Est. reading time":"3 minutes"},"schema":{"@context":"https:\/\/schema.org","@graph":[{"@type":"WebPage","@id":"https:\/\/www.museonicolis.com\/en\/asi-50-anniversario-bardolino-italia\/","url":"https:\/\/www.museonicolis.com\/en\/asi-50-anniversario-bardolino-italia\/","name":"50\u00b0 anniversario ASI, Bardolino, Italia - Museo Nicolis","isPartOf":{"@id":"https:\/\/www.museonicolis.com\/#website"},"datePublished":"2016-09-14T15:53:51+00:00","dateModified":"2025-03-11T16:05:00+00:00","author":{"@id":"https:\/\/www.museonicolis.com\/#\/schema\/person\/2a5babb253c2acd95a2e1cb4a053ddd3"},"breadcrumb":{"@id":"https:\/\/www.museonicolis.com\/en\/asi-50-anniversario-bardolino-italia\/#breadcrumb"},"inLanguage":"en-US","potentialAction":[{"@type":"ReadAction","target":["https:\/\/www.museonicolis.com\/en\/asi-50-anniversario-bardolino-italia\/"]}]},{"@type":"BreadcrumbList","@id":"https:\/\/www.museonicolis.com\/en\/asi-50-anniversario-bardolino-italia\/#breadcrumb","itemListElement":[{"@type":"ListItem","position":1,"name":"Home","item":"https:\/\/www.museonicolis.com\/en\/"},{"@type":"ListItem","position":2,"name":"50\u00b0 anniversario ASI, Bardolino, Italia"}]},{"@type":"WebSite","@id":"https:\/\/www.museonicolis.com\/#website","url":"https:\/\/www.museonicolis.com\/","name":"Museo Nicolis","description":"Hundreds of cars, motorcycles and bicycles","potentialAction":[{"@type":"SearchAction","target":{"@type":"EntryPoint","urlTemplate":"https:\/\/www.museonicolis.com\/?s={search_term_string}"},"query-input":"required name=search_term_string"}],"inLanguage":"en-US"},{"@type":"Person","@id":"https:\/\/www.museonicolis.com\/#\/schema\/person\/2a5babb253c2acd95a2e1cb4a053ddd3","name":"meeting@museonicolis.com","image":{"@type":"ImageObject","inLanguage":"en-US","@id":"https:\/\/www.museonicolis.com\/#\/schema\/person\/image\/","url":"https:\/\/secure.gravatar.com\/avatar\/13f9740d129fd04958facdd0913eae65c45de377e4c521adf512ab5e7c5d11c3?s=96&d=mm&r=g","contentUrl":"https:\/\/secure.gravatar.com\/avatar\/13f9740d129fd04958facdd0913eae65c45de377e4c521adf512ab5e7c5d11c3?s=96&d=mm&r=g","caption":"meeting@museonicolis.com"},"url":"https:\/\/www.museonicolis.com\/en\/author\/meetingmuseonicolis-com\/"}]}},"_links":{"self":[{"href":"https:\/\/www.museonicolis.com\/en\/wp-json\/wp\/v2\/posts\/31601","targetHints":{"allow":["GET"]}}],"collection":[{"href":"https:\/\/www.museonicolis.com\/en\/wp-json\/wp\/v2\/posts"}],"about":[{"href":"https:\/\/www.museonicolis.com\/en\/wp-json\/wp\/v2\/types\/post"}],"author":[{"embeddable":true,"href":"https:\/\/www.museonicolis.com\/en\/wp-json\/wp\/v2\/users\/4"}],"replies":[{"embeddable":true,"href":"https:\/\/www.museonicolis.com\/en\/wp-json\/wp\/v2\/comments?post=31601"}],"version-history":[{"count":2,"href":"https:\/\/www.museonicolis.com\/en\/wp-json\/wp\/v2\/posts\/31601\/revisions"}],"predecessor-version":[{"id":219383,"href":"https:\/\/www.museonicolis.com\/en\/wp-json\/wp\/v2\/posts\/31601\/revisions\/219383"}],"wp:featuredmedia":[{"embeddable":true,"href":"https:\/\/www.museonicolis.com\/en\/wp-json\/wp\/v2\/media\/140904"}],"wp:attachment":[{"href":"https:\/\/www.museonicolis.com\/en\/wp-json\/wp\/v2\/media?parent=31601"}],"wp:term":[{"taxonomy":"category","embeddable":true,"href":"https:\/\/www.museonicolis.com\/en\/wp-json\/wp\/v2\/categories?post=31601"},{"taxonomy":"post_tag","embeddable":true,"href":"https:\/\/www.museonicolis.com\/en\/wp-json\/wp\/v2\/tags?post=31601"}],"curies":[{"name":"wp","href":"https:\/\/api.w.org\/{rel}","templated":true}]}}