{"id":27345,"date":"2017-04-05T16:13:04","date_gmt":"2017-04-05T14:13:04","guid":{"rendered":"http:\/\/www.museonicolis.com\/en\/dubbio-3\/"},"modified":"2017-04-21T12:54:42","modified_gmt":"2017-04-21T10:54:42","slug":"dubbio-2-2","status":"publish","type":"post","link":"https:\/\/www.museonicolis.com\/en\/dubbio-2-2\/","title":{"rendered":"Museo Nicolis &#8211; It&#8217;s time for dancing!"},"content":{"rendered":"<table>\n<tbody>\n<tr>\n<td>Verona &#8211;\u00a0 La celebre <a href=\"http:\/\/www.museonicolis.com\/lancia-flaminia-3c-2-8-convertibile\/\">Lancia Flaminia spider \u201c3C 2.8 Touring\u201d<\/a> del 1960, protagonista nel nuovissimo video di\u00a0<strong>Giusy Ferreri<\/strong>\u00a0\u201c<a href=\"http:\/\/www.museonicolis.com\/category\/museonicolistv\/\">Partiti adesso<\/a>\u201d, pubblicato il 31 marzo e che gi\u00e0 promette di diventare il nuovo tormentone estivo,<strong>\u00a0<\/strong>in cui l\u2019artista racconta le sue emozioni viaggiando sulla raffinata automobile sportiva.<\/p>\n<p>La <a href=\"http:\/\/www.museonicolis.com\/rolls-royce-1971-corniche\/\">Rolls-Royce \u201cCorniche\u201d<\/a> cabriolet del 1971\u00a0nel video \u201c<a href=\"http:\/\/www.museonicolis.com\/category\/museonicolistv\/\">Planes<\/a>\u201d, girato al <strong>Movieland Park<\/strong>, per l\u2019americano\u00a0<strong>Sergio Sylvestre<\/strong>, il \u201cgigante buono\u201d vincitore del programma televisivo \u201cAmici 15\u201d che ha esordito nel modo discografico con il disco \u201cBig Boy\u201d.<\/p>\n<p>Le auto d\u2019epoca della collezione Nicolis entrano nelle storie musicali anche del video di\u00a0<strong>Andrea Damante\u00a0<\/strong>\u201c<a href=\"http:\/\/www.museonicolis.com\/category\/museonicolistv\/\">Always<\/a>\u201d sempre girato al <strong>Movieland Park <\/strong>, grazie alla <a href=\"http:\/\/www.museonicolis.com\/mercedes-benz-r107-450-sl\/\">Mercedes 450 SL cabrio del 1976<\/a>, quella divenuta celebre per il film \u201cAmerica Gigol\u00f2\u201d\u00a0\u00a0e guidata in questo caso da Andrea, dj e produttore musicale, famoso influencer del mondo social noto ai pi\u00f9 giovani anche per la sua partecipazione alle trasmissioni \u201cUomini e Donne\u201d e \u201cGrande Fratello\u201d.<\/p>\n<p>Il Museo Nicolis grazie alla collaborazione con il regista\u00a0<strong>Gaetano Morbioli\u00a0<\/strong>di<strong>\u00a0Run Multimedia<\/strong>, si afferma come un museo moderno, non tradizionale, uno spazio di cultura che condivide e partecipa attivamente al suo tempo e ai trend che l\u2019attraversano. I video musicali sono una forma d\u2019arte moderna cos\u00ec come il museo Nicolis \u00e8 un luogo innovativo che ospita centinaia tra auto, bici, moto e oggetti d\u2019epoca opera dall\u2019ingegno umano capaci di interagire anche con i mezzi di comunicazione dei tempi moderni.<\/p>\n<p>La presenza delle auto d\u2019epoca nei video offrono uno spunto di riflessione: \u201cAndare avanti nella modernit\u00e0 portando con s\u00e9 le cose belle che ci vengono dal passato\u201d afferma\u00a0<strong>Silvia Nicolis<\/strong>, presidente del museo, che aggiunge \u201cQuesto \u00e8 un pensiero che sta attraversando l\u2019arte e la filosofia ed \u00e8 un messaggio che condivido completamente. Credo che\u00a0<strong>il progresso tecnologico sia alla base dell\u2019evoluzione culturale e sociale<\/strong>. Le nostre collezioni, che raccontano come erano, come vivevano e come si spostavano gli uomini e le donne di una volta sono uno specchio affascinante della societ\u00e0, cosi come lo \u00e8 la musica: che parla ai giovani e pu\u00f2 essere un mezzo attraverso cui trasmettere cultura e far rivivere la storia e gli oggetti d\u2019epoca\u201d<\/p>\n<p>I video clip sono un mezzo dinamico e attuale attraverso cui dare visibilit\u00e0 alle collezioni esposte al Museo. Poter\u00a0<strong>dialogare tramite la musica con tutte le generazioni<\/strong>\u00a0\u00e8 importante e gli strumenti digitali attuali e diretti, rappresentano oggi una nuova dimensione poich\u00e9 permettono di raccontare e far rivivere un patrimonio storico anche ai pi\u00f9 giovani.<\/p>\n<p>Quella tra la musica e le auto storiche in esposizione al Museo Nicolis \u00e8 una liaison consolidata, come dimostrano i molti video musicali in cui vengono usati modelli di auto storiche:<\/p>\n<p>Mario Biondi &#8211; Deep Space<\/p>\n<p>Moda\u2019 &#8211; La Sua Bellezza<\/p>\n<p>Annalisa Scarone &#8211; Il Diluvio Universale<\/p>\n<p>J-Ax e Fedez in duetto con Alessandra Amoroso \u2013 Piccole Cose<\/p>\n<p>Giusy Ferreri &#8211; Fa Talmente Male<\/p>\n<p>Il Museo Nicolis \u00e8 uno dei pi\u00f9 importanti\u00a0<strong>Musei privati in Italia e in Europa<\/strong>\u00a0che custodisce ben 7 collezioni d\u2019epoca centinaia tra auto, moto e biciclette, macchine fotografiche e per scrivere, accessori da viaggio e tanti oggetti \u201cvintage\u201d opere dell\u2019artigianato e dell\u2019ingegno umano un emozionante viaggio nel tempo.<\/p>\n<p>&nbsp;<\/p>\n<p>\r\n\r\n        <!-- see gallery_shortcode() in wp-includes\/media.php -->\r\n        <div id='gallery-1' class='lu-gallery gallery galleryid-27345'><dl class='gallery-item ' title='Andrea Damante, Always, Mercedes 450 sl photo Run Multimedia' >\r\n            <dt class='gallery-icon '>\r\n               <a data-title=\"Andrea Damante, Always, Mercedes 450 sl photo Run Multimedia\"  class=\"\"  href='https:\/\/www.museonicolis.com\/html\/uploads\/2017\/04\/Andrea-Damante-Always-Mercedes-450-sl-_003-2.jpeg'><img loading=\"lazy\" decoding=\"async\" width=\"300\" height=\"169\" src=\"https:\/\/www.museonicolis.com\/html\/uploads\/2017\/04\/Andrea-Damante-Always-Mercedes-450-sl-_003-2.jpeg\" class=\"attachment-medium size-medium\" alt=\"\" srcset=\"https:\/\/www.museonicolis.com\/html\/uploads\/2017\/04\/Andrea-Damante-Always-Mercedes-450-sl-_003-2.jpeg 960w, https:\/\/www.museonicolis.com\/html\/uploads\/2017\/04\/Andrea-Damante-Always-Mercedes-450-sl-_003-2-768x432.jpeg 768w\" sizes=\"auto, (max-width: 300px) 100vw, 300px\" \/><\/a>\r\n            <\/dt><\/dl><dl class='gallery-item ' title='Giusy Ferreri, Partiti Adesso, Lancia Flaminia 3C 2.8, photo Run Multimedia' >\r\n            <dt class='gallery-icon '>\r\n               <a data-title=\"Giusy Ferreri, Partiti Adesso, Lancia Flaminia 3C 2.8, photo Run Multimedia\"  class=\"\"  href='https:\/\/www.museonicolis.com\/html\/uploads\/2017\/04\/Giusy-Ferreri-Partiti-Adesso-Lancia-Flaminia-3C-2.8-photo-Run-Multimedia-8.jpeg'><img loading=\"lazy\" decoding=\"async\" width=\"300\" height=\"128\" src=\"https:\/\/www.museonicolis.com\/html\/uploads\/2017\/04\/Giusy-Ferreri-Partiti-Adesso-Lancia-Flaminia-3C-2.8-photo-Run-Multimedia-8-1170x499.jpeg\" class=\"attachment-medium size-medium\" alt=\"\" srcset=\"https:\/\/www.museonicolis.com\/html\/uploads\/2017\/04\/Giusy-Ferreri-Partiti-Adesso-Lancia-Flaminia-3C-2.8-photo-Run-Multimedia-8-1170x499.jpeg 1170w, https:\/\/www.museonicolis.com\/html\/uploads\/2017\/04\/Giusy-Ferreri-Partiti-Adesso-Lancia-Flaminia-3C-2.8-photo-Run-Multimedia-8-768x328.jpeg 768w, https:\/\/www.museonicolis.com\/html\/uploads\/2017\/04\/Giusy-Ferreri-Partiti-Adesso-Lancia-Flaminia-3C-2.8-photo-Run-Multimedia-8-1406x600.jpeg 1406w, https:\/\/www.museonicolis.com\/html\/uploads\/2017\/04\/Giusy-Ferreri-Partiti-Adesso-Lancia-Flaminia-3C-2.8-photo-Run-Multimedia-8.jpeg 1915w\" sizes=\"auto, (max-width: 300px) 100vw, 300px\" \/><\/a>\r\n            <\/dt><\/dl><dl class='gallery-item ' title='Sergio Sylvestre, Planes, La Rolls-Royce \u201cCorniche\u201d, photo Run Multimedia' >\r\n            <dt class='gallery-icon '>\r\n               <a data-title=\"Sergio Sylvestre, Planes, La Rolls-Royce \u201cCorniche\u201d, photo Run Multimedia\"  class=\"\"  href='https:\/\/www.museonicolis.com\/html\/uploads\/2017\/04\/ssplanes_proreshq.jpeg'><img loading=\"lazy\" decoding=\"async\" width=\"300\" height=\"169\" src=\"https:\/\/www.museonicolis.com\/html\/uploads\/2017\/04\/ssplanes_proreshq.jpeg\" class=\"attachment-medium size-medium\" alt=\"\" srcset=\"https:\/\/www.museonicolis.com\/html\/uploads\/2017\/04\/ssplanes_proreshq.jpeg 960w, https:\/\/www.museonicolis.com\/html\/uploads\/2017\/04\/ssplanes_proreshq-768x432.jpeg 768w\" sizes=\"auto, (max-width: 300px) 100vw, 300px\" \/><\/a>\r\n            <\/dt><\/dl><dl class='gallery-item ' title='Giusy Ferreri, Partiti Adesso, Lancia Flaminia 3C 2.8, photo Run Multimedia' >\r\n            <dt class='gallery-icon '>\r\n               <a data-title=\"Giusy Ferreri, Partiti Adesso, Lancia Flaminia 3C 2.8, photo Run Multimedia\"  class=\"\"  href='https:\/\/www.museonicolis.com\/html\/uploads\/2017\/04\/Giusy-Ferreri-Partiti-Adesso-Lancia-Flaminia-3C-2.8-photo-Run-Multimedia-5.jpeg'><img loading=\"lazy\" decoding=\"async\" width=\"300\" height=\"127\" src=\"https:\/\/www.museonicolis.com\/html\/uploads\/2017\/04\/Giusy-Ferreri-Partiti-Adesso-Lancia-Flaminia-3C-2.8-photo-Run-Multimedia-5-1170x497.jpeg\" class=\"attachment-medium size-medium\" alt=\"\" srcset=\"https:\/\/www.museonicolis.com\/html\/uploads\/2017\/04\/Giusy-Ferreri-Partiti-Adesso-Lancia-Flaminia-3C-2.8-photo-Run-Multimedia-5-1170x497.jpeg 1170w, https:\/\/www.museonicolis.com\/html\/uploads\/2017\/04\/Giusy-Ferreri-Partiti-Adesso-Lancia-Flaminia-3C-2.8-photo-Run-Multimedia-5-768x326.jpeg 768w, https:\/\/www.museonicolis.com\/html\/uploads\/2017\/04\/Giusy-Ferreri-Partiti-Adesso-Lancia-Flaminia-3C-2.8-photo-Run-Multimedia-5-1413x600.jpeg 1413w, https:\/\/www.museonicolis.com\/html\/uploads\/2017\/04\/Giusy-Ferreri-Partiti-Adesso-Lancia-Flaminia-3C-2.8-photo-Run-Multimedia-5.jpeg 1919w\" sizes=\"auto, (max-width: 300px) 100vw, 300px\" \/><\/a>\r\n            <\/dt><\/dl><dl class='gallery-item ' title='Giusy Ferreri, Partiti Adesso, Lancia Flaminia 3C 2.8, photo Run Multimedia' >\r\n            <dt class='gallery-icon '>\r\n               <a data-title=\"Giusy Ferreri, Partiti Adesso, Lancia Flaminia 3C 2.8, photo Run Multimedia\"  class=\"\"  href='https:\/\/www.museonicolis.com\/html\/uploads\/2017\/04\/Giusy-Ferreri-Partiti-Adesso-Lancia-Flaminia-3C-2.8-photo-Run-Multimedia-7.jpeg'><img loading=\"lazy\" decoding=\"async\" width=\"300\" height=\"126\" src=\"https:\/\/www.museonicolis.com\/html\/uploads\/2017\/04\/Giusy-Ferreri-Partiti-Adesso-Lancia-Flaminia-3C-2.8-photo-Run-Multimedia-7-1170x492.jpeg\" class=\"attachment-medium size-medium\" alt=\"\" srcset=\"https:\/\/www.museonicolis.com\/html\/uploads\/2017\/04\/Giusy-Ferreri-Partiti-Adesso-Lancia-Flaminia-3C-2.8-photo-Run-Multimedia-7-1170x492.jpeg 1170w, https:\/\/www.museonicolis.com\/html\/uploads\/2017\/04\/Giusy-Ferreri-Partiti-Adesso-Lancia-Flaminia-3C-2.8-photo-Run-Multimedia-7-768x323.jpeg 768w, https:\/\/www.museonicolis.com\/html\/uploads\/2017\/04\/Giusy-Ferreri-Partiti-Adesso-Lancia-Flaminia-3C-2.8-photo-Run-Multimedia-7-1427x600.jpeg 1427w, https:\/\/www.museonicolis.com\/html\/uploads\/2017\/04\/Giusy-Ferreri-Partiti-Adesso-Lancia-Flaminia-3C-2.8-photo-Run-Multimedia-7.jpeg 1919w\" sizes=\"auto, (max-width: 300px) 100vw, 300px\" \/><\/a>\r\n            <\/dt><\/dl><dl class='gallery-item ' title='Giusy Ferreri, Partiti Adesso, Lancia Flaminia 3C 2.8, photo Run Multimedia' >\r\n            <dt class='gallery-icon '>\r\n               <a data-title=\"Giusy Ferreri, Partiti Adesso, Lancia Flaminia 3C 2.8, photo Run Multimedia\"  class=\"\"  href='https:\/\/www.museonicolis.com\/html\/uploads\/2017\/04\/Giusy-Ferreri-Partiti-Adesso-Lancia-Flaminia-3C-2.8-photo-Run-Multimedia-4.jpeg'><img loading=\"lazy\" decoding=\"async\" width=\"300\" height=\"125\" src=\"https:\/\/www.museonicolis.com\/html\/uploads\/2017\/04\/Giusy-Ferreri-Partiti-Adesso-Lancia-Flaminia-3C-2.8-photo-Run-Multimedia-4-1170x489.jpeg\" class=\"attachment-medium size-medium\" alt=\"\" srcset=\"https:\/\/www.museonicolis.com\/html\/uploads\/2017\/04\/Giusy-Ferreri-Partiti-Adesso-Lancia-Flaminia-3C-2.8-photo-Run-Multimedia-4-1170x489.jpeg 1170w, https:\/\/www.museonicolis.com\/html\/uploads\/2017\/04\/Giusy-Ferreri-Partiti-Adesso-Lancia-Flaminia-3C-2.8-photo-Run-Multimedia-4-768x321.jpeg 768w, https:\/\/www.museonicolis.com\/html\/uploads\/2017\/04\/Giusy-Ferreri-Partiti-Adesso-Lancia-Flaminia-3C-2.8-photo-Run-Multimedia-4-1436x600.jpeg 1436w, https:\/\/www.museonicolis.com\/html\/uploads\/2017\/04\/Giusy-Ferreri-Partiti-Adesso-Lancia-Flaminia-3C-2.8-photo-Run-Multimedia-4.jpeg 1917w\" sizes=\"auto, (max-width: 300px) 100vw, 300px\" \/><\/a>\r\n            <\/dt><\/dl><dl class='gallery-item ' title='Giusy Ferreri, Partiti Adesso, Lancia Flaminia 3C 2.8, photo Run Multimedia' >\r\n            <dt class='gallery-icon '>\r\n               <a data-title=\"Giusy Ferreri, Partiti Adesso, Lancia Flaminia 3C 2.8, photo Run Multimedia\"  class=\"\"  href='https:\/\/www.museonicolis.com\/html\/uploads\/2017\/04\/Giusy-Ferreri-Partiti-Adesso-Lancia-Flaminia-3C-2.8-photo-Run-Multimedia-6.jpeg'><img loading=\"lazy\" decoding=\"async\" width=\"300\" height=\"128\" src=\"https:\/\/www.museonicolis.com\/html\/uploads\/2017\/04\/Giusy-Ferreri-Partiti-Adesso-Lancia-Flaminia-3C-2.8-photo-Run-Multimedia-6-1170x498.jpeg\" class=\"attachment-medium size-medium\" alt=\"\" srcset=\"https:\/\/www.museonicolis.com\/html\/uploads\/2017\/04\/Giusy-Ferreri-Partiti-Adesso-Lancia-Flaminia-3C-2.8-photo-Run-Multimedia-6-1170x498.jpeg 1170w, https:\/\/www.museonicolis.com\/html\/uploads\/2017\/04\/Giusy-Ferreri-Partiti-Adesso-Lancia-Flaminia-3C-2.8-photo-Run-Multimedia-6-768x327.jpeg 768w, https:\/\/www.museonicolis.com\/html\/uploads\/2017\/04\/Giusy-Ferreri-Partiti-Adesso-Lancia-Flaminia-3C-2.8-photo-Run-Multimedia-6-1410x600.jpeg 1410w, https:\/\/www.museonicolis.com\/html\/uploads\/2017\/04\/Giusy-Ferreri-Partiti-Adesso-Lancia-Flaminia-3C-2.8-photo-Run-Multimedia-6.jpeg 1915w\" sizes=\"auto, (max-width: 300px) 100vw, 300px\" \/><\/a>\r\n            <\/dt><\/dl><dl class='gallery-item ' title='' >\r\n            <dt class='gallery-icon '>\r\n               <a data-title=\"\"  class=\"\"  href='https:\/\/www.museonicolis.com\/html\/uploads\/2017\/04\/Giusy-Ferreri-Partiti-Adesso-Lancia-Flaminia-3C-2.8-photo-Run-Multimedia-.jpeg'><img loading=\"lazy\" decoding=\"async\" width=\"300\" height=\"126\" src=\"https:\/\/www.museonicolis.com\/html\/uploads\/2017\/04\/Giusy-Ferreri-Partiti-Adesso-Lancia-Flaminia-3C-2.8-photo-Run-Multimedia--1170x491.jpeg\" class=\"attachment-medium size-medium\" alt=\"\" srcset=\"https:\/\/www.museonicolis.com\/html\/uploads\/2017\/04\/Giusy-Ferreri-Partiti-Adesso-Lancia-Flaminia-3C-2.8-photo-Run-Multimedia--1170x491.jpeg 1170w, https:\/\/www.museonicolis.com\/html\/uploads\/2017\/04\/Giusy-Ferreri-Partiti-Adesso-Lancia-Flaminia-3C-2.8-photo-Run-Multimedia--768x323.jpeg 768w, https:\/\/www.museonicolis.com\/html\/uploads\/2017\/04\/Giusy-Ferreri-Partiti-Adesso-Lancia-Flaminia-3C-2.8-photo-Run-Multimedia--1428x600.jpeg 1428w, https:\/\/www.museonicolis.com\/html\/uploads\/2017\/04\/Giusy-Ferreri-Partiti-Adesso-Lancia-Flaminia-3C-2.8-photo-Run-Multimedia-.jpeg 1726w\" sizes=\"auto, (max-width: 300px) 100vw, 300px\" \/><\/a>\r\n            <\/dt><\/dl><dl class='gallery-item ' title='Sergio Sylvestre, Planes, Rolls-Royce, photo Run Multimedia' >\r\n            <dt class='gallery-icon '>\r\n               <a data-title=\"Sergio Sylvestre, Planes, Rolls-Royce, photo Run Multimedia\"  class=\"\"  href='https:\/\/www.museonicolis.com\/html\/uploads\/2017\/04\/ssplanes_proreshq-1.jpeg'><img loading=\"lazy\" decoding=\"async\" width=\"300\" height=\"169\" src=\"https:\/\/www.museonicolis.com\/html\/uploads\/2017\/04\/ssplanes_proreshq-1.jpeg\" class=\"attachment-medium size-medium\" alt=\"\" srcset=\"https:\/\/www.museonicolis.com\/html\/uploads\/2017\/04\/ssplanes_proreshq-1.jpeg 960w, https:\/\/www.museonicolis.com\/html\/uploads\/2017\/04\/ssplanes_proreshq-1-768x432.jpeg 768w\" sizes=\"auto, (max-width: 300px) 100vw, 300px\" \/><\/a>\r\n            <\/dt><\/dl><dl class='gallery-item ' title='Sergio Sylvestre, Planes, La Rolls-Royce \u201cCorniche\u201d, photo Run Multimedia' >\r\n            <dt class='gallery-icon '>\r\n               <a data-title=\"Sergio Sylvestre, Planes, La Rolls-Royce \u201cCorniche\u201d, photo Run Multimedia\"  class=\"\"  href='https:\/\/www.museonicolis.com\/html\/uploads\/2017\/04\/ssplanes_proreshq-2.jpeg'><img loading=\"lazy\" decoding=\"async\" width=\"300\" height=\"169\" src=\"https:\/\/www.museonicolis.com\/html\/uploads\/2017\/04\/ssplanes_proreshq-2.jpeg\" class=\"attachment-medium size-medium\" alt=\"\" srcset=\"https:\/\/www.museonicolis.com\/html\/uploads\/2017\/04\/ssplanes_proreshq-2.jpeg 960w, https:\/\/www.museonicolis.com\/html\/uploads\/2017\/04\/ssplanes_proreshq-2-768x432.jpeg 768w\" sizes=\"auto, (max-width: 300px) 100vw, 300px\" \/><\/a>\r\n            <\/dt><\/dl><dl class='gallery-item ' title='Sergio Sylvestre, Planes, La Rolls-Royce \u201cCorniche\u201d, photo Run Multimedia' >\r\n            <dt class='gallery-icon '>\r\n               <a data-title=\"Sergio Sylvestre, Planes, La Rolls-Royce \u201cCorniche\u201d, photo Run Multimedia\"  class=\"\"  href='https:\/\/www.museonicolis.com\/html\/uploads\/2017\/04\/ssplanes_proreshq-3.jpeg'><img loading=\"lazy\" decoding=\"async\" width=\"300\" height=\"169\" src=\"https:\/\/www.museonicolis.com\/html\/uploads\/2017\/04\/ssplanes_proreshq-3.jpeg\" class=\"attachment-medium size-medium\" alt=\"\" srcset=\"https:\/\/www.museonicolis.com\/html\/uploads\/2017\/04\/ssplanes_proreshq-3.jpeg 960w, https:\/\/www.museonicolis.com\/html\/uploads\/2017\/04\/ssplanes_proreshq-3-768x432.jpeg 768w\" sizes=\"auto, (max-width: 300px) 100vw, 300px\" \/><\/a>\r\n            <\/dt><\/dl><dl class='gallery-item ' title='Andrea Damante, Always, Mercedes 450 sl photo Run Multimedia' >\r\n            <dt class='gallery-icon '>\r\n               <a data-title=\"Andrea Damante, Always, Mercedes 450 sl photo Run Multimedia\"  class=\"\"  href='https:\/\/www.museonicolis.com\/html\/uploads\/2017\/04\/Andrea-Damante-Always-Mercedes-450-sl-_003-3.jpeg'><img loading=\"lazy\" decoding=\"async\" width=\"300\" height=\"169\" src=\"https:\/\/www.museonicolis.com\/html\/uploads\/2017\/04\/Andrea-Damante-Always-Mercedes-450-sl-_003-3.jpeg\" class=\"attachment-medium size-medium\" alt=\"\" srcset=\"https:\/\/www.museonicolis.com\/html\/uploads\/2017\/04\/Andrea-Damante-Always-Mercedes-450-sl-_003-3.jpeg 960w, https:\/\/www.museonicolis.com\/html\/uploads\/2017\/04\/Andrea-Damante-Always-Mercedes-450-sl-_003-3-768x432.jpeg 768w\" sizes=\"auto, (max-width: 300px) 100vw, 300px\" \/><\/a>\r\n            <\/dt><\/dl><dl class='gallery-item lu-hide-image' title='Andrea Damante, Always, Mercedes 450 sl photo Run Multimedia' >\r\n            <dt class='gallery-icon '>\r\n               <a data-title=\"Andrea Damante, Always, Mercedes 450 sl photo Run Multimedia\"  class=\"\"  href='https:\/\/www.museonicolis.com\/html\/uploads\/2017\/04\/Andrea-Damante-Always-Mercedes-450-sl-_003-1.jpeg'><img loading=\"lazy\" decoding=\"async\" width=\"300\" height=\"169\" src=\"https:\/\/www.museonicolis.com\/html\/uploads\/2017\/04\/Andrea-Damante-Always-Mercedes-450-sl-_003-1.jpeg\" class=\"attachment-medium size-medium\" alt=\"\" srcset=\"https:\/\/www.museonicolis.com\/html\/uploads\/2017\/04\/Andrea-Damante-Always-Mercedes-450-sl-_003-1.jpeg 960w, https:\/\/www.museonicolis.com\/html\/uploads\/2017\/04\/Andrea-Damante-Always-Mercedes-450-sl-_003-1-768x432.jpeg 768w\" sizes=\"auto, (max-width: 300px) 100vw, 300px\" \/><\/a>\r\n            <\/dt><\/dl>\r\n            <br style='clear: both;' \/>\r\n        <\/div>\n<div class=\"link-gallery\"><a href=\"?gallery=true\">Vedi tutte 13<\/a><\/div><\/td>\n<\/tr>\n<\/tbody>\n<\/table>\n","protected":false},"excerpt":{"rendered":"<p>Le auto d\u2019epoca viaggiano a ritmo nei nuovi videoclip di tre famosi personaggi del mondo musicale:<br \/>\nGiusy Ferreri,<br \/>\nSergio Sylvestre e Andrea Damante.<\/p>\n","protected":false},"author":6,"featured_media":27410,"comment_status":"closed","ping_status":"closed","sticky":false,"template":"","format":"standard","meta":{"_acf_changed":false,"om_disable_all_campaigns":false,"footnotes":""},"categories":[21,79],"tags":[],"class_list":["post-27345","post","type-post","status-publish","format-standard","has-post-thumbnail","hentry","category-highlight","category-press-release"],"acf":[],"yoast_head":"<!-- This site is optimized with the Yoast SEO plugin v22.0 - https:\/\/yoast.com\/wordpress\/plugins\/seo\/ -->\n<title>Museo Nicolis - It&#039;s time for dancing! - Museo Nicolis<\/title>\n<meta name=\"robots\" content=\"index, follow, max-snippet:-1, max-image-preview:large, max-video-preview:-1\" \/>\n<link rel=\"canonical\" href=\"https:\/\/www.museonicolis.com\/en\/dubbio-2-2\/\" \/>\n<meta property=\"og:locale\" content=\"en_US\" \/>\n<meta property=\"og:type\" content=\"article\" \/>\n<meta property=\"og:title\" content=\"Museo Nicolis - It&#039;s time for dancing! - Museo Nicolis\" \/>\n<meta property=\"og:description\" content=\"Le auto d\u2019epoca viaggiano a ritmo nei nuovi videoclip di tre famosi personaggi del mondo musicale:  Giusy Ferreri,  Sergio Sylvestre e Andrea Damante.\" \/>\n<meta property=\"og:url\" content=\"https:\/\/www.museonicolis.com\/en\/dubbio-2-2\/\" \/>\n<meta property=\"og:site_name\" content=\"Museo Nicolis\" \/>\n<meta property=\"article:published_time\" content=\"2017-04-05T14:13:04+00:00\" \/>\n<meta property=\"article:modified_time\" content=\"2017-04-21T10:54:42+00:00\" \/>\n<meta property=\"og:image\" content=\"https:\/\/www.museonicolis.com\/html\/uploads\/2017\/04\/ssplanes_proreshq.jpeg\" \/>\n\t<meta property=\"og:image:width\" content=\"960\" \/>\n\t<meta property=\"og:image:height\" content=\"540\" \/>\n\t<meta property=\"og:image:type\" content=\"image\/jpeg\" \/>\n<meta name=\"author\" content=\"docscenter@museonicolis.com\" \/>\n<meta name=\"twitter:card\" content=\"summary_large_image\" \/>\n<meta name=\"twitter:label1\" content=\"Written by\" \/>\n\t<meta name=\"twitter:data1\" content=\"docscenter@museonicolis.com\" \/>\n\t<meta name=\"twitter:label2\" content=\"Est. reading time\" \/>\n\t<meta name=\"twitter:data2\" content=\"3 minutes\" \/>\n<script type=\"application\/ld+json\" class=\"yoast-schema-graph\">{\"@context\":\"https:\/\/schema.org\",\"@graph\":[{\"@type\":\"WebPage\",\"@id\":\"https:\/\/www.museonicolis.com\/en\/dubbio-2-2\/\",\"url\":\"https:\/\/www.museonicolis.com\/en\/dubbio-2-2\/\",\"name\":\"Museo Nicolis - It's time for dancing! - Museo Nicolis\",\"isPartOf\":{\"@id\":\"https:\/\/www.museonicolis.com\/#website\"},\"datePublished\":\"2017-04-05T14:13:04+00:00\",\"dateModified\":\"2017-04-21T10:54:42+00:00\",\"author\":{\"@id\":\"https:\/\/www.museonicolis.com\/#\/schema\/person\/6acf31038592992eb202a72226abc363\"},\"breadcrumb\":{\"@id\":\"https:\/\/www.museonicolis.com\/en\/dubbio-2-2\/#breadcrumb\"},\"inLanguage\":\"en-US\",\"potentialAction\":[{\"@type\":\"ReadAction\",\"target\":[\"https:\/\/www.museonicolis.com\/en\/dubbio-2-2\/\"]}]},{\"@type\":\"BreadcrumbList\",\"@id\":\"https:\/\/www.museonicolis.com\/en\/dubbio-2-2\/#breadcrumb\",\"itemListElement\":[{\"@type\":\"ListItem\",\"position\":1,\"name\":\"Home\",\"item\":\"https:\/\/www.museonicolis.com\/en\/\"},{\"@type\":\"ListItem\",\"position\":2,\"name\":\"Museo Nicolis &#8211; It&#8217;s time for dancing!\"}]},{\"@type\":\"WebSite\",\"@id\":\"https:\/\/www.museonicolis.com\/#website\",\"url\":\"https:\/\/www.museonicolis.com\/\",\"name\":\"Museo Nicolis\",\"description\":\"Hundreds of cars, motorcycles and bicycles\",\"potentialAction\":[{\"@type\":\"SearchAction\",\"target\":{\"@type\":\"EntryPoint\",\"urlTemplate\":\"https:\/\/www.museonicolis.com\/?s={search_term_string}\"},\"query-input\":\"required name=search_term_string\"}],\"inLanguage\":\"en-US\"},{\"@type\":\"Person\",\"@id\":\"https:\/\/www.museonicolis.com\/#\/schema\/person\/6acf31038592992eb202a72226abc363\",\"name\":\"docscenter@museonicolis.com\",\"image\":{\"@type\":\"ImageObject\",\"inLanguage\":\"en-US\",\"@id\":\"https:\/\/www.museonicolis.com\/#\/schema\/person\/image\/\",\"url\":\"https:\/\/secure.gravatar.com\/avatar\/90f31a0a298266c05bb90722be593d82f77c7b2857a29b71d5d36231437ec09a?s=96&d=mm&r=g\",\"contentUrl\":\"https:\/\/secure.gravatar.com\/avatar\/90f31a0a298266c05bb90722be593d82f77c7b2857a29b71d5d36231437ec09a?s=96&d=mm&r=g\",\"caption\":\"docscenter@museonicolis.com\"},\"url\":\"https:\/\/www.museonicolis.com\/en\/author\/docsmuseonicolis-com\/\"}]}<\/script>\n<!-- \/ Yoast SEO plugin. -->","yoast_head_json":{"title":"Museo Nicolis - It's time for dancing! - Museo Nicolis","robots":{"index":"index","follow":"follow","max-snippet":"max-snippet:-1","max-image-preview":"max-image-preview:large","max-video-preview":"max-video-preview:-1"},"canonical":"https:\/\/www.museonicolis.com\/en\/dubbio-2-2\/","og_locale":"en_US","og_type":"article","og_title":"Museo Nicolis - It's time for dancing! - Museo Nicolis","og_description":"Le auto d\u2019epoca viaggiano a ritmo nei nuovi videoclip di tre famosi personaggi del mondo musicale:  Giusy Ferreri,  Sergio Sylvestre e Andrea Damante.","og_url":"https:\/\/www.museonicolis.com\/en\/dubbio-2-2\/","og_site_name":"Museo Nicolis","article_published_time":"2017-04-05T14:13:04+00:00","article_modified_time":"2017-04-21T10:54:42+00:00","og_image":[{"width":960,"height":540,"url":"https:\/\/www.museonicolis.com\/html\/uploads\/2017\/04\/ssplanes_proreshq.jpeg","type":"image\/jpeg"}],"author":"docscenter@museonicolis.com","twitter_card":"summary_large_image","twitter_misc":{"Written by":"docscenter@museonicolis.com","Est. reading time":"3 minutes"},"schema":{"@context":"https:\/\/schema.org","@graph":[{"@type":"WebPage","@id":"https:\/\/www.museonicolis.com\/en\/dubbio-2-2\/","url":"https:\/\/www.museonicolis.com\/en\/dubbio-2-2\/","name":"Museo Nicolis - It's time for dancing! - Museo Nicolis","isPartOf":{"@id":"https:\/\/www.museonicolis.com\/#website"},"datePublished":"2017-04-05T14:13:04+00:00","dateModified":"2017-04-21T10:54:42+00:00","author":{"@id":"https:\/\/www.museonicolis.com\/#\/schema\/person\/6acf31038592992eb202a72226abc363"},"breadcrumb":{"@id":"https:\/\/www.museonicolis.com\/en\/dubbio-2-2\/#breadcrumb"},"inLanguage":"en-US","potentialAction":[{"@type":"ReadAction","target":["https:\/\/www.museonicolis.com\/en\/dubbio-2-2\/"]}]},{"@type":"BreadcrumbList","@id":"https:\/\/www.museonicolis.com\/en\/dubbio-2-2\/#breadcrumb","itemListElement":[{"@type":"ListItem","position":1,"name":"Home","item":"https:\/\/www.museonicolis.com\/en\/"},{"@type":"ListItem","position":2,"name":"Museo Nicolis &#8211; It&#8217;s time for dancing!"}]},{"@type":"WebSite","@id":"https:\/\/www.museonicolis.com\/#website","url":"https:\/\/www.museonicolis.com\/","name":"Museo Nicolis","description":"Hundreds of cars, motorcycles and bicycles","potentialAction":[{"@type":"SearchAction","target":{"@type":"EntryPoint","urlTemplate":"https:\/\/www.museonicolis.com\/?s={search_term_string}"},"query-input":"required name=search_term_string"}],"inLanguage":"en-US"},{"@type":"Person","@id":"https:\/\/www.museonicolis.com\/#\/schema\/person\/6acf31038592992eb202a72226abc363","name":"docscenter@museonicolis.com","image":{"@type":"ImageObject","inLanguage":"en-US","@id":"https:\/\/www.museonicolis.com\/#\/schema\/person\/image\/","url":"https:\/\/secure.gravatar.com\/avatar\/90f31a0a298266c05bb90722be593d82f77c7b2857a29b71d5d36231437ec09a?s=96&d=mm&r=g","contentUrl":"https:\/\/secure.gravatar.com\/avatar\/90f31a0a298266c05bb90722be593d82f77c7b2857a29b71d5d36231437ec09a?s=96&d=mm&r=g","caption":"docscenter@museonicolis.com"},"url":"https:\/\/www.museonicolis.com\/en\/author\/docsmuseonicolis-com\/"}]}},"_links":{"self":[{"href":"https:\/\/www.museonicolis.com\/en\/wp-json\/wp\/v2\/posts\/27345","targetHints":{"allow":["GET"]}}],"collection":[{"href":"https:\/\/www.museonicolis.com\/en\/wp-json\/wp\/v2\/posts"}],"about":[{"href":"https:\/\/www.museonicolis.com\/en\/wp-json\/wp\/v2\/types\/post"}],"author":[{"embeddable":true,"href":"https:\/\/www.museonicolis.com\/en\/wp-json\/wp\/v2\/users\/6"}],"replies":[{"embeddable":true,"href":"https:\/\/www.museonicolis.com\/en\/wp-json\/wp\/v2\/comments?post=27345"}],"version-history":[{"count":0,"href":"https:\/\/www.museonicolis.com\/en\/wp-json\/wp\/v2\/posts\/27345\/revisions"}],"wp:featuredmedia":[{"embeddable":true,"href":"https:\/\/www.museonicolis.com\/en\/wp-json\/wp\/v2\/media\/27410"}],"wp:attachment":[{"href":"https:\/\/www.museonicolis.com\/en\/wp-json\/wp\/v2\/media?parent=27345"}],"wp:term":[{"taxonomy":"category","embeddable":true,"href":"https:\/\/www.museonicolis.com\/en\/wp-json\/wp\/v2\/categories?post=27345"},{"taxonomy":"post_tag","embeddable":true,"href":"https:\/\/www.museonicolis.com\/en\/wp-json\/wp\/v2\/tags?post=27345"}],"curies":[{"name":"wp","href":"https:\/\/api.w.org\/{rel}","templated":true}]}}