{"id":21637,"date":"2016-11-18T14:14:55","date_gmt":"2016-11-18T13:14:55","guid":{"rendered":"http:\/\/www.museonicolis.com\/en\/confcommercio-natale-a-verona\/"},"modified":"2016-11-19T15:10:59","modified_gmt":"2016-11-19T14:10:59","slug":"confcommercio-natale-a-verona","status":"publish","type":"post","link":"https:\/\/www.museonicolis.com\/en\/confcommercio-natale-a-verona\/","title":{"rendered":"Verona, the magic of Christmas traditions."},"content":{"rendered":"<p><em>Milano, 9 novembre 2016<\/em> \u2013 Verona, la citt\u00e0 di Giulietta e Romeo, si veste di una nuova seducente bellezza nel periodo delle festivit\u00e0 natalizie. Chi la conosce per la vitalit\u00e0 e il fascino che la caratterizzano nei mesi estivi, grazie alla sua prossimit\u00e0 al Lago di Garda e alla stagione lirica in Arena, dovr\u00e0 tornare per riscoprirla.<\/p>\n<p>Con la regia di <strong>Confcommercio Verona<\/strong>, sono stati messi in rete oltre 1.000 eventi che si susseguono nel mese di dicembre e che spaziano dalle grandi Mostre di <strong>Picasso <\/strong>e i <strong>Maya<\/strong>, ai nuovi itinerari alla scoperta delle <strong>antiche Chiese<\/strong>, ai <strong>mercatini <\/strong>che dal centro della citt\u00e0 si snodano fino ai paesini del Lago di Garda, includendo quest\u2019anno anche le degustazioni nelle <strong>Cantine<\/strong> della <strong>Valpolicella<\/strong> e del <strong>Soave<\/strong>, alcune tra le terre pi\u00f9 rinomate per la qualit\u00e0 dei vitigni a livello internazionale. Il Consorzio della Valpolicella ha sviluppato una app per accompagnare i turisti alla scoperta dei vini, come l\u2019amarone e il ripasso, del territorio e dei suoi sapori.<\/p>\n<p>Il fascino del centro storico, dell\u2019Arena, con la \u201c<strong>giga stella<\/strong>\u201d che dall\u2019anfiteatro atterra in piazza Bra, del cortile di Giulietta e del suo famoso Balcone, di piazza delle Erbe e delle vie dello shopping e di tutti i luoghi pi\u00f9 rinomati della citt\u00e0, si accentua grazie ai decori luminosi, che rendono ancora pi\u00f9 speciale la bellezza della citt\u00e0.<\/p>\n<p>Non mancano in citt\u00e0 i laboratori per i bambini e le aperture eccezionali a dicembre di <strong>Gardaland, <\/strong>uno dei parchi di divertimento pi\u00f9 emozionante in Europa, a meno di mezz\u2019ora d\u2019auto dal centro della citt\u00e0. Anche il <strong>villaggio di Natale<\/strong> a Bussolengo \u00e8 un appuntamento da non perdere per le famiglie. Chi ama la vacanza attiva, dopo una tappa in citt\u00e0, potr\u00e0 facilmente raggiungere con un breve tragitto in auto fino a Malcesine e poi con la funivia, la cima del <strong>Monte Baldo. <\/strong>Da qui si gode di una delle pi\u00f9 straordinarie viste panoramiche sul Lago di Garda.<\/p>\n<p>&nbsp;<\/p>\n<p><strong><em>A<\/em><\/strong><strong><em>lcuni eventi:<\/em><\/strong><\/p>\n<p><strong><em>A Verona\u2026<\/em><\/strong><\/p>\n<p><strong><em>Centro storico di Verona, Mercatini di Natale<\/em><\/strong><\/p>\n<p><strong><em>dal 18 novembre 2016 al 26 dicembre 2016<\/em><\/strong><\/p>\n<p><em>Piazza Dei Signori, via della Costa, Cortile Mercato Vecchio ospitano, nel cuore di Verona, la 9^ edizione dei Mercatini di Natale con un\u2019ampia offerta di prodotti tipic, artigianato, idee regalo.<\/em><\/p>\n<p><em>www.nataleinpiazza.it<\/em><\/p>\n<p><em>\u00a0<\/em><\/p>\n<p><strong><em>Teatro Filarmonico di Verona, Stagione Artistica 2016\/2017 <\/em><\/strong><\/p>\n<p><strong><em>16, 18, 20, 22, 23 Dicembre: Turandot<\/em><\/strong><\/p>\n<p><em>Turandot, nell&#8217;allestimento della Slovene National Opera And Ballet di Maribor, inaugura la Stagione Artistica al Teatro Filarmonico di Verona. Sul podio il maestro Jader Bignamini, Orchestra Coro e Tecnici dell&#8217;Arena di Verona.<\/em><\/p>\n<p><a href=\"http:\/\/www.arena.it\/filarmonico\"><em>www.arena.it\/filarmonico<\/em><\/a><\/p>\n<p><em>\u00a0<\/em><\/p>\n<p><strong><em>Arena di Verona, 33^ Rassegna Internazionale del Presepio nell\u2019arte e nella tradizione.<\/em><\/strong><\/p>\n<p><strong><em>dal 26 novembre 2016 al 22 gennaio 2017<\/em><\/strong><\/p>\n<p><em>Seguita da appassionati di tutta Europa, la famosa esposizione di presepi ed opere d\u2019arte ospitata negli arcovoli dell\u2019Arena di Verona propone pezzi unici provenienti da musei, maestri presepisti ed appassionati di tutto il mondo,<\/em><\/p>\n<p><a href=\"http:\/\/www.presepiarenaverona.it\"><em>www.presepiarenaverona.it<\/em><\/a><\/p>\n<p><em>\u00a0<\/em><\/p>\n<p><strong><em>Palazzo della Gran Guardia di Verona, Mostra Maya \u201cIl linguaggio della bellezza\u201d<\/em><\/strong><\/p>\n<p><strong><em>dall\u20198 ottobre 2016 al 5 marzo 2017<\/em><\/strong><\/p>\n<p><em>Suddivisa in sei sezioni tematiche la mostra, dedicata alla civilt\u00e0 dei Maya, offre oltre 250 opere provenienti dai principali musei del Messico e si configura come uno dei maggiori eventi culturali di richiamo del periodo natalizio.<\/em><\/p>\n<p><a href=\"http:\/\/www.mayaverona.it\"><em>www.mayaverona.it<\/em><\/a><\/p>\n<p><em>\u00a0<\/em><\/p>\n<p><strong><em>Palazzo Forti &#8211; Museo AMO (Arena Museo Opera) di Verona, Mostra \u201cPicasso: Figure (1906-1971)<\/em><\/strong><\/p>\n<p><strong><em>dal 15 ottobre 2016 al 12 marzo 2017<\/em><\/strong><\/p>\n<p><em>L\u2019attesa esposizione racconta la metamorfosi a cui l&#8217;artista pi\u00f9 eclettico del Novecento sottopone la rappresentazione del corpo umano e della sua figura attraverso 90 opere di pittura, scultura e arti grafiche, provenienti dal Mus\u00e9e National Picasso di Parigi.\u00a0 <\/em><\/p>\n<p><a href=\"http:\/\/www.mostrapicassoverona.it\">www.mostrapicassoverona.it<\/a><\/p>\n<p>&nbsp;<\/p>\n<p>&nbsp;<\/p>\n<p><strong><em>Chiese di Verona &#8211; Verona minor Hierusalem\u00a0 <\/em><\/strong><\/p>\n<p><strong><em>dal 25 novembre 2016\u00a0 <\/em><\/strong><\/p>\n<p><em>\u201cVerona Minor Hierusalem. Una citt\u00e0 da valorizzare assieme\u201d presenta tre percorsi che apriranno le porte di chiese dal grande valore storico, artistico e religioso: San Siro e Libera, Santo Stefano, Santa Maria in Organo, San Giovanni in Valle e San Giorgio in Braida.<\/em><em> Gli itinerari offriranno l\u2019opportunit\u00e0 di scoprire un tesoro artistico e spirituale unico e fanno comprendere perch\u00e9 Verona in passato fu definita \u201cPiccola Gerusalemme\u201d.<\/em><\/p>\n<p><strong><em>\u00a0<\/em><\/strong><em>www.veronaminorhierusalem.it<\/em><\/p>\n<p><strong><em>Chiesa di San Giorgetto a Verona, <\/em><\/strong><strong><em>mostra di presepi e rassegna fotografica <\/em><\/strong><\/p>\n<p><strong><em>dal 9 dicembre 2016 all\u20198 gennaio 2017<\/em><\/strong><\/p>\n<p><em>La chiesa si san Giorgetto, in piazza Santa Anastasia, propone una mostra di presepi e la rassegna fotografica \u201cNatale a Verona\u201d del maestro Mario Nascimbeni <\/em><\/p>\n<p><a href=\"http:\/\/www.marionascimbeni.it\">www.marionascimbeni.it<\/a><\/p>\n<p>&nbsp;<\/p>\n<p>&nbsp;<\/p>\n<p><strong><em>\u2026 e in provincia <\/em><\/strong><\/p>\n<p><strong><em>\u00a0<\/em><\/strong><\/p>\n<p><strong><em>Lago di Garda e dintorni<\/em><\/strong><\/p>\n<p><em>Mercatini di Natale, presepi, concerti e spettacoli animano le localit\u00e0 gardesane di Malcesine, Brenzone, Torri, Garda, Costermano, San Zeno di Montagna, Bardolino, Lazise, Castelnuovo e Peschiera.<\/em><\/p>\n<p>&nbsp;<\/p>\n<p><em>Oltre alla suggestiva esperienza dell\u2019atmosfera natalizia nell\u2019affascinante cornice del Lago di Garda, i visitatori potranno godere di attrattive che regalano emozioni: borghi pittoreschi, castelli medievali, chiese e santuari, passeggiate sul lungolago, percorsi bike e trekking, piste di pattinaggio, terme e parchi divertimento la panoramica sulle cime del Monte Baldo. Il tutto accompagnato da un\u2019enogastronomia di qualit\u00e0 con i piatti e sapori tipici gardesani come l\u2019olio del Garda, il vino Bardolino, le castagne, il tartufo e altre prelibatezze di stagione.<\/em><\/p>\n<p><em>\u00a0<\/em><\/p>\n<p><strong><em>Bardolino: Natale a Bardolino<\/em><\/strong><\/p>\n<p><strong><em>dal 26 novembre 2016 all\u20198 gennaio 2017<\/em><\/strong><\/p>\n<p><em>Un cartellone ricco di appuntamenti e di eventi attende i visitatori di Bardolino, nota localit\u00e0 lacustre che ospita il mercatino di Natale, la pista di pattinaggio sul lungolago e\u00a0 la casa di Babbo Natale, con il centro storico addobbato a festa.<\/em><\/p>\n<p><em>www.bardolinotop.it<\/em><\/p>\n<p><strong><em>\u00a0<\/em><\/strong><\/p>\n<p><strong><em>Bussolengo: Natale a Bussolengo<\/em><\/strong><\/p>\n<p><strong><em>dal 26 novembre 2016 all\u20198 gennaio 2017<\/em><\/strong><\/p>\n<p><em>Una pista di pattinaggio, il calendario dell\u2019avvento, le botteghe di babbo Natale, spettacoli di \u201cmapping\u201d ed animazioni per i bambini caratterizzeranno il centro del Comune di Bussolengo nel periodo natalizio.<\/em><\/p>\n<p><a href=\"http:\/\/www.comune.bussolengo.vr.it\"><em>www.comune.bussolengo.vr.it<\/em><\/a><\/p>\n<p><em>\u00a0<\/em><\/p>\n<p><strong><em>Garda: Natale tra gli olivi<\/em><\/strong><\/p>\n<p><strong><em>dal 25 novembre 2016 all\u20198 gennaio 2017<\/em><\/strong><\/p>\n<p><em>Il lungolago e le vie del centro di Garda saranno animate da spettacoli musicali, animazioni e laboratori per i bambini, con la casetta di Babbo Natale. Numerose le iniziative gastronomiche.\u00a0 <\/em><\/p>\n<p><a href=\"http:\/\/www.comune.garda.vr.it\"><em>www.comune.garda.vr.it<\/em><\/a><\/p>\n<p><em>\u00a0<\/em><\/p>\n<p><strong><em>Malcesine: <\/em><\/strong><strong><em>Natale a Malcesine<\/em><\/strong><\/p>\n<p><strong><em>dall\u20198 dicembre 2016 all\u20198 gennaio 2017<\/em><\/strong><\/p>\n<p><em>Malcesine nel periodo natalizio si arricchisce della pista di pattinaggio, di giostre e dal 23 dicembre di mercatini\u00a0 e spettacoli. <\/em><\/p>\n<p><a href=\"http:\/\/www.visitmalcesine.com\"><em>www.visitmalcesine.com<\/em><\/a><\/p>\n<p><em>\u00a0<\/em><\/p>\n<p><strong><em>Torri del Benaco: <\/em><\/strong><strong><em>Natale 2016 <\/em><\/strong><\/p>\n<p><strong><em>dall\u20198 dicembre all\u20198 gennaio 2017<\/em><\/strong><\/p>\n<p><em>Torri del Benaco si trasforma in villaggio di Natale con inedite attrazioni. <\/em><\/p>\n<p><a href=\"http:\/\/www.comune.torridelbenaco.vr.it\"><em>www.comune.torridelbenaco.vr.it<\/em><\/a><\/p>\n<p><em>\u00a0<\/em><\/p>\n<p><strong><em>Valeggio sul Mincio: eventi<\/em><\/strong><\/p>\n<p><strong><em>4 e 26 dicembre 2016<\/em><\/strong><\/p>\n<p><em>Domenica 4 dicembre il centro valeggiano si animer\u00e0 con la mostra mercato \u201cIl regalo di Natale\u201d, con street food, degustazioni, cantafil\u00f2.<\/em><\/p>\n<p><em>Luned\u00ec 26 dicembre alle ore 17, nella chiesa di San Pietro in Cattedra, Concerto di Natale.<\/em><\/p>\n<p><em>www.valeggio.com<\/em><\/p>\n<p><strong><em>Brenzone: Natale a Campo<\/em><\/strong><\/p>\n<p><strong><em>dal 26 novembre 2016 al 5 febbraio 2017<\/em><\/strong><\/p>\n<p><em>Nell\u2019antico e pittoresco borgo affacciato sul lago di Garda si svolge l\u20198<\/em><strong><em>^<\/em><\/strong><em> rassegna del \u201cPresepe in Campo\u201d che affonda le radici nella tradizione popolare.<\/em><\/p>\n<p><a href=\"http:\/\/www.campobrenzone.it\"><em>www.campobrenzone.it<\/em><\/a><\/p>\n<p>&nbsp;<\/p>\n<p><strong><em>Due protagonisti: Villaggio di Natale Flover e Museo Nicolis<\/em><\/strong><\/p>\n<p><em>Il Villaggio di Natale Flover di <strong>Bussolengo<\/strong> \u00e8 diventato uno dei pi\u00f9 famosi mercatini di Natale d\u2019Italia, grazie alla ricca esposizione e ai 15 mila metri quadrati di superficie, 7.000 dei quali al coperto. Il Villaggio compie quest\u2019anno 20 anni e celebra la ricorrenza con un\u2019edizione in grande stile, ricca di novit\u00e0 e appuntamenti. Spicca la partnership con il \u201cMuseo Nicolis dell\u2019Auto, della Tecnica, della Meccanica\u201c, inaugurato nel 2000 a <strong>Villafranca di Verona<\/strong>, uno dei pi\u00f9 prestigiosi musei privati in Italia e in Europa che racconta, attraverso centinaia di automobili, motociclette e biciclette, l\u2019evoluzione dei mezzi di trasporto degli ultimi due secoli. Alcuni dei \u201cgioielli\u201d del Museo Nicolis saranno in esposizione al Villaggio di Natale Flover: Austin Heavy, Taxi Cab del 1937,\u00a0 Fiat 501 furgone postale del 1926 e la piccola Cadillac del 1903.<\/em><\/p>\n<p><em>www.ilvillaggiodinatale.it<\/em><\/p>\n<p><em>www.museonicolis.com<\/em><\/p>\n<p><em>\u00a0<\/em><\/p>\n\r\n\r\n        <!-- see gallery_shortcode() in wp-includes\/media.php -->\r\n        <div id='gallery-1' class='lu-gallery gallery galleryid-21637'><dl class='gallery-item ' title='Natale a Verona , Confcommercio' >\r\n            <dt class='gallery-icon '>\r\n               <a data-title=\"Natale a Verona , Confcommercio\"  class=\"\"  href='https:\/\/www.museonicolis.com\/html\/uploads\/2016\/11\/Stella-in-Piazza-Bra-2.jpg'><img loading=\"lazy\" decoding=\"async\" width=\"300\" height=\"203\" src=\"https:\/\/www.museonicolis.com\/html\/uploads\/2016\/11\/Stella-in-Piazza-Bra-2-887x600.jpg\" class=\"attachment-medium size-medium\" alt=\"Natale a Verona, Piazza Br\u00e0, Stella ph Confcommercio\" srcset=\"https:\/\/www.museonicolis.com\/html\/uploads\/2016\/11\/Stella-in-Piazza-Bra-2-887x600.jpg 887w, https:\/\/www.museonicolis.com\/html\/uploads\/2016\/11\/Stella-in-Piazza-Bra-2-768x520.jpg 768w\" sizes=\"auto, (max-width: 300px) 100vw, 300px\" \/><\/a>\r\n            <\/dt><\/dl><dl class='gallery-item ' title='Natale a Verona , Confcommercio' >\r\n            <dt class='gallery-icon '>\r\n               <a data-title=\"Natale a Verona , Confcommercio\"  class=\"\"  href='https:\/\/www.museonicolis.com\/html\/uploads\/2016\/11\/Piazza-Dante-e-mercatini-di-Natale.jpg'><img loading=\"lazy\" decoding=\"async\" width=\"300\" height=\"200\" src=\"https:\/\/www.museonicolis.com\/html\/uploads\/2016\/11\/Piazza-Dante-e-mercatini-di-Natale-901x600.jpg\" class=\"attachment-medium size-medium\" alt=\"\" srcset=\"https:\/\/www.museonicolis.com\/html\/uploads\/2016\/11\/Piazza-Dante-e-mercatini-di-Natale-901x600.jpg 901w, https:\/\/www.museonicolis.com\/html\/uploads\/2016\/11\/Piazza-Dante-e-mercatini-di-Natale-768x512.jpg 768w, https:\/\/www.museonicolis.com\/html\/uploads\/2016\/11\/Piazza-Dante-e-mercatini-di-Natale.jpg 1153w\" sizes=\"auto, (max-width: 300px) 100vw, 300px\" \/><\/a>\r\n            <\/dt><\/dl><dl class='gallery-item ' title='Natale a Verona, Confcommercio' >\r\n            <dt class='gallery-icon '>\r\n               <a data-title=\"Natale a Verona, Confcommercio\"  class=\"\"  href='https:\/\/www.museonicolis.com\/html\/uploads\/2016\/11\/lago-natale.jpg'><img loading=\"lazy\" decoding=\"async\" width=\"300\" height=\"200\" src=\"https:\/\/www.museonicolis.com\/html\/uploads\/2016\/11\/lago-natale-898x600.jpg\" class=\"attachment-medium size-medium\" alt=\"\" srcset=\"https:\/\/www.museonicolis.com\/html\/uploads\/2016\/11\/lago-natale-898x600.jpg 898w, https:\/\/www.museonicolis.com\/html\/uploads\/2016\/11\/lago-natale-768x513.jpg 768w\" sizes=\"auto, (max-width: 300px) 100vw, 300px\" \/><\/a>\r\n            <\/dt><\/dl>\r\n            <br style='clear: both;' \/>\r\n        <\/div>\n\n","protected":false},"excerpt":{"rendered":"<p>Verona, UNESCO World Heritage Site and always a meeting point for culture and traditions, is transformed and dresses of lights, sounds and colors of Christmas.<\/p>\n","protected":false},"author":4,"featured_media":21616,"comment_status":"closed","ping_status":"closed","sticky":false,"template":"","format":"standard","meta":{"_acf_changed":false,"om_disable_all_campaigns":false,"footnotes":""},"categories":[58],"tags":[],"class_list":["post-21637","post","type-post","status-publish","format-standard","has-post-thumbnail","hentry","category-activities"],"acf":[],"yoast_head":"<!-- This site is optimized with the Yoast SEO plugin v22.0 - https:\/\/yoast.com\/wordpress\/plugins\/seo\/ -->\n<title>Verona, the magic of Christmas traditions. - Museo Nicolis<\/title>\n<meta name=\"robots\" content=\"index, follow, max-snippet:-1, max-image-preview:large, max-video-preview:-1\" \/>\n<link rel=\"canonical\" href=\"https:\/\/www.museonicolis.com\/en\/confcommercio-natale-a-verona\/\" \/>\n<meta property=\"og:locale\" content=\"en_US\" \/>\n<meta property=\"og:type\" content=\"article\" \/>\n<meta property=\"og:title\" content=\"Verona, the magic of Christmas traditions. - Museo Nicolis\" \/>\n<meta property=\"og:description\" content=\"Verona, UNESCO World Heritage Site and always a meeting point for culture and traditions, is transformed and dresses of lights, sounds and colors of Christmas.\" \/>\n<meta property=\"og:url\" content=\"https:\/\/www.museonicolis.com\/en\/confcommercio-natale-a-verona\/\" \/>\n<meta property=\"og:site_name\" content=\"Museo Nicolis\" \/>\n<meta property=\"article:published_time\" content=\"2016-11-18T13:14:55+00:00\" \/>\n<meta property=\"article:modified_time\" content=\"2016-11-19T14:10:59+00:00\" \/>\n<meta property=\"og:image\" content=\"https:\/\/www.museonicolis.com\/html\/uploads\/2016\/11\/Stella-in-Piazza-Bra-2.jpg\" \/>\n\t<meta property=\"og:image:width\" content=\"3230\" \/>\n\t<meta property=\"og:image:height\" content=\"2185\" \/>\n\t<meta property=\"og:image:type\" content=\"image\/jpeg\" \/>\n<meta name=\"author\" content=\"meeting@museonicolis.com\" \/>\n<meta name=\"twitter:card\" content=\"summary_large_image\" \/>\n<meta name=\"twitter:label1\" content=\"Written by\" \/>\n\t<meta name=\"twitter:data1\" content=\"meeting@museonicolis.com\" \/>\n\t<meta name=\"twitter:label2\" content=\"Est. reading time\" \/>\n\t<meta name=\"twitter:data2\" content=\"6 minutes\" \/>\n<script type=\"application\/ld+json\" class=\"yoast-schema-graph\">{\"@context\":\"https:\/\/schema.org\",\"@graph\":[{\"@type\":\"WebPage\",\"@id\":\"https:\/\/www.museonicolis.com\/en\/confcommercio-natale-a-verona\/\",\"url\":\"https:\/\/www.museonicolis.com\/en\/confcommercio-natale-a-verona\/\",\"name\":\"Verona, the magic of Christmas traditions. - Museo Nicolis\",\"isPartOf\":{\"@id\":\"https:\/\/www.museonicolis.com\/#website\"},\"datePublished\":\"2016-11-18T13:14:55+00:00\",\"dateModified\":\"2016-11-19T14:10:59+00:00\",\"author\":{\"@id\":\"https:\/\/www.museonicolis.com\/#\/schema\/person\/2a5babb253c2acd95a2e1cb4a053ddd3\"},\"breadcrumb\":{\"@id\":\"https:\/\/www.museonicolis.com\/en\/confcommercio-natale-a-verona\/#breadcrumb\"},\"inLanguage\":\"en-US\",\"potentialAction\":[{\"@type\":\"ReadAction\",\"target\":[\"https:\/\/www.museonicolis.com\/en\/confcommercio-natale-a-verona\/\"]}]},{\"@type\":\"BreadcrumbList\",\"@id\":\"https:\/\/www.museonicolis.com\/en\/confcommercio-natale-a-verona\/#breadcrumb\",\"itemListElement\":[{\"@type\":\"ListItem\",\"position\":1,\"name\":\"Home\",\"item\":\"https:\/\/www.museonicolis.com\/en\/\"},{\"@type\":\"ListItem\",\"position\":2,\"name\":\"Verona, the magic of Christmas traditions.\"}]},{\"@type\":\"WebSite\",\"@id\":\"https:\/\/www.museonicolis.com\/#website\",\"url\":\"https:\/\/www.museonicolis.com\/\",\"name\":\"Museo Nicolis\",\"description\":\"Hundreds of cars, motorcycles and bicycles\",\"potentialAction\":[{\"@type\":\"SearchAction\",\"target\":{\"@type\":\"EntryPoint\",\"urlTemplate\":\"https:\/\/www.museonicolis.com\/?s={search_term_string}\"},\"query-input\":\"required name=search_term_string\"}],\"inLanguage\":\"en-US\"},{\"@type\":\"Person\",\"@id\":\"https:\/\/www.museonicolis.com\/#\/schema\/person\/2a5babb253c2acd95a2e1cb4a053ddd3\",\"name\":\"meeting@museonicolis.com\",\"image\":{\"@type\":\"ImageObject\",\"inLanguage\":\"en-US\",\"@id\":\"https:\/\/www.museonicolis.com\/#\/schema\/person\/image\/\",\"url\":\"https:\/\/secure.gravatar.com\/avatar\/13f9740d129fd04958facdd0913eae65c45de377e4c521adf512ab5e7c5d11c3?s=96&d=mm&r=g\",\"contentUrl\":\"https:\/\/secure.gravatar.com\/avatar\/13f9740d129fd04958facdd0913eae65c45de377e4c521adf512ab5e7c5d11c3?s=96&d=mm&r=g\",\"caption\":\"meeting@museonicolis.com\"},\"url\":\"https:\/\/www.museonicolis.com\/en\/author\/meetingmuseonicolis-com\/\"}]}<\/script>\n<!-- \/ Yoast SEO plugin. -->","yoast_head_json":{"title":"Verona, the magic of Christmas traditions. - Museo Nicolis","robots":{"index":"index","follow":"follow","max-snippet":"max-snippet:-1","max-image-preview":"max-image-preview:large","max-video-preview":"max-video-preview:-1"},"canonical":"https:\/\/www.museonicolis.com\/en\/confcommercio-natale-a-verona\/","og_locale":"en_US","og_type":"article","og_title":"Verona, the magic of Christmas traditions. - Museo Nicolis","og_description":"Verona, UNESCO World Heritage Site and always a meeting point for culture and traditions, is transformed and dresses of lights, sounds and colors of Christmas.","og_url":"https:\/\/www.museonicolis.com\/en\/confcommercio-natale-a-verona\/","og_site_name":"Museo Nicolis","article_published_time":"2016-11-18T13:14:55+00:00","article_modified_time":"2016-11-19T14:10:59+00:00","og_image":[{"width":3230,"height":2185,"url":"https:\/\/www.museonicolis.com\/html\/uploads\/2016\/11\/Stella-in-Piazza-Bra-2.jpg","type":"image\/jpeg"}],"author":"meeting@museonicolis.com","twitter_card":"summary_large_image","twitter_misc":{"Written by":"meeting@museonicolis.com","Est. reading time":"6 minutes"},"schema":{"@context":"https:\/\/schema.org","@graph":[{"@type":"WebPage","@id":"https:\/\/www.museonicolis.com\/en\/confcommercio-natale-a-verona\/","url":"https:\/\/www.museonicolis.com\/en\/confcommercio-natale-a-verona\/","name":"Verona, the magic of Christmas traditions. - Museo Nicolis","isPartOf":{"@id":"https:\/\/www.museonicolis.com\/#website"},"datePublished":"2016-11-18T13:14:55+00:00","dateModified":"2016-11-19T14:10:59+00:00","author":{"@id":"https:\/\/www.museonicolis.com\/#\/schema\/person\/2a5babb253c2acd95a2e1cb4a053ddd3"},"breadcrumb":{"@id":"https:\/\/www.museonicolis.com\/en\/confcommercio-natale-a-verona\/#breadcrumb"},"inLanguage":"en-US","potentialAction":[{"@type":"ReadAction","target":["https:\/\/www.museonicolis.com\/en\/confcommercio-natale-a-verona\/"]}]},{"@type":"BreadcrumbList","@id":"https:\/\/www.museonicolis.com\/en\/confcommercio-natale-a-verona\/#breadcrumb","itemListElement":[{"@type":"ListItem","position":1,"name":"Home","item":"https:\/\/www.museonicolis.com\/en\/"},{"@type":"ListItem","position":2,"name":"Verona, the magic of Christmas traditions."}]},{"@type":"WebSite","@id":"https:\/\/www.museonicolis.com\/#website","url":"https:\/\/www.museonicolis.com\/","name":"Museo Nicolis","description":"Hundreds of cars, motorcycles and bicycles","potentialAction":[{"@type":"SearchAction","target":{"@type":"EntryPoint","urlTemplate":"https:\/\/www.museonicolis.com\/?s={search_term_string}"},"query-input":"required name=search_term_string"}],"inLanguage":"en-US"},{"@type":"Person","@id":"https:\/\/www.museonicolis.com\/#\/schema\/person\/2a5babb253c2acd95a2e1cb4a053ddd3","name":"meeting@museonicolis.com","image":{"@type":"ImageObject","inLanguage":"en-US","@id":"https:\/\/www.museonicolis.com\/#\/schema\/person\/image\/","url":"https:\/\/secure.gravatar.com\/avatar\/13f9740d129fd04958facdd0913eae65c45de377e4c521adf512ab5e7c5d11c3?s=96&d=mm&r=g","contentUrl":"https:\/\/secure.gravatar.com\/avatar\/13f9740d129fd04958facdd0913eae65c45de377e4c521adf512ab5e7c5d11c3?s=96&d=mm&r=g","caption":"meeting@museonicolis.com"},"url":"https:\/\/www.museonicolis.com\/en\/author\/meetingmuseonicolis-com\/"}]}},"_links":{"self":[{"href":"https:\/\/www.museonicolis.com\/en\/wp-json\/wp\/v2\/posts\/21637","targetHints":{"allow":["GET"]}}],"collection":[{"href":"https:\/\/www.museonicolis.com\/en\/wp-json\/wp\/v2\/posts"}],"about":[{"href":"https:\/\/www.museonicolis.com\/en\/wp-json\/wp\/v2\/types\/post"}],"author":[{"embeddable":true,"href":"https:\/\/www.museonicolis.com\/en\/wp-json\/wp\/v2\/users\/4"}],"replies":[{"embeddable":true,"href":"https:\/\/www.museonicolis.com\/en\/wp-json\/wp\/v2\/comments?post=21637"}],"version-history":[{"count":0,"href":"https:\/\/www.museonicolis.com\/en\/wp-json\/wp\/v2\/posts\/21637\/revisions"}],"wp:featuredmedia":[{"embeddable":true,"href":"https:\/\/www.museonicolis.com\/en\/wp-json\/wp\/v2\/media\/21616"}],"wp:attachment":[{"href":"https:\/\/www.museonicolis.com\/en\/wp-json\/wp\/v2\/media?parent=21637"}],"wp:term":[{"taxonomy":"category","embeddable":true,"href":"https:\/\/www.museonicolis.com\/en\/wp-json\/wp\/v2\/categories?post=21637"},{"taxonomy":"post_tag","embeddable":true,"href":"https:\/\/www.museonicolis.com\/en\/wp-json\/wp\/v2\/tags?post=21637"}],"curies":[{"name":"wp","href":"https:\/\/api.w.org\/{rel}","templated":true}]}}