{"id":21476,"date":"2016-10-15T15:28:42","date_gmt":"2016-10-15T13:28:42","guid":{"rendered":"http:\/\/www.museonicolis.com\/en\/giuseppe-cau-ad-exhibition-vespa\/"},"modified":"2017-10-14T17:35:06","modified_gmt":"2017-10-14T15:35:06","slug":"giuseppe-cau-ad-exhibition-vespa","status":"publish","type":"post","link":"https:\/\/www.museonicolis.com\/en\/giuseppe-cau-ad-exhibition-vespa\/","title":{"rendered":"Special Guest &#8211; Giuseppe Cau, the legendary motorcycle racer"},"content":{"rendered":"<p>Giuseppe Cau: il pilota leggendario senza il quale la Vespa non sarebbe stata la stessa<\/p>\n<p>La storia della Vespa \u00e8 fatta di persone speciali accomunate dalla genialit\u00e0 e dalla passione per il proprio lavoro. Prima tra tutte ovviamente \u00e8 Corradino D\u2019Ascanio, dalla cui matita nel 1946 presero vita le linee di una scocca del tutto innovativa per quei tempi, contorni semplici e allo stesso tempo funzionali ed eleganti che furono l\u2019antitesi di un\u2019opera meccanica straordinaria. Quel primo schizzo d\u2019arte del proprio ingegnere fece innamorare l\u2019imprenditore Enrico Piaggio, altro tassello fondamentale della storia, che fece mettere immediatamente in produzione il primo prototipo. I suoi dipendenti, affascinati e stimolati da quella nuova emozionante sfida, si misero subito al lavoro e in soli in sei mesi diedero forma e dimensione alla prima Vespa della storia. Poi arriva Giuseppe Cau. All\u2019epoca aveva 18 anni, viveva a Roma e lavorava presso l\u2019officina meccanica di Luciano Moroni. La sua mansione era quella di trasformare in veicoli civili le moto militari inglesi Norton, Triumph. BSA e Matchless recuperate nel deposito di Aversa costituito dal Ministero della Ricostruzione appositamente per favorire il recupero dei residuati della grande guerra. Riparare e testare scocche e motori era il suo mestiere ma la velocit\u00e0 era la sua grande passione. \u201cA quell\u2019et\u00e0 ero proprio un pischelletto \u2013 racconta \u2013 un tipo bassino, fisico gracile, mingherlino, 42 kg di peso\u201d. Piccola statura, fibre potenti, una corporatura snella e tosta da peso piuma al massimo della forma: le sue armi vincenti. Moroni, uno dallo sguardo che arrivava lontano, lo intuisce subito. \u201cGiuseppe, il tuo mezzo ideale \u00e8 la Vespa di Piaggio. Piccoletto come sei, sopra a quella a te chi ti ferma?\u201d. Cos\u00ec quando arriv\u00f2 in officina una Vespa da riparare Giuseppe chiese il permesso al proprietario di utilizzarla per la gara al Lido di Ostia, organizzata da Luigi di Gennaro, il primo concessionario Vespa del Lazio. Partecip\u00f2 cos\u00ec alla sua prima competizione e, nonostante avesse in dotazione una Vespa da turismo, si piazz\u00f2 al secondo posto, sbaragliando esperti piloti in sella a vere Vespa da competizione.<\/p>\n<p>Leggi articolo su Giuseppe Cau, Valdera in Vespa<\/p>\n<blockquote class=\"wp-embedded-content\" data-secret=\"5Gq2hH2VT4\"><p><a href=\"http:\/\/valderainvespa.altervista.org\/giuseppe-cau-il-pilota-leggendario-senza-il-quale-la-vespa-non-sarebbe-stata-la-stessa\/\">Giuseppe Cau: il pilota leggendario senza il quale la Vespa non sarebbe stata la stessa<\/a><\/p><\/blockquote>\n<p><iframe loading=\"lazy\" class=\"wp-embedded-content\" sandbox=\"allow-scripts\" security=\"restricted\" style=\"position: absolute; clip: rect(1px, 1px, 1px, 1px);\" title=\"&#8220;Giuseppe Cau: il pilota leggendario senza il quale la Vespa non sarebbe stata la stessa&#8221; &#8212; Valdera in Vespa\" src=\"http:\/\/valderainvespa.altervista.org\/giuseppe-cau-il-pilota-leggendario-senza-il-quale-la-vespa-non-sarebbe-stata-la-stessa\/embed\/#?secret=5Gq2hH2VT4\" data-secret=\"5Gq2hH2VT4\" width=\"600\" height=\"338\" frameborder=\"0\" marginwidth=\"0\" marginheight=\"0\" scrolling=\"no\"><\/iframe><\/p>\n\r\n\r\n        <!-- see gallery_shortcode() in wp-includes\/media.php -->\r\n        <div id='gallery-1' class='lu-gallery gallery galleryid-21476'><dl class='gallery-item ' title='giuseppe cau vespa' >\r\n            <dt class='gallery-icon '>\r\n               <a data-title=\"giuseppe cau vespa\"  class=\"\"  href='https:\/\/www.museonicolis.com\/html\/uploads\/2016\/10\/DSC_0019.jpg'><img loading=\"lazy\" decoding=\"async\" width=\"300\" height=\"200\" src=\"https:\/\/www.museonicolis.com\/html\/uploads\/2016\/10\/DSC_0019-899x600.jpg\" class=\"attachment-medium size-medium\" alt=\"\" srcset=\"https:\/\/www.museonicolis.com\/html\/uploads\/2016\/10\/DSC_0019-899x600.jpg 899w, https:\/\/www.museonicolis.com\/html\/uploads\/2016\/10\/DSC_0019-768x513.jpg 768w\" sizes=\"auto, (max-width: 300px) 100vw, 300px\" \/><\/a>\r\n            <\/dt><\/dl><dl class='gallery-item ' title='giuseppe cau vespa' >\r\n            <dt class='gallery-icon '>\r\n               <a data-title=\"giuseppe cau vespa\"  class=\"\"  href='https:\/\/www.museonicolis.com\/html\/uploads\/2016\/10\/DSC_9971.jpg'><img loading=\"lazy\" decoding=\"async\" width=\"300\" height=\"200\" src=\"https:\/\/www.museonicolis.com\/html\/uploads\/2016\/10\/DSC_9971-899x600.jpg\" class=\"attachment-medium size-medium\" alt=\"\" srcset=\"https:\/\/www.museonicolis.com\/html\/uploads\/2016\/10\/DSC_9971-899x600.jpg 899w, https:\/\/www.museonicolis.com\/html\/uploads\/2016\/10\/DSC_9971-768x513.jpg 768w\" sizes=\"auto, (max-width: 300px) 100vw, 300px\" \/><\/a>\r\n            <\/dt><\/dl><dl class='gallery-item ' title='giuseppe cau vespa' >\r\n            <dt class='gallery-icon '>\r\n               <a data-title=\"giuseppe cau vespa\"  class=\"\"  href='https:\/\/www.museonicolis.com\/html\/uploads\/2016\/10\/DSC_0012.jpg'><img loading=\"lazy\" decoding=\"async\" width=\"300\" height=\"200\" src=\"https:\/\/www.museonicolis.com\/html\/uploads\/2016\/10\/DSC_0012-899x600.jpg\" class=\"attachment-medium size-medium\" alt=\"\" srcset=\"https:\/\/www.museonicolis.com\/html\/uploads\/2016\/10\/DSC_0012-899x600.jpg 899w, https:\/\/www.museonicolis.com\/html\/uploads\/2016\/10\/DSC_0012-768x513.jpg 768w\" sizes=\"auto, (max-width: 300px) 100vw, 300px\" \/><\/a>\r\n            <\/dt><\/dl><dl class='gallery-item ' title='giuseppe cau vespa' >\r\n            <dt class='gallery-icon '>\r\n               <a data-title=\"giuseppe cau vespa\"  class=\"\"  href='https:\/\/www.museonicolis.com\/html\/uploads\/2016\/10\/DSC_9966.jpg'><img loading=\"lazy\" decoding=\"async\" width=\"300\" height=\"200\" src=\"https:\/\/www.museonicolis.com\/html\/uploads\/2016\/10\/DSC_9966-899x600.jpg\" class=\"attachment-medium size-medium\" alt=\"\" srcset=\"https:\/\/www.museonicolis.com\/html\/uploads\/2016\/10\/DSC_9966-899x600.jpg 899w, https:\/\/www.museonicolis.com\/html\/uploads\/2016\/10\/DSC_9966-768x513.jpg 768w\" sizes=\"auto, (max-width: 300px) 100vw, 300px\" \/><\/a>\r\n            <\/dt><\/dl><dl class='gallery-item ' title='giuseppe cau vespa' >\r\n            <dt class='gallery-icon '>\r\n               <a data-title=\"giuseppe cau vespa\"  class=\"\"  href='https:\/\/www.museonicolis.com\/html\/uploads\/2016\/10\/DSC_9958.jpg'><img loading=\"lazy\" decoding=\"async\" width=\"300\" height=\"200\" src=\"https:\/\/www.museonicolis.com\/html\/uploads\/2016\/10\/DSC_9958-899x600.jpg\" class=\"attachment-medium size-medium\" alt=\"\" srcset=\"https:\/\/www.museonicolis.com\/html\/uploads\/2016\/10\/DSC_9958-899x600.jpg 899w, https:\/\/www.museonicolis.com\/html\/uploads\/2016\/10\/DSC_9958-768x513.jpg 768w\" sizes=\"auto, (max-width: 300px) 100vw, 300px\" \/><\/a>\r\n            <\/dt><\/dl><dl class='gallery-item ' title='giuseppe cau vespa' >\r\n            <dt class='gallery-icon '>\r\n               <a data-title=\"giuseppe cau vespa\"  class=\"\"  href='https:\/\/www.museonicolis.com\/html\/uploads\/2016\/10\/DSC_9957.jpg'><img loading=\"lazy\" decoding=\"async\" width=\"300\" height=\"200\" src=\"https:\/\/www.museonicolis.com\/html\/uploads\/2016\/10\/DSC_9957-899x600.jpg\" class=\"attachment-medium size-medium\" alt=\"\" srcset=\"https:\/\/www.museonicolis.com\/html\/uploads\/2016\/10\/DSC_9957-899x600.jpg 899w, https:\/\/www.museonicolis.com\/html\/uploads\/2016\/10\/DSC_9957-768x513.jpg 768w\" sizes=\"auto, (max-width: 300px) 100vw, 300px\" \/><\/a>\r\n            <\/dt><\/dl><dl class='gallery-item ' title='giuseppe cau vespa' >\r\n            <dt class='gallery-icon '>\r\n               <a data-title=\"giuseppe cau vespa\"  class=\"\"  href='https:\/\/www.museonicolis.com\/html\/uploads\/2016\/10\/DSC_0017.jpg'><img loading=\"lazy\" decoding=\"async\" width=\"300\" height=\"200\" src=\"https:\/\/www.museonicolis.com\/html\/uploads\/2016\/10\/DSC_0017-899x600.jpg\" class=\"attachment-medium size-medium\" alt=\"\" srcset=\"https:\/\/www.museonicolis.com\/html\/uploads\/2016\/10\/DSC_0017-899x600.jpg 899w, https:\/\/www.museonicolis.com\/html\/uploads\/2016\/10\/DSC_0017-768x513.jpg 768w\" sizes=\"auto, (max-width: 300px) 100vw, 300px\" \/><\/a>\r\n            <\/dt><\/dl><dl class='gallery-item ' title='giuseppe cau vespa' >\r\n            <dt class='gallery-icon '>\r\n               <a data-title=\"giuseppe cau vespa\"  class=\"\"  href='https:\/\/www.museonicolis.com\/html\/uploads\/2016\/10\/DSC_0010.jpg'><img loading=\"lazy\" decoding=\"async\" width=\"300\" height=\"200\" src=\"https:\/\/www.museonicolis.com\/html\/uploads\/2016\/10\/DSC_0010-899x600.jpg\" class=\"attachment-medium size-medium\" alt=\"\" srcset=\"https:\/\/www.museonicolis.com\/html\/uploads\/2016\/10\/DSC_0010-899x600.jpg 899w, https:\/\/www.museonicolis.com\/html\/uploads\/2016\/10\/DSC_0010-768x513.jpg 768w\" sizes=\"auto, (max-width: 300px) 100vw, 300px\" \/><\/a>\r\n            <\/dt><\/dl><dl class='gallery-item ' title='giuseppe cau vespa' >\r\n            <dt class='gallery-icon '>\r\n               <a data-title=\"giuseppe cau vespa\"  class=\"\"  href='https:\/\/www.museonicolis.com\/html\/uploads\/2016\/10\/DSC_0008.jpg'><img loading=\"lazy\" decoding=\"async\" width=\"300\" height=\"200\" src=\"https:\/\/www.museonicolis.com\/html\/uploads\/2016\/10\/DSC_0008-899x600.jpg\" class=\"attachment-medium size-medium\" alt=\"\" srcset=\"https:\/\/www.museonicolis.com\/html\/uploads\/2016\/10\/DSC_0008-899x600.jpg 899w, https:\/\/www.museonicolis.com\/html\/uploads\/2016\/10\/DSC_0008-768x513.jpg 768w\" sizes=\"auto, (max-width: 300px) 100vw, 300px\" \/><\/a>\r\n            <\/dt><\/dl><dl class='gallery-item ' title='giuseppe cau vespa' >\r\n            <dt class='gallery-icon '>\r\n               <a data-title=\"giuseppe cau vespa\"  class=\"\"  href='https:\/\/www.museonicolis.com\/html\/uploads\/2016\/10\/DSC_0007.jpg'><img loading=\"lazy\" decoding=\"async\" width=\"300\" height=\"200\" src=\"https:\/\/www.museonicolis.com\/html\/uploads\/2016\/10\/DSC_0007-899x600.jpg\" class=\"attachment-medium size-medium\" alt=\"\" srcset=\"https:\/\/www.museonicolis.com\/html\/uploads\/2016\/10\/DSC_0007-899x600.jpg 899w, https:\/\/www.museonicolis.com\/html\/uploads\/2016\/10\/DSC_0007-768x513.jpg 768w\" sizes=\"auto, (max-width: 300px) 100vw, 300px\" \/><\/a>\r\n            <\/dt><\/dl><dl class='gallery-item ' title='giuseppe cau vespa' >\r\n            <dt class='gallery-icon '>\r\n               <a data-title=\"giuseppe cau vespa\"  class=\"\"  href='https:\/\/www.museonicolis.com\/html\/uploads\/2016\/10\/DSC_0001-1.jpg'><img loading=\"lazy\" decoding=\"async\" width=\"300\" height=\"200\" src=\"https:\/\/www.museonicolis.com\/html\/uploads\/2016\/10\/DSC_0001-1-899x600.jpg\" class=\"attachment-medium size-medium\" alt=\"\" srcset=\"https:\/\/www.museonicolis.com\/html\/uploads\/2016\/10\/DSC_0001-1-899x600.jpg 899w, https:\/\/www.museonicolis.com\/html\/uploads\/2016\/10\/DSC_0001-1-768x513.jpg 768w\" sizes=\"auto, (max-width: 300px) 100vw, 300px\" \/><\/a>\r\n            <\/dt><\/dl><dl class='gallery-item ' title='giuseppe cau vespa' >\r\n            <dt class='gallery-icon '>\r\n               <a data-title=\"giuseppe cau vespa\"  class=\"\"  href='https:\/\/www.museonicolis.com\/html\/uploads\/2016\/10\/G.CAU_.jpg'><img loading=\"lazy\" decoding=\"async\" width=\"300\" height=\"143\" src=\"https:\/\/www.museonicolis.com\/html\/uploads\/2016\/10\/G.CAU_-1170x556.jpg\" class=\"attachment-medium size-medium\" alt=\"\" srcset=\"https:\/\/www.museonicolis.com\/html\/uploads\/2016\/10\/G.CAU_-1170x556.jpg 1170w, https:\/\/www.museonicolis.com\/html\/uploads\/2016\/10\/G.CAU_-768x365.jpg 768w, https:\/\/www.museonicolis.com\/html\/uploads\/2016\/10\/G.CAU_-1262x600.jpg 1262w\" sizes=\"auto, (max-width: 300px) 100vw, 300px\" \/><\/a>\r\n            <\/dt><\/dl><dl class='gallery-item lu-hide-image' title='giuseppe cau vespa' >\r\n            <dt class='gallery-icon '>\r\n               <a data-title=\"giuseppe cau vespa\"  class=\"\"  href='https:\/\/www.museonicolis.com\/html\/uploads\/2016\/10\/DSC_9983.jpg'><img loading=\"lazy\" decoding=\"async\" width=\"300\" height=\"220\" src=\"https:\/\/www.museonicolis.com\/html\/uploads\/2016\/10\/DSC_9983-819x600.jpg\" class=\"attachment-medium size-medium\" alt=\"\" srcset=\"https:\/\/www.museonicolis.com\/html\/uploads\/2016\/10\/DSC_9983-819x600.jpg 819w, https:\/\/www.museonicolis.com\/html\/uploads\/2016\/10\/DSC_9983-768x563.jpg 768w\" sizes=\"auto, (max-width: 300px) 100vw, 300px\" \/><\/a>\r\n            <\/dt><\/dl>\r\n            <br style='clear: both;' \/>\r\n        <\/div>\n<div class=\"link-gallery\"><a href=\"?gallery=true\">Vedi tutte 13<\/a><\/div>\n","protected":false},"excerpt":{"rendered":"<p>Giuseppe Cau: il pilota leggendario senza il quale la Vespa non sarebbe stata la stessa La storia della Vespa \u00e8 fatta di persone speciali accomunate dalla genialit\u00e0 e dalla passione per il proprio lavoro. Prima tra tutte ovviamente \u00e8 Corradino D\u2019Ascanio, dalla cui matita nel 1946 presero vita le linee di una scocca del tutto&#8230;<\/p>\n","protected":false},"author":7,"featured_media":19653,"comment_status":"closed","ping_status":"closed","sticky":false,"template":"","format":"standard","meta":{"_acf_changed":false,"om_disable_all_campaigns":false,"footnotes":""},"categories":[58],"tags":[],"class_list":["post-21476","post","type-post","status-publish","format-standard","has-post-thumbnail","hentry","category-activities"],"acf":[],"yoast_head":"<!-- This site is optimized with the Yoast SEO plugin v22.0 - https:\/\/yoast.com\/wordpress\/plugins\/seo\/ -->\n<title>Special Guest - Giuseppe Cau, the legendary motorcycle racer - Museo Nicolis<\/title>\n<meta name=\"robots\" content=\"index, follow, max-snippet:-1, max-image-preview:large, max-video-preview:-1\" \/>\n<link rel=\"canonical\" href=\"https:\/\/www.museonicolis.com\/en\/giuseppe-cau-ad-exhibition-vespa\/\" \/>\n<meta property=\"og:locale\" content=\"en_US\" \/>\n<meta property=\"og:type\" content=\"article\" \/>\n<meta property=\"og:title\" content=\"Special Guest - Giuseppe Cau, the legendary motorcycle racer - Museo Nicolis\" \/>\n<meta property=\"og:description\" content=\"Giuseppe Cau: il pilota leggendario senza il quale la Vespa non sarebbe stata la stessa La storia della Vespa \u00e8 fatta di persone speciali accomunate dalla genialit\u00e0 e dalla passione per il proprio lavoro. Prima tra tutte ovviamente \u00e8 Corradino D\u2019Ascanio, dalla cui matita nel 1946 presero vita le linee di una scocca del tutto...\" \/>\n<meta property=\"og:url\" content=\"https:\/\/www.museonicolis.com\/en\/giuseppe-cau-ad-exhibition-vespa\/\" \/>\n<meta property=\"og:site_name\" content=\"Museo Nicolis\" \/>\n<meta property=\"article:published_time\" content=\"2016-10-15T13:28:42+00:00\" \/>\n<meta property=\"article:modified_time\" content=\"2017-10-14T15:35:06+00:00\" \/>\n<meta property=\"og:image\" content=\"https:\/\/www.museonicolis.com\/html\/uploads\/2016\/10\/DSC_0019-899x600.jpg\" \/>\n\t<meta property=\"og:image:width\" content=\"899\" \/>\n\t<meta property=\"og:image:height\" content=\"600\" \/>\n\t<meta property=\"og:image:type\" content=\"image\/jpeg\" \/>\n<meta name=\"author\" content=\"customerservice@museonicolis.com\" \/>\n<meta name=\"twitter:card\" content=\"summary_large_image\" \/>\n<meta name=\"twitter:label1\" content=\"Written by\" \/>\n\t<meta name=\"twitter:data1\" content=\"customerservice@museonicolis.com\" \/>\n\t<meta name=\"twitter:label2\" content=\"Est. reading time\" \/>\n\t<meta name=\"twitter:data2\" content=\"2 minutes\" \/>\n<script type=\"application\/ld+json\" class=\"yoast-schema-graph\">{\"@context\":\"https:\/\/schema.org\",\"@graph\":[{\"@type\":\"WebPage\",\"@id\":\"https:\/\/www.museonicolis.com\/en\/giuseppe-cau-ad-exhibition-vespa\/\",\"url\":\"https:\/\/www.museonicolis.com\/en\/giuseppe-cau-ad-exhibition-vespa\/\",\"name\":\"Special Guest - Giuseppe Cau, the legendary motorcycle racer - Museo Nicolis\",\"isPartOf\":{\"@id\":\"https:\/\/www.museonicolis.com\/#website\"},\"datePublished\":\"2016-10-15T13:28:42+00:00\",\"dateModified\":\"2017-10-14T15:35:06+00:00\",\"author\":{\"@id\":\"https:\/\/www.museonicolis.com\/#\/schema\/person\/02bea61b73103d2bee07cdaaf7423100\"},\"breadcrumb\":{\"@id\":\"https:\/\/www.museonicolis.com\/en\/giuseppe-cau-ad-exhibition-vespa\/#breadcrumb\"},\"inLanguage\":\"en-US\",\"potentialAction\":[{\"@type\":\"ReadAction\",\"target\":[\"https:\/\/www.museonicolis.com\/en\/giuseppe-cau-ad-exhibition-vespa\/\"]}]},{\"@type\":\"BreadcrumbList\",\"@id\":\"https:\/\/www.museonicolis.com\/en\/giuseppe-cau-ad-exhibition-vespa\/#breadcrumb\",\"itemListElement\":[{\"@type\":\"ListItem\",\"position\":1,\"name\":\"Home\",\"item\":\"https:\/\/www.museonicolis.com\/en\/\"},{\"@type\":\"ListItem\",\"position\":2,\"name\":\"Special Guest &#8211; Giuseppe Cau, the legendary motorcycle racer\"}]},{\"@type\":\"WebSite\",\"@id\":\"https:\/\/www.museonicolis.com\/#website\",\"url\":\"https:\/\/www.museonicolis.com\/\",\"name\":\"Museo Nicolis\",\"description\":\"Hundreds of cars, motorcycles and bicycles\",\"potentialAction\":[{\"@type\":\"SearchAction\",\"target\":{\"@type\":\"EntryPoint\",\"urlTemplate\":\"https:\/\/www.museonicolis.com\/?s={search_term_string}\"},\"query-input\":\"required name=search_term_string\"}],\"inLanguage\":\"en-US\"},{\"@type\":\"Person\",\"@id\":\"https:\/\/www.museonicolis.com\/#\/schema\/person\/02bea61b73103d2bee07cdaaf7423100\",\"name\":\"customerservice@museonicolis.com\",\"image\":{\"@type\":\"ImageObject\",\"inLanguage\":\"en-US\",\"@id\":\"https:\/\/www.museonicolis.com\/#\/schema\/person\/image\/\",\"url\":\"https:\/\/secure.gravatar.com\/avatar\/dd3e1888493a80bc777c4a1e9d65715062d7dc8040bcd2f6edae2ff562bc74df?s=96&d=mm&r=g\",\"contentUrl\":\"https:\/\/secure.gravatar.com\/avatar\/dd3e1888493a80bc777c4a1e9d65715062d7dc8040bcd2f6edae2ff562bc74df?s=96&d=mm&r=g\",\"caption\":\"customerservice@museonicolis.com\"},\"url\":\"https:\/\/www.museonicolis.com\/en\/author\/customerservicemuseonicolis-com\/\"}]}<\/script>\n<!-- \/ Yoast SEO plugin. -->","yoast_head_json":{"title":"Special Guest - Giuseppe Cau, the legendary motorcycle racer - Museo Nicolis","robots":{"index":"index","follow":"follow","max-snippet":"max-snippet:-1","max-image-preview":"max-image-preview:large","max-video-preview":"max-video-preview:-1"},"canonical":"https:\/\/www.museonicolis.com\/en\/giuseppe-cau-ad-exhibition-vespa\/","og_locale":"en_US","og_type":"article","og_title":"Special Guest - Giuseppe Cau, the legendary motorcycle racer - Museo Nicolis","og_description":"Giuseppe Cau: il pilota leggendario senza il quale la Vespa non sarebbe stata la stessa La storia della Vespa \u00e8 fatta di persone speciali accomunate dalla genialit\u00e0 e dalla passione per il proprio lavoro. Prima tra tutte ovviamente \u00e8 Corradino D\u2019Ascanio, dalla cui matita nel 1946 presero vita le linee di una scocca del tutto...","og_url":"https:\/\/www.museonicolis.com\/en\/giuseppe-cau-ad-exhibition-vespa\/","og_site_name":"Museo Nicolis","article_published_time":"2016-10-15T13:28:42+00:00","article_modified_time":"2017-10-14T15:35:06+00:00","og_image":[{"width":899,"height":600,"url":"https:\/\/www.museonicolis.com\/html\/uploads\/2016\/10\/DSC_0019-899x600.jpg","type":"image\/jpeg"}],"author":"customerservice@museonicolis.com","twitter_card":"summary_large_image","twitter_misc":{"Written by":"customerservice@museonicolis.com","Est. reading time":"2 minutes"},"schema":{"@context":"https:\/\/schema.org","@graph":[{"@type":"WebPage","@id":"https:\/\/www.museonicolis.com\/en\/giuseppe-cau-ad-exhibition-vespa\/","url":"https:\/\/www.museonicolis.com\/en\/giuseppe-cau-ad-exhibition-vespa\/","name":"Special Guest - Giuseppe Cau, the legendary motorcycle racer - Museo Nicolis","isPartOf":{"@id":"https:\/\/www.museonicolis.com\/#website"},"datePublished":"2016-10-15T13:28:42+00:00","dateModified":"2017-10-14T15:35:06+00:00","author":{"@id":"https:\/\/www.museonicolis.com\/#\/schema\/person\/02bea61b73103d2bee07cdaaf7423100"},"breadcrumb":{"@id":"https:\/\/www.museonicolis.com\/en\/giuseppe-cau-ad-exhibition-vespa\/#breadcrumb"},"inLanguage":"en-US","potentialAction":[{"@type":"ReadAction","target":["https:\/\/www.museonicolis.com\/en\/giuseppe-cau-ad-exhibition-vespa\/"]}]},{"@type":"BreadcrumbList","@id":"https:\/\/www.museonicolis.com\/en\/giuseppe-cau-ad-exhibition-vespa\/#breadcrumb","itemListElement":[{"@type":"ListItem","position":1,"name":"Home","item":"https:\/\/www.museonicolis.com\/en\/"},{"@type":"ListItem","position":2,"name":"Special Guest &#8211; Giuseppe Cau, the legendary motorcycle racer"}]},{"@type":"WebSite","@id":"https:\/\/www.museonicolis.com\/#website","url":"https:\/\/www.museonicolis.com\/","name":"Museo Nicolis","description":"Hundreds of cars, motorcycles and bicycles","potentialAction":[{"@type":"SearchAction","target":{"@type":"EntryPoint","urlTemplate":"https:\/\/www.museonicolis.com\/?s={search_term_string}"},"query-input":"required name=search_term_string"}],"inLanguage":"en-US"},{"@type":"Person","@id":"https:\/\/www.museonicolis.com\/#\/schema\/person\/02bea61b73103d2bee07cdaaf7423100","name":"customerservice@museonicolis.com","image":{"@type":"ImageObject","inLanguage":"en-US","@id":"https:\/\/www.museonicolis.com\/#\/schema\/person\/image\/","url":"https:\/\/secure.gravatar.com\/avatar\/dd3e1888493a80bc777c4a1e9d65715062d7dc8040bcd2f6edae2ff562bc74df?s=96&d=mm&r=g","contentUrl":"https:\/\/secure.gravatar.com\/avatar\/dd3e1888493a80bc777c4a1e9d65715062d7dc8040bcd2f6edae2ff562bc74df?s=96&d=mm&r=g","caption":"customerservice@museonicolis.com"},"url":"https:\/\/www.museonicolis.com\/en\/author\/customerservicemuseonicolis-com\/"}]}},"_links":{"self":[{"href":"https:\/\/www.museonicolis.com\/en\/wp-json\/wp\/v2\/posts\/21476","targetHints":{"allow":["GET"]}}],"collection":[{"href":"https:\/\/www.museonicolis.com\/en\/wp-json\/wp\/v2\/posts"}],"about":[{"href":"https:\/\/www.museonicolis.com\/en\/wp-json\/wp\/v2\/types\/post"}],"author":[{"embeddable":true,"href":"https:\/\/www.museonicolis.com\/en\/wp-json\/wp\/v2\/users\/7"}],"replies":[{"embeddable":true,"href":"https:\/\/www.museonicolis.com\/en\/wp-json\/wp\/v2\/comments?post=21476"}],"version-history":[{"count":0,"href":"https:\/\/www.museonicolis.com\/en\/wp-json\/wp\/v2\/posts\/21476\/revisions"}],"wp:featuredmedia":[{"embeddable":true,"href":"https:\/\/www.museonicolis.com\/en\/wp-json\/wp\/v2\/media\/19653"}],"wp:attachment":[{"href":"https:\/\/www.museonicolis.com\/en\/wp-json\/wp\/v2\/media?parent=21476"}],"wp:term":[{"taxonomy":"category","embeddable":true,"href":"https:\/\/www.museonicolis.com\/en\/wp-json\/wp\/v2\/categories?post=21476"},{"taxonomy":"post_tag","embeddable":true,"href":"https:\/\/www.museonicolis.com\/en\/wp-json\/wp\/v2\/tags?post=21476"}],"curies":[{"name":"wp","href":"https:\/\/api.w.org\/{rel}","templated":true}]}}