{"id":21379,"date":"2016-11-10T15:30:07","date_gmt":"2016-11-10T14:30:07","guid":{"rendered":"http:\/\/www.museonicolis.com\/en\/eicma\/"},"modified":"2016-11-15T15:37:26","modified_gmt":"2016-11-15T14:37:26","slug":"eicma","status":"publish","type":"post","link":"https:\/\/www.museonicolis.com\/en\/eicma\/","title":{"rendered":"Meeting EICMA &#8211; Silvia Nicolis speaker for Verona Garda Bike &#8211; Network companies"},"content":{"rendered":"<p><strong>Silvia Nicolis<\/strong>, ha partecipato quale relatore a questa importante\u00a0iniziativa, per rappresentare la rete d&#8217;impresa <strong>Verona Garda Bike<\/strong>.<\/p>\n<p>Moderatore: <strong>Pierluigi Bonora<\/strong><\/p>\n<p>Relatori<br \/>\n<strong>Rete ICT India<\/strong>, Internazionalizzazione<br \/>\n<strong>Rete Gala Smart Net<\/strong>, Innovazione<br \/>\n<strong>Rete RACEBO e Rete Precisionet<\/strong>, Collaborazione produttiva<br \/>\n<strong>Rete Verona Garda Bike<\/strong>, Collaborazione intersettoriale<br \/>\n<strong>Rete Motor Factory Italia<\/strong>, Promozione Made in Italy<\/p>\n<p>Anche quest\u2019anno presso i padiglioni di Fiera di Milano-Rho si\u00a0\u00e8 tenuta\u00a02016 di <strong>EICMA<\/strong>, l&#8217;Esposizione Mondiale del Motociclismo che rappresenta da sempre uno degli appuntamenti europei pi\u00f9 importanti per le due ruote. Il settore ciclo e motociclo \u00e8 uno dei segmenti pi\u00f9 importanti del tessuto produttivo italiano.<\/p>\n<p>Come la gran parte dell&#8217;Industria italiana anche esso \u00e8 costituito da tante piccole e medie imprese che devono confrontarsi con un mercato globale sempre pi\u00f9 complesso e competitivo. Lo strumento delle reti d&#8217;impresa pu\u00f2 rappresentare dunque una fonte di sviluppo e di evoluzione molto importante. Proprio per questo<strong> RetImpresa<\/strong> ha organizzato una giornata divulgativa per presentare agli operatori del settore le potenzialit\u00e0 della &#8220;rete d&#8217;impresa&#8221; intitolata \u201c<em>Reti d\u2019impresa: accendiamo il motore della crescita<\/em>\u201d. La giornata sar\u00e0 divisa in due parti: la mattina in forma seminariale attraverso la voce di alcuni esperti e soprattutto degli stessi imprenditori che hanno sperimentato la collaborazione reticolare, il pomeriggio attraverso B2B di approfondimento.<\/p>\n<p>Durante questa giornata ha\u00a0presenziato anche Paolo Di Marco di PDFOR Consulenza Aziendale, come esperto delle reti.<\/p>\n<p><strong>EICMA<\/strong><br \/>\nOgni anno migliaia di operatori stranieri e buyers del settore provenienti da tutto il mondo visitano Eicma in cerca di nuove opportunit\u00e0 di business.<\/p>\n<p>Una importante opportunit\u00e0 riveste che agevola l\u2019incontro tra aziende e mercato internazionale, attraverso un nuovo programma di iniziative B2B Eicma per le aziende rivolto a tutti gli espositori 2016 che desiderano approcciare nuovi mercati esteri o consolidarsi in quelli gi\u00e0 presenti.<\/p>\n<p>La proposta Eicma per le aziende offre agli espositori aderenti un calendario personalizzato di incontri con operatori stranieri e buyers selezionali e altamente profilati; seminari workshop con realt\u00e0 istituzionali di altissimo rilievo: nuove occasioni di networking internazionale; assistenza post evento e follow up.<\/p>\n\r\n\r\n        <!-- see gallery_shortcode() in wp-includes\/media.php -->\r\n        <div id='gallery-1' class='lu-gallery gallery galleryid-21379'><dl class='gallery-item ' title='EICMA VERONA GARDA BIKE BICI' >\r\n            <dt class='gallery-icon '>\r\n               <a data-title=\"EICMA VERONA GARDA BIKE BICI\"  class=\"\"  href='https:\/\/www.museonicolis.com\/html\/uploads\/2016\/10\/eicma.jpg'><img loading=\"lazy\" decoding=\"async\" width=\"300\" height=\"139\" src=\"https:\/\/www.museonicolis.com\/html\/uploads\/2016\/10\/eicma.jpg\" class=\"attachment-medium size-medium\" alt=\"\" \/><\/a>\r\n            <\/dt><\/dl><dl class='gallery-item ' title='EICMA VERONA GARDA BIKE BICI' >\r\n            <dt class='gallery-icon '>\r\n               <a data-title=\"EICMA VERONA GARDA BIKE BICI\"  class=\"\"  href='https:\/\/www.museonicolis.com\/html\/uploads\/2016\/11\/web-2.jpg'><img loading=\"lazy\" decoding=\"async\" width=\"300\" height=\"279\" src=\"https:\/\/www.museonicolis.com\/html\/uploads\/2016\/11\/web-2.jpg\" class=\"attachment-medium size-medium\" alt=\"\" \/><\/a>\r\n            <\/dt><\/dl><dl class='gallery-item ' title='EICMA VERONA GARDA BIKE BICI' >\r\n            <dt class='gallery-icon '>\r\n               <a data-title=\"EICMA VERONA GARDA BIKE BICI\"  class=\"\"  href='https:\/\/www.museonicolis.com\/html\/uploads\/2016\/11\/retimp.png'><img loading=\"lazy\" decoding=\"async\" width=\"256\" height=\"256\" src=\"https:\/\/www.museonicolis.com\/html\/uploads\/2016\/11\/retimp.png\" class=\"attachment-medium size-medium\" alt=\"\" \/><\/a>\r\n            <\/dt><\/dl><dl class='gallery-item ' title='EICMA VERONA GARDA BIKE BICI' >\r\n            <dt class='gallery-icon '>\r\n               <a data-title=\"EICMA VERONA GARDA BIKE BICI\"  class=\"\"  href='https:\/\/www.museonicolis.com\/html\/uploads\/2016\/11\/IMG_1280.jpg'><img loading=\"lazy\" decoding=\"async\" width=\"300\" height=\"106\" src=\"https:\/\/www.museonicolis.com\/html\/uploads\/2016\/11\/IMG_1280.jpg\" class=\"attachment-medium size-medium\" alt=\"\" \/><\/a>\r\n            <\/dt><\/dl><dl class='gallery-item ' title='EICMA VERONA GARDA BIKE BICI' >\r\n            <dt class='gallery-icon '>\r\n               <a data-title=\"EICMA VERONA GARDA BIKE BICI\"  class=\"\"  href='https:\/\/www.museonicolis.com\/html\/uploads\/2016\/11\/web-1.jpg'><img loading=\"lazy\" decoding=\"async\" width=\"300\" height=\"209\" src=\"https:\/\/www.museonicolis.com\/html\/uploads\/2016\/11\/web-1.jpg\" class=\"attachment-medium size-medium\" alt=\"\" \/><\/a>\r\n            <\/dt><\/dl><dl class='gallery-item ' title='EICMA VERONA GARDA BIKE BICI' >\r\n            <dt class='gallery-icon '>\r\n               <a data-title=\"EICMA VERONA GARDA BIKE BICI\"  class=\"\"  href='https:\/\/www.museonicolis.com\/html\/uploads\/2016\/11\/NRLH3060.jpg'><img loading=\"lazy\" decoding=\"async\" width=\"300\" height=\"300\" src=\"https:\/\/www.museonicolis.com\/html\/uploads\/2016\/11\/NRLH3060-600x600.jpg\" class=\"attachment-medium size-medium\" alt=\"\" srcset=\"https:\/\/www.museonicolis.com\/html\/uploads\/2016\/11\/NRLH3060-600x600.jpg 600w, https:\/\/www.museonicolis.com\/html\/uploads\/2016\/11\/NRLH3060-768x768.jpg 768w, https:\/\/www.museonicolis.com\/html\/uploads\/2016\/11\/NRLH3060.jpg 2048w\" sizes=\"auto, (max-width: 300px) 100vw, 300px\" \/><\/a>\r\n            <\/dt><\/dl><dl class='gallery-item ' title='EICMA VERONA GARDA BIKE BICI' >\r\n            <dt class='gallery-icon '>\r\n               <a data-title=\"EICMA VERONA GARDA BIKE BICI\"  class=\"\"  href='https:\/\/www.museonicolis.com\/html\/uploads\/2016\/11\/IMG_1295.jpg'><img loading=\"lazy\" decoding=\"async\" width=\"225\" height=\"300\" src=\"https:\/\/www.museonicolis.com\/html\/uploads\/2016\/11\/IMG_1295-450x600.jpg\" class=\"attachment-medium size-medium\" alt=\"\" srcset=\"https:\/\/www.museonicolis.com\/html\/uploads\/2016\/11\/IMG_1295-450x600.jpg 450w, https:\/\/www.museonicolis.com\/html\/uploads\/2016\/11\/IMG_1295.jpg 480w\" sizes=\"auto, (max-width: 225px) 100vw, 225px\" \/><\/a>\r\n            <\/dt><\/dl><dl class='gallery-item ' title='EICMA VERONA GARDA BIKE BICI' >\r\n            <dt class='gallery-icon '>\r\n               <a data-title=\"EICMA VERONA GARDA BIKE BICI\"  class=\"\"  href='https:\/\/www.museonicolis.com\/html\/uploads\/2016\/11\/IMG_1282.jpg'><img loading=\"lazy\" decoding=\"async\" width=\"300\" height=\"169\" src=\"https:\/\/www.museonicolis.com\/html\/uploads\/2016\/11\/IMG_1282.jpg\" class=\"attachment-medium size-medium\" alt=\"\" \/><\/a>\r\n            <\/dt><\/dl>\r\n            <br style='clear: both;' \/>\r\n        <\/div>\n\n<p>&nbsp;<\/p>\n<p>&nbsp;<\/p>\n","protected":false},"excerpt":{"rendered":"<p>EICMA, World&#8217;s biggest event for 2 wheels lovers &#8211; Milan 10-13 November<br \/>\nwww.eicma.it<\/p>\n","protected":false},"author":5,"featured_media":21162,"comment_status":"closed","ping_status":"closed","sticky":false,"template":"","format":"standard","meta":{"_acf_changed":false,"om_disable_all_campaigns":false,"footnotes":""},"categories":[58],"tags":[],"class_list":["post-21379","post","type-post","status-publish","format-standard","has-post-thumbnail","hentry","category-activities"],"acf":[],"yoast_head":"<!-- This site is optimized with the Yoast SEO plugin v22.0 - https:\/\/yoast.com\/wordpress\/plugins\/seo\/ -->\n<title>Meeting EICMA - Silvia Nicolis speaker for Verona Garda Bike - Network companies - Museo Nicolis<\/title>\n<meta name=\"robots\" content=\"index, follow, max-snippet:-1, max-image-preview:large, max-video-preview:-1\" \/>\n<link rel=\"canonical\" href=\"https:\/\/www.museonicolis.com\/en\/eicma\/\" \/>\n<meta property=\"og:locale\" content=\"en_US\" \/>\n<meta property=\"og:type\" content=\"article\" \/>\n<meta property=\"og:title\" content=\"Meeting EICMA - Silvia Nicolis speaker for Verona Garda Bike - Network companies - Museo Nicolis\" \/>\n<meta property=\"og:description\" content=\"EICMA, World&#039;s biggest event for 2 wheels lovers - Milan 10-13 November  www.eicma.it\" \/>\n<meta property=\"og:url\" content=\"https:\/\/www.museonicolis.com\/en\/eicma\/\" \/>\n<meta property=\"og:site_name\" content=\"Museo Nicolis\" \/>\n<meta property=\"article:published_time\" content=\"2016-11-10T14:30:07+00:00\" \/>\n<meta property=\"article:modified_time\" content=\"2016-11-15T14:37:26+00:00\" \/>\n<meta property=\"og:image\" content=\"https:\/\/www.museonicolis.com\/html\/uploads\/2016\/11\/IMG_1277.png\" \/>\n\t<meta property=\"og:image:width\" content=\"1125\" \/>\n\t<meta property=\"og:image:height\" content=\"751\" \/>\n\t<meta property=\"og:image:type\" content=\"image\/png\" \/>\n<meta name=\"author\" content=\"ceo@museonicolis.com\" \/>\n<meta name=\"twitter:card\" content=\"summary_large_image\" \/>\n<meta name=\"twitter:label1\" content=\"Written by\" \/>\n\t<meta name=\"twitter:data1\" content=\"ceo@museonicolis.com\" \/>\n\t<meta name=\"twitter:label2\" content=\"Est. reading time\" \/>\n\t<meta name=\"twitter:data2\" content=\"2 minutes\" \/>\n<script type=\"application\/ld+json\" class=\"yoast-schema-graph\">{\"@context\":\"https:\/\/schema.org\",\"@graph\":[{\"@type\":\"WebPage\",\"@id\":\"https:\/\/www.museonicolis.com\/en\/eicma\/\",\"url\":\"https:\/\/www.museonicolis.com\/en\/eicma\/\",\"name\":\"Meeting EICMA - Silvia Nicolis speaker for Verona Garda Bike - Network companies - Museo Nicolis\",\"isPartOf\":{\"@id\":\"https:\/\/www.museonicolis.com\/#website\"},\"datePublished\":\"2016-11-10T14:30:07+00:00\",\"dateModified\":\"2016-11-15T14:37:26+00:00\",\"author\":{\"@id\":\"https:\/\/www.museonicolis.com\/#\/schema\/person\/b90ca0d48dbdb91832246edf6371bc06\"},\"breadcrumb\":{\"@id\":\"https:\/\/www.museonicolis.com\/en\/eicma\/#breadcrumb\"},\"inLanguage\":\"en-US\",\"potentialAction\":[{\"@type\":\"ReadAction\",\"target\":[\"https:\/\/www.museonicolis.com\/en\/eicma\/\"]}]},{\"@type\":\"BreadcrumbList\",\"@id\":\"https:\/\/www.museonicolis.com\/en\/eicma\/#breadcrumb\",\"itemListElement\":[{\"@type\":\"ListItem\",\"position\":1,\"name\":\"Home\",\"item\":\"https:\/\/www.museonicolis.com\/en\/\"},{\"@type\":\"ListItem\",\"position\":2,\"name\":\"Meeting EICMA &#8211; Silvia Nicolis speaker for Verona Garda Bike &#8211; Network companies\"}]},{\"@type\":\"WebSite\",\"@id\":\"https:\/\/www.museonicolis.com\/#website\",\"url\":\"https:\/\/www.museonicolis.com\/\",\"name\":\"Museo Nicolis\",\"description\":\"Hundreds of cars, motorcycles and bicycles\",\"potentialAction\":[{\"@type\":\"SearchAction\",\"target\":{\"@type\":\"EntryPoint\",\"urlTemplate\":\"https:\/\/www.museonicolis.com\/?s={search_term_string}\"},\"query-input\":\"required name=search_term_string\"}],\"inLanguage\":\"en-US\"},{\"@type\":\"Person\",\"@id\":\"https:\/\/www.museonicolis.com\/#\/schema\/person\/b90ca0d48dbdb91832246edf6371bc06\",\"name\":\"ceo@museonicolis.com\",\"image\":{\"@type\":\"ImageObject\",\"inLanguage\":\"en-US\",\"@id\":\"https:\/\/www.museonicolis.com\/#\/schema\/person\/image\/\",\"url\":\"https:\/\/secure.gravatar.com\/avatar\/83f4db6c05ed5ce10bbce7bb64d6ec5043a17c1d3fe15d86cac53e8875870323?s=96&d=mm&r=g\",\"contentUrl\":\"https:\/\/secure.gravatar.com\/avatar\/83f4db6c05ed5ce10bbce7bb64d6ec5043a17c1d3fe15d86cac53e8875870323?s=96&d=mm&r=g\",\"caption\":\"ceo@museonicolis.com\"},\"url\":\"https:\/\/www.museonicolis.com\/en\/author\/ceomuseonicolis-com\/\"}]}<\/script>\n<!-- \/ Yoast SEO plugin. -->","yoast_head_json":{"title":"Meeting EICMA - Silvia Nicolis speaker for Verona Garda Bike - Network companies - Museo Nicolis","robots":{"index":"index","follow":"follow","max-snippet":"max-snippet:-1","max-image-preview":"max-image-preview:large","max-video-preview":"max-video-preview:-1"},"canonical":"https:\/\/www.museonicolis.com\/en\/eicma\/","og_locale":"en_US","og_type":"article","og_title":"Meeting EICMA - Silvia Nicolis speaker for Verona Garda Bike - Network companies - Museo Nicolis","og_description":"EICMA, World's biggest event for 2 wheels lovers - Milan 10-13 November  www.eicma.it","og_url":"https:\/\/www.museonicolis.com\/en\/eicma\/","og_site_name":"Museo Nicolis","article_published_time":"2016-11-10T14:30:07+00:00","article_modified_time":"2016-11-15T14:37:26+00:00","og_image":[{"width":1125,"height":751,"url":"https:\/\/www.museonicolis.com\/html\/uploads\/2016\/11\/IMG_1277.png","type":"image\/png"}],"author":"ceo@museonicolis.com","twitter_card":"summary_large_image","twitter_misc":{"Written by":"ceo@museonicolis.com","Est. reading time":"2 minutes"},"schema":{"@context":"https:\/\/schema.org","@graph":[{"@type":"WebPage","@id":"https:\/\/www.museonicolis.com\/en\/eicma\/","url":"https:\/\/www.museonicolis.com\/en\/eicma\/","name":"Meeting EICMA - Silvia Nicolis speaker for Verona Garda Bike - Network companies - Museo Nicolis","isPartOf":{"@id":"https:\/\/www.museonicolis.com\/#website"},"datePublished":"2016-11-10T14:30:07+00:00","dateModified":"2016-11-15T14:37:26+00:00","author":{"@id":"https:\/\/www.museonicolis.com\/#\/schema\/person\/b90ca0d48dbdb91832246edf6371bc06"},"breadcrumb":{"@id":"https:\/\/www.museonicolis.com\/en\/eicma\/#breadcrumb"},"inLanguage":"en-US","potentialAction":[{"@type":"ReadAction","target":["https:\/\/www.museonicolis.com\/en\/eicma\/"]}]},{"@type":"BreadcrumbList","@id":"https:\/\/www.museonicolis.com\/en\/eicma\/#breadcrumb","itemListElement":[{"@type":"ListItem","position":1,"name":"Home","item":"https:\/\/www.museonicolis.com\/en\/"},{"@type":"ListItem","position":2,"name":"Meeting EICMA &#8211; Silvia Nicolis speaker for Verona Garda Bike &#8211; Network companies"}]},{"@type":"WebSite","@id":"https:\/\/www.museonicolis.com\/#website","url":"https:\/\/www.museonicolis.com\/","name":"Museo Nicolis","description":"Hundreds of cars, motorcycles and bicycles","potentialAction":[{"@type":"SearchAction","target":{"@type":"EntryPoint","urlTemplate":"https:\/\/www.museonicolis.com\/?s={search_term_string}"},"query-input":"required name=search_term_string"}],"inLanguage":"en-US"},{"@type":"Person","@id":"https:\/\/www.museonicolis.com\/#\/schema\/person\/b90ca0d48dbdb91832246edf6371bc06","name":"ceo@museonicolis.com","image":{"@type":"ImageObject","inLanguage":"en-US","@id":"https:\/\/www.museonicolis.com\/#\/schema\/person\/image\/","url":"https:\/\/secure.gravatar.com\/avatar\/83f4db6c05ed5ce10bbce7bb64d6ec5043a17c1d3fe15d86cac53e8875870323?s=96&d=mm&r=g","contentUrl":"https:\/\/secure.gravatar.com\/avatar\/83f4db6c05ed5ce10bbce7bb64d6ec5043a17c1d3fe15d86cac53e8875870323?s=96&d=mm&r=g","caption":"ceo@museonicolis.com"},"url":"https:\/\/www.museonicolis.com\/en\/author\/ceomuseonicolis-com\/"}]}},"_links":{"self":[{"href":"https:\/\/www.museonicolis.com\/en\/wp-json\/wp\/v2\/posts\/21379","targetHints":{"allow":["GET"]}}],"collection":[{"href":"https:\/\/www.museonicolis.com\/en\/wp-json\/wp\/v2\/posts"}],"about":[{"href":"https:\/\/www.museonicolis.com\/en\/wp-json\/wp\/v2\/types\/post"}],"author":[{"embeddable":true,"href":"https:\/\/www.museonicolis.com\/en\/wp-json\/wp\/v2\/users\/5"}],"replies":[{"embeddable":true,"href":"https:\/\/www.museonicolis.com\/en\/wp-json\/wp\/v2\/comments?post=21379"}],"version-history":[{"count":0,"href":"https:\/\/www.museonicolis.com\/en\/wp-json\/wp\/v2\/posts\/21379\/revisions"}],"wp:featuredmedia":[{"embeddable":true,"href":"https:\/\/www.museonicolis.com\/en\/wp-json\/wp\/v2\/media\/21162"}],"wp:attachment":[{"href":"https:\/\/www.museonicolis.com\/en\/wp-json\/wp\/v2\/media?parent=21379"}],"wp:term":[{"taxonomy":"category","embeddable":true,"href":"https:\/\/www.museonicolis.com\/en\/wp-json\/wp\/v2\/categories?post=21379"},{"taxonomy":"post_tag","embeddable":true,"href":"https:\/\/www.museonicolis.com\/en\/wp-json\/wp\/v2\/tags?post=21379"}],"curies":[{"name":"wp","href":"https:\/\/api.w.org\/{rel}","templated":true}]}}