{"id":150071,"date":"2018-03-20T15:06:51","date_gmt":"2018-03-20T14:06:51","guid":{"rendered":"https:\/\/dev-museonicolis.leaduser.it\/forumautomotive2018\/"},"modified":"2021-07-04T19:01:07","modified_gmt":"2021-07-04T17:01:07","slug":"forumautomotive2018","status":"publish","type":"post","link":"https:\/\/www.museonicolis.com\/en\/forumautomotive2018\/","title":{"rendered":"Donne e Nuova mobilit\u00e0 protagonisti a #FORUMAutoMotive 2018."},"content":{"rendered":"<p style=\"text-align: center;\"><strong>A fare gli onori di casa la FIAT 1100E Vistotal del Museo Nicolis<\/strong><\/p>\n<p style=\"text-align: center;\">Enterprise Hotel, Milano<br \/>\nwww.forumautomotive.eu<\/p>\n<p>Verona, 20 marzo 2018 &#8211; Si \u00e8 svolto oggi a Milano <strong>#FORUMAutoMotive<\/strong>, il serbatoio di idee perno centrale di dibattiti sui temi della mobilit\u00e0 a motore tra passato, presente e futuro, promosso dal giornalista e fondatore dell\u2019evento, <strong>Pierluigi Bonora.<\/strong><br \/>\nTra i temi principali di dibattito di questa edizione vi \u00e8 la figura della <strong>donna manager<\/strong> con ruoli ed incarichi sempre pi\u00f9 di spicco all\u2019 interno di aziende leader nel settore della mobilit\u00e0 e non solo.<\/p>\n<p><strong>Silvia Nicolis,<\/strong> presidente dell\u2019omonimo Museo \u00e8 stata tra le relatrici della tavola rotonda: \u201c<strong>Donne al volante. Il tocco femminile alla guida di un\u2019azienda automotive\u201d<\/strong> tenutosi a Milano.<\/p>\n<p><em>\u201cSono felice di rappresentare il mondo dei motori in questo importante parterre\u201d<\/em> dice <strong>Silvia Nicolis<\/strong> <em>\u201cle mie sfide non sono mai una questione di genere, ma una profonda attitudine per questo grande movimento internazionale che pone ancora oggi il nostro Paese come modello di riferimento in materia di design, innovazioni e prodotto nella storia dell\u2019automobile\u201d.<\/em><\/p>\n<p>Un talk-show tutto al femminile, condotto da<strong> Roberto Rasia dal Polo<\/strong>, che ha visto insieme autorevoli donne manager impegnate in aziende automotive e motociclistiche, quali <strong>Antonella Bruno<\/strong>, Responsabile Lancia e Sviluppo Rete di FCA, <strong>Livia Cevolini<\/strong>, Ceo di Energica, <strong>Lidia Dainelli<\/strong>, Direttore Comunicazione e membro del CDA di Jaguar Land Rover Italia, <strong>Daniela Paliotta<\/strong>, Responsabile Risorse Umane di Mercedes-Benz Italia, <strong>Roberta Zerbi,<\/strong> Responsabile Alfa Romeo mercati Emea, e, manager nel mondo della mobilit\u00e0 come <strong>Maura Carta<\/strong>, Presidente Milano Serravalle \u2013 Milano Tangenziali S.p.A., <strong>Cinzia Caserotti<\/strong>, Direttore Vendite Italscania S.p.A. e <strong>Fabiola Tisbini<\/strong>, Direttore Vendite Growing Industries IBM; tutte da sempre attive in iniziative volte a costruire un Paese a misura di donna.<\/p>\n<p>Ognuna di loro, raccontando la propria esperienza, ha illustrato quanto l\u2019apporto femminile stia influendo al cambiamento delle aziende verso una \u201cnuova\u201d mobilit\u00e0, dove particolare attenzione rivestono le attivit\u00e0 di marketing e di comunicazione, fulcro di un\u2019evoluzione digitale sempre pi\u00f9 veloce.<\/p>\n<p>A sottolineare il prestigio dell\u2019evento \u00e8 intervenuto <strong>Stefano Domenicali<\/strong>, presidente e AD di <strong>Automobili Lamborghini<\/strong>, in un entusiasmante \u201cfaccia a faccia\u201d con il giornalista Pierluigi Bonora.<\/p>\n<p>Il <strong>Museo Nicolis<\/strong>, \u00e8 partner abituale di #FORUMAutoMotive e per ricordare i fasti dell\u2019industria automobilistica italiana ha esposto uno splendido gioiello della propria collezione, la <a href=\"http:\/\/www.museonicolis.com\/fiat-1100-e\/\"><strong>Fiat 1100 E Vistotal, anno 1950.<\/strong><\/a><br \/>\nQuesto modello \u00e8 una creazione della celebre <strong>Carrozzeria Castagna<\/strong> di Milano che, negli anni a cavallo fra le due guerre si impose in tutto il mondo con eleganti carrozzerie costruite su telai prestigiosi, come quella che veste l\u2019Isotta Fraschini Tipo 8AS del Museo Nicolis.<br \/>\nIl cabriolet <strong>\u201cVistotal\u201d<\/strong> deve il suo nome al particolare parabrezza senza montanti laterali, brevettato nel 1936 con il nome \u201cVutotal\u201d dal carrozziere francese Labourdette, che permette al guidatore una visibilit\u00e0 totale della strada davanti a s\u00e9. In sintonia con il parabrezza \u00e8 anche il <strong>volante trasparente<\/strong>, un\u2019opera d\u2019arte vista solo sulle vetture di maggiore importanza. Un connubio di eleganza, raffinatezza ed unicit\u00e0 che fanno di quest\u2019auto uno dei simboli del Made in Italy dal tocco vagamente femminile.<\/p>\n<p>Il Museo Nicolis rappresenta uno dei poli di maggiore attrazione culturale e turistica per l\u2019intero territorio ed \u00e8 custode di un patrimonio di storia e di cultura che sarebbe andato irrimediabilmente perduto. Ma che, invece, viene tutelato e aperto al pubblico ogni giorno, grazie a quella formidabile spinta che, non a caso, <strong>si chiama Passione<\/strong>!<\/p>\n<p><strong>Nota per la redazione<\/strong><br \/>\nIl Museo Nicolis \u00e8 uno dei pi\u00f9 importanti musei privati in Italia e Europa che custodisce ben 7 collezioni d\u2019epoca: centinaia tra auto, moto e biciclette, macchine fotografiche e per scrivere, piccoli velivoli, accessori di viaggio e tanti oggetti vintage, opere dell\u2019artigianato e dell\u2019ingegno umano. Un emozionante viaggio nel tempo in 6000mq, oltre 1 km di percorso espositivo. Il Museo Nicolis rappresenta un \u201cunicum\u201d nel suo genere e viene indicato come emblematico della moderna cultura d\u2019impresa. I Nicolis, infatti, sono da oltre 70 anni imprenditori nel recupero di materie prime e secondarie e l\u2019azienda di famiglia, la Lamacart di Villafranca di Verona \u00e8 leader nel recupero e lavorazione della carta da macero. Concetti quali \u201craccolta\u201d e \u201criutilizzo\u201d, che hanno guidato la crescita d\u2019impresa cartaria, sono gli stessi che hanno alimentato la passione per il collezionismo di Luciano Nicolis, consentendogli di vedere dei \u201cgioielli\u201d dove altri vedevano solo rottami e aiutandolo nella instancabile opera di ricerca che lo ha portato a scovare in tutto il mondo auto d\u2019epoca, a recuperarle, restaurarle e riportarle all\u2019antico splendore. Una passione che ha restituito alla storia dell\u2019automobile, e non solo, un patrimonio altrimenti perduto.<\/p>\n<p><strong>Dove:<\/strong> Museo Nicolis \u2013 Villafranca di Verona via Postumia, 71<br \/>\n<strong>Quando:<\/strong> Aperto dal Marted\u00ec alla Domenica. Chiuso il Luned\u00ec.<br \/>\n<strong>Orario:<\/strong> continuato 10-18<br \/>\n<strong>Contatti:<\/strong> 045 6303289 info@museonicolis.com<\/p>\n<p><strong>Informazioni per la stampa<\/strong><br \/>\npress@museonicolis.com<\/p>\n<p>www.forumautomotive.eu<br \/>\npagina Facebook https:\/\/www.facebook.com\/forumautomotive\/<\/p>\n\r\n\r\n        <!-- see gallery_shortcode() in wp-includes\/media.php -->\r\n        <div id='gallery-1' class='lu-gallery gallery galleryid-150071'><dl class='gallery-item ' title='Museo Nicolis, #FORUMAutoMotive2018, Silvia Nicolis Fiat 1100 Vistotal, ph. Museo Nicolis' >\r\n            <dt class='gallery-icon '>\r\n               <a data-title=\"Museo Nicolis, #FORUMAutoMotive2018, Silvia Nicolis Fiat 1100 Vistotal, ph. Museo Nicolis\"  class=\"\"  href='https:\/\/www.museonicolis.com\/html\/uploads\/2018\/03\/IMG_8201.jpg'><img loading=\"lazy\" decoding=\"async\" width=\"225\" height=\"300\" src=\"https:\/\/www.museonicolis.com\/html\/uploads\/2018\/03\/IMG_8201-450x600.jpg\" class=\"attachment-medium size-medium\" alt=\"\" srcset=\"https:\/\/www.museonicolis.com\/html\/uploads\/2018\/03\/IMG_8201-450x600.jpg 450w, https:\/\/www.museonicolis.com\/html\/uploads\/2018\/03\/IMG_8201-768x1024.jpg 768w\" sizes=\"auto, (max-width: 225px) 100vw, 225px\" \/><\/a>\r\n            <\/dt><\/dl><dl class='gallery-item ' title='Museo Nicolis, #FORUMAutoMotive2018, Silvia Nicolis con le relatrici, ph. Museo Nicolis' >\r\n            <dt class='gallery-icon '>\r\n               <a data-title=\"Museo Nicolis, #FORUMAutoMotive2018, Silvia Nicolis con le relatrici, ph. Museo Nicolis\"  class=\"\"  href='https:\/\/www.museonicolis.com\/html\/uploads\/2018\/03\/STJK7858.jpg'><img loading=\"lazy\" decoding=\"async\" width=\"300\" height=\"169\" src=\"https:\/\/www.museonicolis.com\/html\/uploads\/2018\/03\/STJK7858-1067x600.jpg\" class=\"attachment-medium size-medium\" alt=\"\" srcset=\"https:\/\/www.museonicolis.com\/html\/uploads\/2018\/03\/STJK7858-1067x600.jpg 1067w, https:\/\/www.museonicolis.com\/html\/uploads\/2018\/03\/STJK7858-768x432.jpg 768w, https:\/\/www.museonicolis.com\/html\/uploads\/2018\/03\/STJK7858.jpg 1600w\" sizes=\"auto, (max-width: 300px) 100vw, 300px\" \/><\/a>\r\n            <\/dt><\/dl><dl class='gallery-item ' title='Museo Nicolis, #FORUMAutoMotive2018, Silvia Nicolis con Stefano Domenicali, ph. Museo Nicolis' >\r\n            <dt class='gallery-icon '>\r\n               <a data-title=\"Museo Nicolis, #FORUMAutoMotive2018, Silvia Nicolis con Stefano Domenicali, ph. Museo Nicolis\"  class=\"\"  href='https:\/\/www.museonicolis.com\/html\/uploads\/2018\/03\/RTHG4538.jpg'><img loading=\"lazy\" decoding=\"async\" width=\"300\" height=\"225\" src=\"https:\/\/www.museonicolis.com\/html\/uploads\/2018\/03\/RTHG4538-800x600.jpg\" class=\"attachment-medium size-medium\" alt=\"\" srcset=\"https:\/\/www.museonicolis.com\/html\/uploads\/2018\/03\/RTHG4538-800x600.jpg 800w, https:\/\/www.museonicolis.com\/html\/uploads\/2018\/03\/RTHG4538-768x576.jpg 768w, https:\/\/www.museonicolis.com\/html\/uploads\/2018\/03\/RTHG4538.jpg 2016w\" sizes=\"auto, (max-width: 300px) 100vw, 300px\" \/><\/a>\r\n            <\/dt><\/dl><dl class='gallery-item ' title='Museo Nicolis, #FORUMAutoMotive2018, ph. Museo Nicolis' >\r\n            <dt class='gallery-icon '>\r\n               <a data-title=\"Museo Nicolis, #FORUMAutoMotive2018, ph. Museo Nicolis\"  class=\"\"  href='https:\/\/www.museonicolis.com\/html\/uploads\/2018\/03\/IMG_8120.jpg'><img loading=\"lazy\" decoding=\"async\" width=\"300\" height=\"153\" src=\"https:\/\/www.museonicolis.com\/html\/uploads\/2018\/03\/IMG_8120.jpg\" class=\"attachment-medium size-medium\" alt=\"\" srcset=\"https:\/\/www.museonicolis.com\/html\/uploads\/2018\/03\/IMG_8120.jpg 1052w, https:\/\/www.museonicolis.com\/html\/uploads\/2018\/03\/IMG_8120-768x392.jpg 768w\" sizes=\"auto, (max-width: 300px) 100vw, 300px\" \/><\/a>\r\n            <\/dt><\/dl><dl class='gallery-item ' title='Museo Nicolis, #FORUMAutoMotive2018, Pierluigi Bonora con Stefano Domenicali, ph. Museo Nicolis' >\r\n            <dt class='gallery-icon '>\r\n               <a data-title=\"Museo Nicolis, #FORUMAutoMotive2018, Pierluigi Bonora con Stefano Domenicali, ph. Museo Nicolis\"  class=\"\"  href='https:\/\/www.museonicolis.com\/html\/uploads\/2018\/03\/IMG_E8256.jpg'><img loading=\"lazy\" decoding=\"async\" width=\"225\" height=\"300\" src=\"https:\/\/www.museonicolis.com\/html\/uploads\/2018\/03\/IMG_E8256-450x600.jpg\" class=\"attachment-medium size-medium\" alt=\"\" srcset=\"https:\/\/www.museonicolis.com\/html\/uploads\/2018\/03\/IMG_E8256-450x600.jpg 450w, https:\/\/www.museonicolis.com\/html\/uploads\/2018\/03\/IMG_E8256-768x1024.jpg 768w, https:\/\/www.museonicolis.com\/html\/uploads\/2018\/03\/IMG_E8256.jpg 1512w\" sizes=\"auto, (max-width: 225px) 100vw, 225px\" \/><\/a>\r\n            <\/dt><\/dl><dl class='gallery-item ' title='Museo Nicolis, #FORUMAutoMotive2018, ph. Museo Nicolis' >\r\n            <dt class='gallery-icon '>\r\n               <a data-title=\"Museo Nicolis, #FORUMAutoMotive2018, ph. Museo Nicolis\"  class=\"\"  href='https:\/\/www.museonicolis.com\/html\/uploads\/2018\/03\/LOSC9077.jpg'><img loading=\"lazy\" decoding=\"async\" width=\"300\" height=\"198\" src=\"https:\/\/www.museonicolis.com\/html\/uploads\/2018\/03\/LOSC9077.jpg\" class=\"attachment-medium size-medium\" alt=\"\" srcset=\"https:\/\/www.museonicolis.com\/html\/uploads\/2018\/03\/LOSC9077.jpg 800w, https:\/\/www.museonicolis.com\/html\/uploads\/2018\/03\/LOSC9077-768x508.jpg 768w\" sizes=\"auto, (max-width: 300px) 100vw, 300px\" \/><\/a>\r\n            <\/dt><\/dl><dl class='gallery-item ' title='Museo Nicolis, #FORUMAutoMotive2018, Silvia Nicolis con Roberto Rasia dal Polo, ph. Museo Nicolis' >\r\n            <dt class='gallery-icon '>\r\n               <a data-title=\"Museo Nicolis, #FORUMAutoMotive2018, Silvia Nicolis con Roberto Rasia dal Polo, ph. Museo Nicolis\"  class=\"\"  href='https:\/\/www.museonicolis.com\/html\/uploads\/2018\/03\/ODZV6044.jpg'><img loading=\"lazy\" decoding=\"async\" width=\"169\" height=\"300\" src=\"https:\/\/www.museonicolis.com\/html\/uploads\/2018\/03\/ODZV6044-338x600.jpg\" class=\"attachment-medium size-medium\" alt=\"\" srcset=\"https:\/\/www.museonicolis.com\/html\/uploads\/2018\/03\/ODZV6044-338x600.jpg 338w, https:\/\/www.museonicolis.com\/html\/uploads\/2018\/03\/ODZV6044-768x1365.jpg 768w, https:\/\/www.museonicolis.com\/html\/uploads\/2018\/03\/ODZV6044.jpg 900w\" sizes=\"auto, (max-width: 169px) 100vw, 169px\" \/><\/a>\r\n            <\/dt><\/dl><dl class='gallery-item ' title='Museo Nicolis, #FORUMAutoMotive2018, Stefano Domenicali, Fiat 1100 Vistotal, ph. Museo Nicolis' >\r\n            <dt class='gallery-icon '>\r\n               <a data-title=\"Museo Nicolis, #FORUMAutoMotive2018, Stefano Domenicali, Fiat 1100 Vistotal, ph. Museo Nicolis\"  class=\"\"  href='https:\/\/www.museonicolis.com\/html\/uploads\/2018\/03\/IMG_8232.jpg'><img loading=\"lazy\" decoding=\"async\" width=\"300\" height=\"225\" src=\"https:\/\/www.museonicolis.com\/html\/uploads\/2018\/03\/IMG_8232-800x600.jpg\" class=\"attachment-medium size-medium\" alt=\"\" srcset=\"https:\/\/www.museonicolis.com\/html\/uploads\/2018\/03\/IMG_8232-800x600.jpg 800w, https:\/\/www.museonicolis.com\/html\/uploads\/2018\/03\/IMG_8232-768x576.jpg 768w, https:\/\/www.museonicolis.com\/html\/uploads\/2018\/03\/IMG_8232.jpg 2016w\" sizes=\"auto, (max-width: 300px) 100vw, 300px\" \/><\/a>\r\n            <\/dt><\/dl><dl class='gallery-item ' title='Museo Nicolis, #FORUMAutoMotive2018, Fiat 1100 Vistotal, ph. Museo Nicolis' >\r\n            <dt class='gallery-icon '>\r\n               <a data-title=\"Museo Nicolis, #FORUMAutoMotive2018, Fiat 1100 Vistotal, ph. Museo Nicolis\"  class=\"\"  href='https:\/\/www.museonicolis.com\/html\/uploads\/2018\/03\/IMG_E8165.jpg'><img loading=\"lazy\" decoding=\"async\" width=\"225\" height=\"300\" src=\"https:\/\/www.museonicolis.com\/html\/uploads\/2018\/03\/IMG_E8165-450x600.jpg\" class=\"attachment-medium size-medium\" alt=\"\" srcset=\"https:\/\/www.museonicolis.com\/html\/uploads\/2018\/03\/IMG_E8165-450x600.jpg 450w, https:\/\/www.museonicolis.com\/html\/uploads\/2018\/03\/IMG_E8165-768x1024.jpg 768w, https:\/\/www.museonicolis.com\/html\/uploads\/2018\/03\/IMG_E8165.jpg 1512w\" sizes=\"auto, (max-width: 225px) 100vw, 225px\" \/><\/a>\r\n            <\/dt><\/dl><dl class='gallery-item ' title='Museo Nicolis, #FORUMAutoMotive2018, Silvia Nicolis con Gioacchino Acampora, ph. Museo Nicolis' >\r\n            <dt class='gallery-icon '>\r\n               <a data-title=\"Museo Nicolis, #FORUMAutoMotive2018, Silvia Nicolis con Gioacchino Acampora, ph. Museo Nicolis\"  class=\"\"  href='https:\/\/www.museonicolis.com\/html\/uploads\/2018\/03\/WWWC5612.jpg'><img loading=\"lazy\" decoding=\"async\" width=\"225\" height=\"300\" src=\"https:\/\/www.museonicolis.com\/html\/uploads\/2018\/03\/WWWC5612-450x600.jpg\" class=\"attachment-medium size-medium\" alt=\"\" srcset=\"https:\/\/www.museonicolis.com\/html\/uploads\/2018\/03\/WWWC5612-450x600.jpg 450w, https:\/\/www.museonicolis.com\/html\/uploads\/2018\/03\/WWWC5612-768x1024.jpg 768w, https:\/\/www.museonicolis.com\/html\/uploads\/2018\/03\/WWWC5612.jpg 1512w\" sizes=\"auto, (max-width: 225px) 100vw, 225px\" \/><\/a>\r\n            <\/dt><\/dl><dl class='gallery-item ' title='Museo Nicolis, #FORUMAutoMotive2018, Fiat 1100 Vistotal, ph. Museo Nicolis' >\r\n            <dt class='gallery-icon '>\r\n               <a data-title=\"Museo Nicolis, #FORUMAutoMotive2018, Fiat 1100 Vistotal, ph. Museo Nicolis\"  class=\"\"  href='https:\/\/www.museonicolis.com\/html\/uploads\/2018\/03\/IMG_E8160.jpg'><img loading=\"lazy\" decoding=\"async\" width=\"300\" height=\"225\" src=\"https:\/\/www.museonicolis.com\/html\/uploads\/2018\/03\/IMG_E8160-800x600.jpg\" class=\"attachment-medium size-medium\" alt=\"\" srcset=\"https:\/\/www.museonicolis.com\/html\/uploads\/2018\/03\/IMG_E8160-800x600.jpg 800w, https:\/\/www.museonicolis.com\/html\/uploads\/2018\/03\/IMG_E8160-768x576.jpg 768w, https:\/\/www.museonicolis.com\/html\/uploads\/2018\/03\/IMG_E8160.jpg 2016w\" sizes=\"auto, (max-width: 300px) 100vw, 300px\" \/><\/a>\r\n            <\/dt><\/dl><dl class='gallery-item ' title='Museo Nicolis, #FORUMAutoMotive2018, ph. Museo Nicolis' >\r\n            <dt class='gallery-icon '>\r\n               <a data-title=\"Museo Nicolis, #FORUMAutoMotive2018, ph. Museo Nicolis\"  class=\"\"  href='https:\/\/www.museonicolis.com\/html\/uploads\/2018\/03\/IMG_8260.jpg'><img loading=\"lazy\" decoding=\"async\" width=\"225\" height=\"300\" src=\"https:\/\/www.museonicolis.com\/html\/uploads\/2018\/03\/IMG_8260-450x600.jpg\" class=\"attachment-medium size-medium\" alt=\"\" srcset=\"https:\/\/www.museonicolis.com\/html\/uploads\/2018\/03\/IMG_8260-450x600.jpg 450w, https:\/\/www.museonicolis.com\/html\/uploads\/2018\/03\/IMG_8260-768x1024.jpg 768w, https:\/\/www.museonicolis.com\/html\/uploads\/2018\/03\/IMG_8260.jpg 1815w\" sizes=\"auto, (max-width: 225px) 100vw, 225px\" \/><\/a>\r\n            <\/dt><\/dl>\r\n            <br style='clear: both;' \/>\r\n        <\/div>\n\n","protected":false},"excerpt":{"rendered":"<p>Silvia Nicolis al talk-show con autorevoli donne manager. Tra gli ospiti del dibattito, Stefano Domenicali presidente e AD Lamborghini Automobili. <\/p>\n","protected":false},"author":4,"featured_media":116584,"comment_status":"closed","ping_status":"closed","sticky":false,"template":"","format":"standard","meta":{"_acf_changed":false,"om_disable_all_campaigns":false,"footnotes":""},"categories":[58,104,79],"tags":[],"class_list":["post-150071","post","type-post","status-publish","format-standard","has-post-thumbnail","hentry","category-activities","category-news-en","category-press-release"],"acf":[],"yoast_head":"<!-- This site is optimized with the Yoast SEO plugin v22.0 - https:\/\/yoast.com\/wordpress\/plugins\/seo\/ -->\n<title>Donne e Nuova mobilit\u00e0 protagonisti a #FORUMAutoMotive 2018. - Museo Nicolis<\/title>\n<meta name=\"robots\" content=\"index, follow, max-snippet:-1, max-image-preview:large, max-video-preview:-1\" \/>\n<link rel=\"canonical\" href=\"https:\/\/www.museonicolis.com\/en\/forumautomotive2018\/\" \/>\n<meta property=\"og:locale\" content=\"en_US\" \/>\n<meta property=\"og:type\" content=\"article\" \/>\n<meta property=\"og:title\" content=\"Donne e Nuova mobilit\u00e0 protagonisti a #FORUMAutoMotive 2018. - Museo Nicolis\" \/>\n<meta property=\"og:description\" content=\"Silvia Nicolis al talk-show con autorevoli donne manager. Tra gli ospiti del dibattito, Stefano Domenicali presidente e AD Lamborghini Automobili.\" \/>\n<meta property=\"og:url\" content=\"https:\/\/www.museonicolis.com\/en\/forumautomotive2018\/\" \/>\n<meta property=\"og:site_name\" content=\"Museo Nicolis\" \/>\n<meta property=\"article:published_time\" content=\"2018-03-20T14:06:51+00:00\" \/>\n<meta property=\"article:modified_time\" content=\"2021-07-04T17:01:07+00:00\" \/>\n<meta property=\"og:image\" content=\"https:\/\/www.museonicolis.com\/html\/uploads\/2018\/03\/FORUMAutoMotive2018-Stefano-Domenicali-e-PIerluigi-Bonora-Copia.jpg\" \/>\n\t<meta property=\"og:image:width\" content=\"1510\" \/>\n\t<meta property=\"og:image:height\" content=\"1006\" \/>\n\t<meta property=\"og:image:type\" content=\"image\/jpeg\" \/>\n<meta name=\"author\" content=\"meeting@museonicolis.com\" \/>\n<meta name=\"twitter:card\" content=\"summary_large_image\" \/>\n<meta name=\"twitter:label1\" content=\"Written by\" \/>\n\t<meta name=\"twitter:data1\" content=\"meeting@museonicolis.com\" \/>\n\t<meta name=\"twitter:label2\" content=\"Est. reading time\" \/>\n\t<meta name=\"twitter:data2\" content=\"4 minutes\" \/>\n<script type=\"application\/ld+json\" class=\"yoast-schema-graph\">{\"@context\":\"https:\/\/schema.org\",\"@graph\":[{\"@type\":\"WebPage\",\"@id\":\"https:\/\/www.museonicolis.com\/en\/forumautomotive2018\/\",\"url\":\"https:\/\/www.museonicolis.com\/en\/forumautomotive2018\/\",\"name\":\"Donne e Nuova mobilit\u00e0 protagonisti a #FORUMAutoMotive 2018. - Museo Nicolis\",\"isPartOf\":{\"@id\":\"https:\/\/www.museonicolis.com\/#website\"},\"datePublished\":\"2018-03-20T14:06:51+00:00\",\"dateModified\":\"2021-07-04T17:01:07+00:00\",\"author\":{\"@id\":\"https:\/\/www.museonicolis.com\/#\/schema\/person\/2a5babb253c2acd95a2e1cb4a053ddd3\"},\"breadcrumb\":{\"@id\":\"https:\/\/www.museonicolis.com\/en\/forumautomotive2018\/#breadcrumb\"},\"inLanguage\":\"en-US\",\"potentialAction\":[{\"@type\":\"ReadAction\",\"target\":[\"https:\/\/www.museonicolis.com\/en\/forumautomotive2018\/\"]}]},{\"@type\":\"BreadcrumbList\",\"@id\":\"https:\/\/www.museonicolis.com\/en\/forumautomotive2018\/#breadcrumb\",\"itemListElement\":[{\"@type\":\"ListItem\",\"position\":1,\"name\":\"Home\",\"item\":\"https:\/\/www.museonicolis.com\/en\/\"},{\"@type\":\"ListItem\",\"position\":2,\"name\":\"Donne e Nuova mobilit\u00e0 protagonisti a #FORUMAutoMotive 2018.\"}]},{\"@type\":\"WebSite\",\"@id\":\"https:\/\/www.museonicolis.com\/#website\",\"url\":\"https:\/\/www.museonicolis.com\/\",\"name\":\"Museo Nicolis\",\"description\":\"Hundreds of cars, motorcycles and bicycles\",\"potentialAction\":[{\"@type\":\"SearchAction\",\"target\":{\"@type\":\"EntryPoint\",\"urlTemplate\":\"https:\/\/www.museonicolis.com\/?s={search_term_string}\"},\"query-input\":\"required name=search_term_string\"}],\"inLanguage\":\"en-US\"},{\"@type\":\"Person\",\"@id\":\"https:\/\/www.museonicolis.com\/#\/schema\/person\/2a5babb253c2acd95a2e1cb4a053ddd3\",\"name\":\"meeting@museonicolis.com\",\"image\":{\"@type\":\"ImageObject\",\"inLanguage\":\"en-US\",\"@id\":\"https:\/\/www.museonicolis.com\/#\/schema\/person\/image\/\",\"url\":\"https:\/\/secure.gravatar.com\/avatar\/13f9740d129fd04958facdd0913eae65c45de377e4c521adf512ab5e7c5d11c3?s=96&d=mm&r=g\",\"contentUrl\":\"https:\/\/secure.gravatar.com\/avatar\/13f9740d129fd04958facdd0913eae65c45de377e4c521adf512ab5e7c5d11c3?s=96&d=mm&r=g\",\"caption\":\"meeting@museonicolis.com\"},\"url\":\"https:\/\/www.museonicolis.com\/en\/author\/meetingmuseonicolis-com\/\"}]}<\/script>\n<!-- \/ Yoast SEO plugin. -->","yoast_head_json":{"title":"Donne e Nuova mobilit\u00e0 protagonisti a #FORUMAutoMotive 2018. - Museo Nicolis","robots":{"index":"index","follow":"follow","max-snippet":"max-snippet:-1","max-image-preview":"max-image-preview:large","max-video-preview":"max-video-preview:-1"},"canonical":"https:\/\/www.museonicolis.com\/en\/forumautomotive2018\/","og_locale":"en_US","og_type":"article","og_title":"Donne e Nuova mobilit\u00e0 protagonisti a #FORUMAutoMotive 2018. - Museo Nicolis","og_description":"Silvia Nicolis al talk-show con autorevoli donne manager. Tra gli ospiti del dibattito, Stefano Domenicali presidente e AD Lamborghini Automobili.","og_url":"https:\/\/www.museonicolis.com\/en\/forumautomotive2018\/","og_site_name":"Museo Nicolis","article_published_time":"2018-03-20T14:06:51+00:00","article_modified_time":"2021-07-04T17:01:07+00:00","og_image":[{"width":1510,"height":1006,"url":"https:\/\/www.museonicolis.com\/html\/uploads\/2018\/03\/FORUMAutoMotive2018-Stefano-Domenicali-e-PIerluigi-Bonora-Copia.jpg","type":"image\/jpeg"}],"author":"meeting@museonicolis.com","twitter_card":"summary_large_image","twitter_misc":{"Written by":"meeting@museonicolis.com","Est. reading time":"4 minutes"},"schema":{"@context":"https:\/\/schema.org","@graph":[{"@type":"WebPage","@id":"https:\/\/www.museonicolis.com\/en\/forumautomotive2018\/","url":"https:\/\/www.museonicolis.com\/en\/forumautomotive2018\/","name":"Donne e Nuova mobilit\u00e0 protagonisti a #FORUMAutoMotive 2018. - Museo Nicolis","isPartOf":{"@id":"https:\/\/www.museonicolis.com\/#website"},"datePublished":"2018-03-20T14:06:51+00:00","dateModified":"2021-07-04T17:01:07+00:00","author":{"@id":"https:\/\/www.museonicolis.com\/#\/schema\/person\/2a5babb253c2acd95a2e1cb4a053ddd3"},"breadcrumb":{"@id":"https:\/\/www.museonicolis.com\/en\/forumautomotive2018\/#breadcrumb"},"inLanguage":"en-US","potentialAction":[{"@type":"ReadAction","target":["https:\/\/www.museonicolis.com\/en\/forumautomotive2018\/"]}]},{"@type":"BreadcrumbList","@id":"https:\/\/www.museonicolis.com\/en\/forumautomotive2018\/#breadcrumb","itemListElement":[{"@type":"ListItem","position":1,"name":"Home","item":"https:\/\/www.museonicolis.com\/en\/"},{"@type":"ListItem","position":2,"name":"Donne e Nuova mobilit\u00e0 protagonisti a #FORUMAutoMotive 2018."}]},{"@type":"WebSite","@id":"https:\/\/www.museonicolis.com\/#website","url":"https:\/\/www.museonicolis.com\/","name":"Museo Nicolis","description":"Hundreds of cars, motorcycles and bicycles","potentialAction":[{"@type":"SearchAction","target":{"@type":"EntryPoint","urlTemplate":"https:\/\/www.museonicolis.com\/?s={search_term_string}"},"query-input":"required name=search_term_string"}],"inLanguage":"en-US"},{"@type":"Person","@id":"https:\/\/www.museonicolis.com\/#\/schema\/person\/2a5babb253c2acd95a2e1cb4a053ddd3","name":"meeting@museonicolis.com","image":{"@type":"ImageObject","inLanguage":"en-US","@id":"https:\/\/www.museonicolis.com\/#\/schema\/person\/image\/","url":"https:\/\/secure.gravatar.com\/avatar\/13f9740d129fd04958facdd0913eae65c45de377e4c521adf512ab5e7c5d11c3?s=96&d=mm&r=g","contentUrl":"https:\/\/secure.gravatar.com\/avatar\/13f9740d129fd04958facdd0913eae65c45de377e4c521adf512ab5e7c5d11c3?s=96&d=mm&r=g","caption":"meeting@museonicolis.com"},"url":"https:\/\/www.museonicolis.com\/en\/author\/meetingmuseonicolis-com\/"}]}},"_links":{"self":[{"href":"https:\/\/www.museonicolis.com\/en\/wp-json\/wp\/v2\/posts\/150071","targetHints":{"allow":["GET"]}}],"collection":[{"href":"https:\/\/www.museonicolis.com\/en\/wp-json\/wp\/v2\/posts"}],"about":[{"href":"https:\/\/www.museonicolis.com\/en\/wp-json\/wp\/v2\/types\/post"}],"author":[{"embeddable":true,"href":"https:\/\/www.museonicolis.com\/en\/wp-json\/wp\/v2\/users\/4"}],"replies":[{"embeddable":true,"href":"https:\/\/www.museonicolis.com\/en\/wp-json\/wp\/v2\/comments?post=150071"}],"version-history":[{"count":0,"href":"https:\/\/www.museonicolis.com\/en\/wp-json\/wp\/v2\/posts\/150071\/revisions"}],"wp:featuredmedia":[{"embeddable":true,"href":"https:\/\/www.museonicolis.com\/en\/wp-json\/wp\/v2\/media\/116584"}],"wp:attachment":[{"href":"https:\/\/www.museonicolis.com\/en\/wp-json\/wp\/v2\/media?parent=150071"}],"wp:term":[{"taxonomy":"category","embeddable":true,"href":"https:\/\/www.museonicolis.com\/en\/wp-json\/wp\/v2\/categories?post=150071"},{"taxonomy":"post_tag","embeddable":true,"href":"https:\/\/www.museonicolis.com\/en\/wp-json\/wp\/v2\/tags?post=150071"}],"curies":[{"name":"wp","href":"https:\/\/api.w.org\/{rel}","templated":true}]}}