{"id":26840,"date":"2017-03-14T13:14:26","date_gmt":"2017-03-14T12:14:26","guid":{"rendered":"http:\/\/www.museonicolis.com\/de\/dubbio-garelli-1948-mosquito\/"},"modified":"2021-11-08T12:59:37","modified_gmt":"2021-11-08T11:59:37","slug":"garelli-1948-mosquito","status":"publish","type":"post","link":"https:\/\/www.museonicolis.com\/de\/garelli-1948-mosquito\/","title":{"rendered":"Garelli, 1948, Mosquito"},"content":{"rendered":"<p><strong>Garelli Mosquito auf Umberto Dei, 1948, Italien<\/strong><\/p>\n<p>Der Garelli Mosquito ist ein Hilfsmotor f\u00fcr Fahrr\u00e4der, die von Garelli von <strong>1946<\/strong> bis <strong>1960<\/strong> hergestellt wurden. Der in etwa <strong>2 Millionen Exemplaren<\/strong> gebaute Motor war der in Europa am h\u00e4ufigsten verwendete Motor seiner Art.<\/p>\n<p>Dieses <strong>Umberto Dei<\/strong>-Fahrrad wird von dem in der Nachkriegszeit \u00fcblichen Hilfsmotor <strong>Mosquito Garelli<\/strong> angetrieben. Tats\u00e4chlich nahm Dei nach dem Zweiten Weltkrieg die Produktion von Mopeds und leichten Motorr\u00e4dern wieder auf: Bei den ersten verwendeten sie den Mosquito-Motor, w\u00e4hrend der zweite von einem 2-Takt-150-cm3-Sachs-Motor mit einem 4-Gang-Getriebe angetrieben wurde.<\/p>\n<p>&nbsp;<\/p>\n\r\n\r\n        <!-- see gallery_shortcode() in wp-includes\/media.php -->\r\n        <div id='gallery-1' class='lu-gallery gallery galleryid-26840'><dl class='gallery-item ' title='copy Museo Nicolis, photo Angelo Rosa, Garelli Mosquito su Umberto Dei, Italia , 1948' >\r\n            <dt class='gallery-icon '>\r\n               <a data-title=\"copy Museo Nicolis, photo Angelo Rosa, Garelli Mosquito su Umberto Dei, Italia , 1948\"  class=\"\"  href='https:\/\/www.museonicolis.com\/html\/uploads\/2017\/03\/MO018-particolare_0005.jpg'><img loading=\"lazy\" decoding=\"async\" width=\"300\" height=\"200\" src=\"https:\/\/www.museonicolis.com\/html\/uploads\/2017\/03\/MO018-particolare_0005.jpg\" class=\"attachment-medium size-medium\" alt=\"\" \/><\/a>\r\n            <\/dt><\/dl><dl class='gallery-item ' title='copy Museo Nicolis, photo Angelo Rosa, Garelli Mosquito su Umberto Dei, Italia , 1948' >\r\n            <dt class='gallery-icon '>\r\n               <a data-title=\"copy Museo Nicolis, photo Angelo Rosa, Garelli Mosquito su Umberto Dei, Italia , 1948\"  class=\"\"  href='https:\/\/www.museonicolis.com\/html\/uploads\/2017\/03\/MO018-particolare_0010.jpg'><img loading=\"lazy\" decoding=\"async\" width=\"300\" height=\"200\" src=\"https:\/\/www.museonicolis.com\/html\/uploads\/2017\/03\/MO018-particolare_0010.jpg\" class=\"attachment-medium size-medium\" alt=\"\" \/><\/a>\r\n            <\/dt><\/dl><dl class='gallery-item ' title='copy Museo Nicolis, photo Angelo Rosa, Garelli Mosquito su Umberto Dei, Italia , 1948' >\r\n            <dt class='gallery-icon '>\r\n               <a data-title=\"copy Museo Nicolis, photo Angelo Rosa, Garelli Mosquito su Umberto Dei, Italia , 1948\"  class=\"\"  href='https:\/\/www.museonicolis.com\/html\/uploads\/2017\/03\/MO018-particolare_0001.jpg'><img loading=\"lazy\" decoding=\"async\" width=\"200\" height=\"300\" src=\"https:\/\/www.museonicolis.com\/html\/uploads\/2017\/03\/MO018-particolare_0001-400x600.jpg\" class=\"attachment-medium size-medium\" alt=\"\" srcset=\"https:\/\/www.museonicolis.com\/html\/uploads\/2017\/03\/MO018-particolare_0001-400x600.jpg 400w, https:\/\/www.museonicolis.com\/html\/uploads\/2017\/03\/MO018-particolare_0001.jpg 709w\" sizes=\"auto, (max-width: 200px) 100vw, 200px\" \/><\/a>\r\n            <\/dt><\/dl><dl class='gallery-item ' title='Museo Nicolis, Garelli Mosquito Umberto Dei, ph. Museo Nicolis' >\r\n            <dt class='gallery-icon '>\r\n               <a data-title=\"Museo Nicolis, Garelli Mosquito Umberto Dei, ph. Museo Nicolis\"  class=\"\"  href='https:\/\/www.museonicolis.com\/html\/uploads\/2017\/03\/Museo-Nicolis-Garelli-Mosquito-Umberto-Dei-ph.-Museo-Nicolis-1.jpg'><img loading=\"lazy\" decoding=\"async\" width=\"300\" height=\"225\" src=\"https:\/\/www.museonicolis.com\/html\/uploads\/2017\/03\/Museo-Nicolis-Garelli-Mosquito-Umberto-Dei-ph.-Museo-Nicolis-1-800x600.jpg\" class=\"attachment-medium size-medium\" alt=\"\" srcset=\"https:\/\/www.museonicolis.com\/html\/uploads\/2017\/03\/Museo-Nicolis-Garelli-Mosquito-Umberto-Dei-ph.-Museo-Nicolis-1-800x600.jpg 800w, https:\/\/www.museonicolis.com\/html\/uploads\/2017\/03\/Museo-Nicolis-Garelli-Mosquito-Umberto-Dei-ph.-Museo-Nicolis-1-768x576.jpg 768w, https:\/\/www.museonicolis.com\/html\/uploads\/2017\/03\/Museo-Nicolis-Garelli-Mosquito-Umberto-Dei-ph.-Museo-Nicolis-1-1536x1152.jpg 1536w, https:\/\/www.museonicolis.com\/html\/uploads\/2017\/03\/Museo-Nicolis-Garelli-Mosquito-Umberto-Dei-ph.-Museo-Nicolis-1.jpg 1886w\" sizes=\"auto, (max-width: 300px) 100vw, 300px\" \/><\/a>\r\n            <\/dt><\/dl><dl class='gallery-item ' title='copy Museo Nicolis, photo Angelo Rosa, Garelli Mosquito su Umberto Dei, Italia , 1948' >\r\n            <dt class='gallery-icon '>\r\n               <a data-title=\"copy Museo Nicolis, photo Angelo Rosa, Garelli Mosquito su Umberto Dei, Italia , 1948\"  class=\"\"  href='https:\/\/www.museonicolis.com\/html\/uploads\/2017\/03\/MO018-particolare_0003.jpg'><img loading=\"lazy\" decoding=\"async\" width=\"300\" height=\"200\" src=\"https:\/\/www.museonicolis.com\/html\/uploads\/2017\/03\/MO018-particolare_0003-900x600.jpg\" class=\"attachment-medium size-medium\" alt=\"\" srcset=\"https:\/\/www.museonicolis.com\/html\/uploads\/2017\/03\/MO018-particolare_0003-900x600.jpg 900w, https:\/\/www.museonicolis.com\/html\/uploads\/2017\/03\/MO018-particolare_0003-768x512.jpg 768w, https:\/\/www.museonicolis.com\/html\/uploads\/2017\/03\/MO018-particolare_0003.jpg 1063w\" sizes=\"auto, (max-width: 300px) 100vw, 300px\" \/><\/a>\r\n            <\/dt><\/dl><dl class='gallery-item ' title='copy Museo Nicolis, photo Angelo Rosa, Garelli Mosquito su Umberto Dei, Italia , 1948' >\r\n            <dt class='gallery-icon '>\r\n               <a data-title=\"copy Museo Nicolis, photo Angelo Rosa, Garelli Mosquito su Umberto Dei, Italia , 1948\"  class=\"\"  href='https:\/\/www.museonicolis.com\/html\/uploads\/2017\/03\/MO018-particolare_0002.jpg'><img loading=\"lazy\" decoding=\"async\" width=\"200\" height=\"300\" src=\"https:\/\/www.museonicolis.com\/html\/uploads\/2017\/03\/MO018-particolare_0002-400x600.jpg\" class=\"attachment-medium size-medium\" alt=\"\" srcset=\"https:\/\/www.museonicolis.com\/html\/uploads\/2017\/03\/MO018-particolare_0002-400x600.jpg 400w, https:\/\/www.museonicolis.com\/html\/uploads\/2017\/03\/MO018-particolare_0002.jpg 473w\" sizes=\"auto, (max-width: 200px) 100vw, 200px\" \/><\/a>\r\n            <\/dt><\/dl><dl class='gallery-item ' title='Museo Nicolis, Garelli Mosquito Umberto Dei, ph. Museo Nicolis' >\r\n            <dt class='gallery-icon '>\r\n               <a data-title=\"Museo Nicolis, Garelli Mosquito Umberto Dei, ph. Museo Nicolis\"  class=\"\"  href='https:\/\/www.museonicolis.com\/html\/uploads\/2017\/03\/Museo-Nicolis-Garelli-Mosquito-Umberto-Dei-ph.-Museo-Nicolis-3.jpg'><img loading=\"lazy\" decoding=\"async\" width=\"300\" height=\"219\" src=\"https:\/\/www.museonicolis.com\/html\/uploads\/2017\/03\/Museo-Nicolis-Garelli-Mosquito-Umberto-Dei-ph.-Museo-Nicolis-3-821x600.jpg\" class=\"attachment-medium size-medium\" alt=\"\" srcset=\"https:\/\/www.museonicolis.com\/html\/uploads\/2017\/03\/Museo-Nicolis-Garelli-Mosquito-Umberto-Dei-ph.-Museo-Nicolis-3-821x600.jpg 821w, https:\/\/www.museonicolis.com\/html\/uploads\/2017\/03\/Museo-Nicolis-Garelli-Mosquito-Umberto-Dei-ph.-Museo-Nicolis-3-768x561.jpg 768w, https:\/\/www.museonicolis.com\/html\/uploads\/2017\/03\/Museo-Nicolis-Garelli-Mosquito-Umberto-Dei-ph.-Museo-Nicolis-3-1536x1122.jpg 1536w, https:\/\/www.museonicolis.com\/html\/uploads\/2017\/03\/Museo-Nicolis-Garelli-Mosquito-Umberto-Dei-ph.-Museo-Nicolis-3.jpg 1935w\" sizes=\"auto, (max-width: 300px) 100vw, 300px\" \/><\/a>\r\n            <\/dt><\/dl><dl class='gallery-item ' title='copy Museo Nicolis, photo Angelo Rosa, Garelli Mosquito su Umberto Dei, Italia , 1948' >\r\n            <dt class='gallery-icon '>\r\n               <a data-title=\"copy Museo Nicolis, photo Angelo Rosa, Garelli Mosquito su Umberto Dei, Italia , 1948\"  class=\"\"  href='https:\/\/www.museonicolis.com\/html\/uploads\/2017\/03\/MO018-particolare_0008.jpg'><img loading=\"lazy\" decoding=\"async\" width=\"200\" height=\"300\" src=\"https:\/\/www.museonicolis.com\/html\/uploads\/2017\/03\/MO018-particolare_0008-400x600.jpg\" class=\"attachment-medium size-medium\" alt=\"\" srcset=\"https:\/\/www.museonicolis.com\/html\/uploads\/2017\/03\/MO018-particolare_0008-400x600.jpg 400w, https:\/\/www.museonicolis.com\/html\/uploads\/2017\/03\/MO018-particolare_0008.jpg 709w\" sizes=\"auto, (max-width: 200px) 100vw, 200px\" \/><\/a>\r\n            <\/dt><\/dl><dl class='gallery-item ' title='copy Museo Nicolis, photo Angelo Rosa, Garelli Mosquito su Umberto Dei, Italia , 1948' >\r\n            <dt class='gallery-icon '>\r\n               <a data-title=\"copy Museo Nicolis, photo Angelo Rosa, Garelli Mosquito su Umberto Dei, Italia , 1948\"  class=\"\"  href='https:\/\/www.museonicolis.com\/html\/uploads\/2017\/03\/MO018-particolare_0011.jpg'><img loading=\"lazy\" decoding=\"async\" width=\"200\" height=\"300\" src=\"https:\/\/www.museonicolis.com\/html\/uploads\/2017\/03\/MO018-particolare_0011-400x600.jpg\" class=\"attachment-medium size-medium\" alt=\"\" srcset=\"https:\/\/www.museonicolis.com\/html\/uploads\/2017\/03\/MO018-particolare_0011-400x600.jpg 400w, https:\/\/www.museonicolis.com\/html\/uploads\/2017\/03\/MO018-particolare_0011.jpg 709w\" sizes=\"auto, (max-width: 200px) 100vw, 200px\" \/><\/a>\r\n            <\/dt><\/dl><dl class='gallery-item ' title='Museo Nicolis, Garelli Mosquito Umberto Dei, ph. Museo Nicolis' >\r\n            <dt class='gallery-icon '>\r\n               <a data-title=\"Museo Nicolis, Garelli Mosquito Umberto Dei, ph. Museo Nicolis\"  class=\"\"  href='https:\/\/www.museonicolis.com\/html\/uploads\/2017\/03\/Museo-Nicolis-Garelli-Mosquito-Umberto-Dei-ph.-Museo-Nicolis-5.jpg'><img loading=\"lazy\" decoding=\"async\" width=\"300\" height=\"199\" src=\"https:\/\/www.museonicolis.com\/html\/uploads\/2017\/03\/Museo-Nicolis-Garelli-Mosquito-Umberto-Dei-ph.-Museo-Nicolis-5-903x600.jpg\" class=\"attachment-medium size-medium\" alt=\"\" srcset=\"https:\/\/www.museonicolis.com\/html\/uploads\/2017\/03\/Museo-Nicolis-Garelli-Mosquito-Umberto-Dei-ph.-Museo-Nicolis-5-903x600.jpg 903w, https:\/\/www.museonicolis.com\/html\/uploads\/2017\/03\/Museo-Nicolis-Garelli-Mosquito-Umberto-Dei-ph.-Museo-Nicolis-5-768x510.jpg 768w, https:\/\/www.museonicolis.com\/html\/uploads\/2017\/03\/Museo-Nicolis-Garelli-Mosquito-Umberto-Dei-ph.-Museo-Nicolis-5-1536x1020.jpg 1536w, https:\/\/www.museonicolis.com\/html\/uploads\/2017\/03\/Museo-Nicolis-Garelli-Mosquito-Umberto-Dei-ph.-Museo-Nicolis-5-2048x1360.jpg 2048w\" sizes=\"auto, (max-width: 300px) 100vw, 300px\" \/><\/a>\r\n            <\/dt><\/dl><dl class='gallery-item ' title='copy Museo Nicolis, photo Angelo Rosa, Garelli Mosquito su Umberto Dei, Italia , 1948' >\r\n            <dt class='gallery-icon '>\r\n               <a data-title=\"copy Museo Nicolis, photo Angelo Rosa, Garelli Mosquito su Umberto Dei, Italia , 1948\"  class=\"\"  href='https:\/\/www.museonicolis.com\/html\/uploads\/2017\/03\/MO018-particolare_0006.jpg'><img loading=\"lazy\" decoding=\"async\" width=\"200\" height=\"300\" src=\"https:\/\/www.museonicolis.com\/html\/uploads\/2017\/03\/MO018-particolare_0006-400x600.jpg\" class=\"attachment-medium size-medium\" alt=\"\" srcset=\"https:\/\/www.museonicolis.com\/html\/uploads\/2017\/03\/MO018-particolare_0006-400x600.jpg 400w, https:\/\/www.museonicolis.com\/html\/uploads\/2017\/03\/MO018-particolare_0006.jpg 709w\" sizes=\"auto, (max-width: 200px) 100vw, 200px\" \/><\/a>\r\n            <\/dt><\/dl><dl class='gallery-item ' title='Museo Nicolis, Garelli Mosquito Umberto Dei, ph. Museo Nicolis' >\r\n            <dt class='gallery-icon '>\r\n               <a data-title=\"Museo Nicolis, Garelli Mosquito Umberto Dei, ph. Museo Nicolis\"  class=\"\"  href='https:\/\/www.museonicolis.com\/html\/uploads\/2017\/03\/Museo-Nicolis-Garelli-Mosquito-Umberto-Dei-ph.-Museo-Nicolis-4.jpg'><img loading=\"lazy\" decoding=\"async\" width=\"300\" height=\"201\" src=\"https:\/\/www.museonicolis.com\/html\/uploads\/2017\/03\/Museo-Nicolis-Garelli-Mosquito-Umberto-Dei-ph.-Museo-Nicolis-4-896x600.jpg\" class=\"attachment-medium size-medium\" alt=\"\" srcset=\"https:\/\/www.museonicolis.com\/html\/uploads\/2017\/03\/Museo-Nicolis-Garelli-Mosquito-Umberto-Dei-ph.-Museo-Nicolis-4-896x600.jpg 896w, https:\/\/www.museonicolis.com\/html\/uploads\/2017\/03\/Museo-Nicolis-Garelli-Mosquito-Umberto-Dei-ph.-Museo-Nicolis-4-768x514.jpg 768w, https:\/\/www.museonicolis.com\/html\/uploads\/2017\/03\/Museo-Nicolis-Garelli-Mosquito-Umberto-Dei-ph.-Museo-Nicolis-4-1536x1029.jpg 1536w, https:\/\/www.museonicolis.com\/html\/uploads\/2017\/03\/Museo-Nicolis-Garelli-Mosquito-Umberto-Dei-ph.-Museo-Nicolis-4.jpg 2044w\" sizes=\"auto, (max-width: 300px) 100vw, 300px\" \/><\/a>\r\n            <\/dt><\/dl><dl class='gallery-item lu-hide-image' title='Museo Nicolis, Centro Documentazione, Mosquito' >\r\n            <dt class='gallery-icon '>\r\n               <a data-title=\"Museo Nicolis, Centro Documentazione, Mosquito\"  class=\"\"  href='https:\/\/www.museonicolis.com\/html\/uploads\/2017\/03\/Museo-Nicolis-Centro-Documentazione-Mosquito2.jpg'><img loading=\"lazy\" decoding=\"async\" width=\"300\" height=\"192\" src=\"https:\/\/www.museonicolis.com\/html\/uploads\/2017\/03\/Museo-Nicolis-Centro-Documentazione-Mosquito2-937x600.jpg\" class=\"attachment-medium size-medium\" alt=\"\" srcset=\"https:\/\/www.museonicolis.com\/html\/uploads\/2017\/03\/Museo-Nicolis-Centro-Documentazione-Mosquito2-937x600.jpg 937w, https:\/\/www.museonicolis.com\/html\/uploads\/2017\/03\/Museo-Nicolis-Centro-Documentazione-Mosquito2-768x492.jpg 768w, https:\/\/www.museonicolis.com\/html\/uploads\/2017\/03\/Museo-Nicolis-Centro-Documentazione-Mosquito2.jpg 1424w\" sizes=\"auto, (max-width: 300px) 100vw, 300px\" \/><\/a>\r\n            <\/dt><\/dl><dl class='gallery-item lu-hide-image' title='Museo Nicolis, Centro Documentazione, Mosquito' >\r\n            <dt class='gallery-icon '>\r\n               <a data-title=\"Museo Nicolis, Centro Documentazione, Mosquito\"  class=\"\"  href='https:\/\/www.museonicolis.com\/html\/uploads\/2017\/03\/Museo-Nicolis-Centro-Documentazione-Mosquito3.jpg'><img loading=\"lazy\" decoding=\"async\" width=\"300\" height=\"192\" src=\"https:\/\/www.museonicolis.com\/html\/uploads\/2017\/03\/Museo-Nicolis-Centro-Documentazione-Mosquito3-937x600.jpg\" class=\"attachment-medium size-medium\" alt=\"\" srcset=\"https:\/\/www.museonicolis.com\/html\/uploads\/2017\/03\/Museo-Nicolis-Centro-Documentazione-Mosquito3-937x600.jpg 937w, https:\/\/www.museonicolis.com\/html\/uploads\/2017\/03\/Museo-Nicolis-Centro-Documentazione-Mosquito3-768x492.jpg 768w, https:\/\/www.museonicolis.com\/html\/uploads\/2017\/03\/Museo-Nicolis-Centro-Documentazione-Mosquito3.jpg 1348w\" sizes=\"auto, (max-width: 300px) 100vw, 300px\" \/><\/a>\r\n            <\/dt><\/dl><dl class='gallery-item lu-hide-image' title='Museo Nicolis, Centro Documentazione, Mosquito' >\r\n            <dt class='gallery-icon '>\r\n               <a data-title=\"Museo Nicolis, Centro Documentazione, Mosquito\"  class=\"\"  href='https:\/\/www.museonicolis.com\/html\/uploads\/2017\/03\/Museo-Nicolis-Centro-Documentazione-Mosquito1.jpg'><img loading=\"lazy\" decoding=\"async\" width=\"300\" height=\"202\" src=\"https:\/\/www.museonicolis.com\/html\/uploads\/2017\/03\/Museo-Nicolis-Centro-Documentazione-Mosquito1-890x600.jpg\" class=\"attachment-medium size-medium\" alt=\"\" srcset=\"https:\/\/www.museonicolis.com\/html\/uploads\/2017\/03\/Museo-Nicolis-Centro-Documentazione-Mosquito1-890x600.jpg 890w, https:\/\/www.museonicolis.com\/html\/uploads\/2017\/03\/Museo-Nicolis-Centro-Documentazione-Mosquito1-768x518.jpg 768w, https:\/\/www.museonicolis.com\/html\/uploads\/2017\/03\/Museo-Nicolis-Centro-Documentazione-Mosquito1.jpg 1301w\" sizes=\"auto, (max-width: 300px) 100vw, 300px\" \/><\/a>\r\n            <\/dt><\/dl><dl class='gallery-item lu-hide-image' title='copy Museo Nicolis, photo Angelo Rosa, Garelli Mosquito su Umberto Dei, Italia , 1948' >\r\n            <dt class='gallery-icon '>\r\n               <a data-title=\"copy Museo Nicolis, photo Angelo Rosa, Garelli Mosquito su Umberto Dei, Italia , 1948\"  class=\"\"  href='https:\/\/www.museonicolis.com\/html\/uploads\/2017\/03\/MO018-particolare_0004.jpg'><img loading=\"lazy\" decoding=\"async\" width=\"200\" height=\"300\" src=\"https:\/\/www.museonicolis.com\/html\/uploads\/2017\/03\/MO018-particolare_0004-400x600.jpg\" class=\"attachment-medium size-medium\" alt=\"\" srcset=\"https:\/\/www.museonicolis.com\/html\/uploads\/2017\/03\/MO018-particolare_0004-400x600.jpg 400w, https:\/\/www.museonicolis.com\/html\/uploads\/2017\/03\/MO018-particolare_0004.jpg 473w\" sizes=\"auto, (max-width: 200px) 100vw, 200px\" \/><\/a>\r\n            <\/dt><\/dl><dl class='gallery-item lu-hide-image' title='' >\r\n            <dt class='gallery-icon '>\r\n               <a data-title=\"\"  class=\"\"  href='https:\/\/www.museonicolis.com\/html\/uploads\/2017\/03\/MO018-intera_0006.jpg'><img loading=\"lazy\" decoding=\"async\" width=\"200\" height=\"300\" src=\"https:\/\/www.museonicolis.com\/html\/uploads\/2017\/03\/MO018-intera_0006-400x600.jpg\" class=\"attachment-medium size-medium\" alt=\"\" srcset=\"https:\/\/www.museonicolis.com\/html\/uploads\/2017\/03\/MO018-intera_0006-400x600.jpg 400w, https:\/\/www.museonicolis.com\/html\/uploads\/2017\/03\/MO018-intera_0006.jpg 473w\" sizes=\"auto, (max-width: 200px) 100vw, 200px\" \/><\/a>\r\n            <\/dt><\/dl><dl class='gallery-item lu-hide-image' title='copy Museo Nicolis, photo Angelo Rosa, Garelli Mosquito su Umberto Dei, Italia , 1948' >\r\n            <dt class='gallery-icon '>\r\n               <a data-title=\"copy Museo Nicolis, photo Angelo Rosa, Garelli Mosquito su Umberto Dei, Italia , 1948\"  class=\"\"  href='https:\/\/www.museonicolis.com\/html\/uploads\/2017\/03\/MO018-intera_0004.jpg'><img loading=\"lazy\" decoding=\"async\" width=\"200\" height=\"300\" src=\"https:\/\/www.museonicolis.com\/html\/uploads\/2017\/03\/MO018-intera_0004-400x600.jpg\" class=\"attachment-medium size-medium\" alt=\"\" srcset=\"https:\/\/www.museonicolis.com\/html\/uploads\/2017\/03\/MO018-intera_0004-400x600.jpg 400w, https:\/\/www.museonicolis.com\/html\/uploads\/2017\/03\/MO018-intera_0004.jpg 709w\" sizes=\"auto, (max-width: 200px) 100vw, 200px\" \/><\/a>\r\n            <\/dt><\/dl><dl class='gallery-item lu-hide-image' title='copy Museo Nicolis, photo Angelo Rosa, Garelli Mosquito su Umberto Dei, Italia , 1948' >\r\n            <dt class='gallery-icon '>\r\n               <a data-title=\"copy Museo Nicolis, photo Angelo Rosa, Garelli Mosquito su Umberto Dei, Italia , 1948\"  class=\"\"  href='https:\/\/www.museonicolis.com\/html\/uploads\/2017\/03\/MO018-intera_0005.jpg'><img loading=\"lazy\" decoding=\"async\" width=\"300\" height=\"200\" src=\"https:\/\/www.museonicolis.com\/html\/uploads\/2017\/03\/MO018-intera_0005.jpg\" class=\"attachment-medium size-medium\" alt=\"\" \/><\/a>\r\n            <\/dt><\/dl>\r\n            <br style='clear: both;' \/>\r\n        <\/div>\n<div class=\"link-gallery\"><a href=\"?gallery=true\">Vedi tutte 19<\/a><\/div>\n","protected":false},"excerpt":{"rendered":"<p>Garelli Mosquito auf Umberto Dei, 1948, Italien Der Garelli Mosquito ist ein Hilfsmotor f\u00fcr Fahrr\u00e4der, die von Garelli von 1946 bis 1960 hergestellt wurden. Der in etwa 2 Millionen Exemplaren gebaute Motor war der in Europa am h\u00e4ufigsten verwendete Motor seiner Art. Dieses Umberto Dei-Fahrrad wird von dem in der Nachkriegszeit \u00fcblichen Hilfsmotor Mosquito Garelli&#8230;<\/p>\n","protected":false},"author":6,"featured_media":103619,"comment_status":"closed","ping_status":"closed","sticky":false,"template":"","format":"standard","meta":{"_acf_changed":false,"om_disable_all_campaigns":false,"footnotes":""},"categories":[27],"tags":[],"class_list":["post-26840","post","type-post","status-publish","format-standard","has-post-thumbnail","hentry","category-motorrader"],"acf":[],"yoast_head":"<!-- This site is optimized with the Yoast SEO plugin v22.0 - https:\/\/yoast.com\/wordpress\/plugins\/seo\/ -->\n<title>Garelli, 1948, Mosquito - Museo Nicolis<\/title>\n<meta name=\"robots\" content=\"index, follow, max-snippet:-1, max-image-preview:large, max-video-preview:-1\" \/>\n<link rel=\"canonical\" href=\"https:\/\/www.museonicolis.com\/de\/garelli-1948-mosquito\/\" \/>\n<meta property=\"og:locale\" content=\"de_DE\" \/>\n<meta property=\"og:type\" content=\"article\" \/>\n<meta property=\"og:title\" content=\"Garelli, 1948, Mosquito - Museo Nicolis\" \/>\n<meta property=\"og:description\" content=\"Garelli Mosquito auf Umberto Dei, 1948, Italien Der Garelli Mosquito ist ein Hilfsmotor f\u00fcr Fahrr\u00e4der, die von Garelli von 1946 bis 1960 hergestellt wurden. Der in etwa 2 Millionen Exemplaren gebaute Motor war der in Europa am h\u00e4ufigsten verwendete Motor seiner Art. Dieses Umberto Dei-Fahrrad wird von dem in der Nachkriegszeit \u00fcblichen Hilfsmotor Mosquito Garelli...\" \/>\n<meta property=\"og:url\" content=\"https:\/\/www.museonicolis.com\/de\/garelli-1948-mosquito\/\" \/>\n<meta property=\"og:site_name\" content=\"Museo Nicolis\" \/>\n<meta property=\"article:published_time\" content=\"2017-03-14T12:14:26+00:00\" \/>\n<meta property=\"article:modified_time\" content=\"2021-11-08T11:59:37+00:00\" \/>\n<meta property=\"og:image\" content=\"http:\/\/www.museonicolis.com\/html\/uploads\/2017\/03\/MO018-particolare_0005.jpg\" \/>\n\t<meta property=\"og:image:width\" content=\"532\" \/>\n\t<meta property=\"og:image:height\" content=\"355\" \/>\n\t<meta property=\"og:image:type\" content=\"image\/jpeg\" \/>\n<meta name=\"author\" content=\"docscenter@museonicolis.com\" \/>\n<meta name=\"twitter:card\" content=\"summary_large_image\" \/>\n<meta name=\"twitter:label1\" content=\"Verfasst von\" \/>\n\t<meta name=\"twitter:data1\" content=\"docscenter@museonicolis.com\" \/>\n\t<meta name=\"twitter:label2\" content=\"Gesch\u00e4tzte Lesezeit\" \/>\n\t<meta name=\"twitter:data2\" content=\"1\u00a0Minute\" \/>\n<script type=\"application\/ld+json\" class=\"yoast-schema-graph\">{\"@context\":\"https:\/\/schema.org\",\"@graph\":[{\"@type\":\"WebPage\",\"@id\":\"https:\/\/www.museonicolis.com\/de\/garelli-1948-mosquito\/\",\"url\":\"https:\/\/www.museonicolis.com\/de\/garelli-1948-mosquito\/\",\"name\":\"Garelli, 1948, Mosquito - Museo Nicolis\",\"isPartOf\":{\"@id\":\"https:\/\/www.museonicolis.com\/#website\"},\"datePublished\":\"2017-03-14T12:14:26+00:00\",\"dateModified\":\"2021-11-08T11:59:37+00:00\",\"author\":{\"@id\":\"https:\/\/www.museonicolis.com\/#\/schema\/person\/6acf31038592992eb202a72226abc363\"},\"breadcrumb\":{\"@id\":\"https:\/\/www.museonicolis.com\/de\/garelli-1948-mosquito\/#breadcrumb\"},\"inLanguage\":\"de\",\"potentialAction\":[{\"@type\":\"ReadAction\",\"target\":[\"https:\/\/www.museonicolis.com\/de\/garelli-1948-mosquito\/\"]}]},{\"@type\":\"BreadcrumbList\",\"@id\":\"https:\/\/www.museonicolis.com\/de\/garelli-1948-mosquito\/#breadcrumb\",\"itemListElement\":[{\"@type\":\"ListItem\",\"position\":1,\"name\":\"Home\",\"item\":\"https:\/\/www.museonicolis.com\/de\/\"},{\"@type\":\"ListItem\",\"position\":2,\"name\":\"Garelli, 1948, Mosquito\"}]},{\"@type\":\"WebSite\",\"@id\":\"https:\/\/www.museonicolis.com\/#website\",\"url\":\"https:\/\/www.museonicolis.com\/\",\"name\":\"Museo Nicolis\",\"description\":\"Hunderte von Autos, Motorr\u00e4der und Fahrr\u00e4der\",\"potentialAction\":[{\"@type\":\"SearchAction\",\"target\":{\"@type\":\"EntryPoint\",\"urlTemplate\":\"https:\/\/www.museonicolis.com\/?s={search_term_string}\"},\"query-input\":\"required name=search_term_string\"}],\"inLanguage\":\"de\"},{\"@type\":\"Person\",\"@id\":\"https:\/\/www.museonicolis.com\/#\/schema\/person\/6acf31038592992eb202a72226abc363\",\"name\":\"docscenter@museonicolis.com\",\"image\":{\"@type\":\"ImageObject\",\"inLanguage\":\"de\",\"@id\":\"https:\/\/www.museonicolis.com\/#\/schema\/person\/image\/\",\"url\":\"https:\/\/secure.gravatar.com\/avatar\/90f31a0a298266c05bb90722be593d82f77c7b2857a29b71d5d36231437ec09a?s=96&d=mm&r=g\",\"contentUrl\":\"https:\/\/secure.gravatar.com\/avatar\/90f31a0a298266c05bb90722be593d82f77c7b2857a29b71d5d36231437ec09a?s=96&d=mm&r=g\",\"caption\":\"docscenter@museonicolis.com\"},\"url\":\"https:\/\/www.museonicolis.com\/de\/author\/docsmuseonicolis-com\/\"}]}<\/script>\n<!-- \/ Yoast SEO plugin. -->","yoast_head_json":{"title":"Garelli, 1948, Mosquito - Museo Nicolis","robots":{"index":"index","follow":"follow","max-snippet":"max-snippet:-1","max-image-preview":"max-image-preview:large","max-video-preview":"max-video-preview:-1"},"canonical":"https:\/\/www.museonicolis.com\/de\/garelli-1948-mosquito\/","og_locale":"de_DE","og_type":"article","og_title":"Garelli, 1948, Mosquito - Museo Nicolis","og_description":"Garelli Mosquito auf Umberto Dei, 1948, Italien Der Garelli Mosquito ist ein Hilfsmotor f\u00fcr Fahrr\u00e4der, die von Garelli von 1946 bis 1960 hergestellt wurden. Der in etwa 2 Millionen Exemplaren gebaute Motor war der in Europa am h\u00e4ufigsten verwendete Motor seiner Art. Dieses Umberto Dei-Fahrrad wird von dem in der Nachkriegszeit \u00fcblichen Hilfsmotor Mosquito Garelli...","og_url":"https:\/\/www.museonicolis.com\/de\/garelli-1948-mosquito\/","og_site_name":"Museo Nicolis","article_published_time":"2017-03-14T12:14:26+00:00","article_modified_time":"2021-11-08T11:59:37+00:00","og_image":[{"width":532,"height":355,"url":"http:\/\/www.museonicolis.com\/html\/uploads\/2017\/03\/MO018-particolare_0005.jpg","type":"image\/jpeg"}],"author":"docscenter@museonicolis.com","twitter_card":"summary_large_image","twitter_misc":{"Verfasst von":"docscenter@museonicolis.com","Gesch\u00e4tzte Lesezeit":"1\u00a0Minute"},"schema":{"@context":"https:\/\/schema.org","@graph":[{"@type":"WebPage","@id":"https:\/\/www.museonicolis.com\/de\/garelli-1948-mosquito\/","url":"https:\/\/www.museonicolis.com\/de\/garelli-1948-mosquito\/","name":"Garelli, 1948, Mosquito - Museo Nicolis","isPartOf":{"@id":"https:\/\/www.museonicolis.com\/#website"},"datePublished":"2017-03-14T12:14:26+00:00","dateModified":"2021-11-08T11:59:37+00:00","author":{"@id":"https:\/\/www.museonicolis.com\/#\/schema\/person\/6acf31038592992eb202a72226abc363"},"breadcrumb":{"@id":"https:\/\/www.museonicolis.com\/de\/garelli-1948-mosquito\/#breadcrumb"},"inLanguage":"de","potentialAction":[{"@type":"ReadAction","target":["https:\/\/www.museonicolis.com\/de\/garelli-1948-mosquito\/"]}]},{"@type":"BreadcrumbList","@id":"https:\/\/www.museonicolis.com\/de\/garelli-1948-mosquito\/#breadcrumb","itemListElement":[{"@type":"ListItem","position":1,"name":"Home","item":"https:\/\/www.museonicolis.com\/de\/"},{"@type":"ListItem","position":2,"name":"Garelli, 1948, Mosquito"}]},{"@type":"WebSite","@id":"https:\/\/www.museonicolis.com\/#website","url":"https:\/\/www.museonicolis.com\/","name":"Museo Nicolis","description":"Hunderte von Autos, Motorr\u00e4der und Fahrr\u00e4der","potentialAction":[{"@type":"SearchAction","target":{"@type":"EntryPoint","urlTemplate":"https:\/\/www.museonicolis.com\/?s={search_term_string}"},"query-input":"required name=search_term_string"}],"inLanguage":"de"},{"@type":"Person","@id":"https:\/\/www.museonicolis.com\/#\/schema\/person\/6acf31038592992eb202a72226abc363","name":"docscenter@museonicolis.com","image":{"@type":"ImageObject","inLanguage":"de","@id":"https:\/\/www.museonicolis.com\/#\/schema\/person\/image\/","url":"https:\/\/secure.gravatar.com\/avatar\/90f31a0a298266c05bb90722be593d82f77c7b2857a29b71d5d36231437ec09a?s=96&d=mm&r=g","contentUrl":"https:\/\/secure.gravatar.com\/avatar\/90f31a0a298266c05bb90722be593d82f77c7b2857a29b71d5d36231437ec09a?s=96&d=mm&r=g","caption":"docscenter@museonicolis.com"},"url":"https:\/\/www.museonicolis.com\/de\/author\/docsmuseonicolis-com\/"}]}},"_links":{"self":[{"href":"https:\/\/www.museonicolis.com\/de\/wp-json\/wp\/v2\/posts\/26840","targetHints":{"allow":["GET"]}}],"collection":[{"href":"https:\/\/www.museonicolis.com\/de\/wp-json\/wp\/v2\/posts"}],"about":[{"href":"https:\/\/www.museonicolis.com\/de\/wp-json\/wp\/v2\/types\/post"}],"author":[{"embeddable":true,"href":"https:\/\/www.museonicolis.com\/de\/wp-json\/wp\/v2\/users\/6"}],"replies":[{"embeddable":true,"href":"https:\/\/www.museonicolis.com\/de\/wp-json\/wp\/v2\/comments?post=26840"}],"version-history":[{"count":0,"href":"https:\/\/www.museonicolis.com\/de\/wp-json\/wp\/v2\/posts\/26840\/revisions"}],"wp:featuredmedia":[{"embeddable":true,"href":"https:\/\/www.museonicolis.com\/de\/wp-json\/wp\/v2\/media\/103619"}],"wp:attachment":[{"href":"https:\/\/www.museonicolis.com\/de\/wp-json\/wp\/v2\/media?parent=26840"}],"wp:term":[{"taxonomy":"category","embeddable":true,"href":"https:\/\/www.museonicolis.com\/de\/wp-json\/wp\/v2\/categories?post=26840"},{"taxonomy":"post_tag","embeddable":true,"href":"https:\/\/www.museonicolis.com\/de\/wp-json\/wp\/v2\/tags?post=26840"}],"curies":[{"name":"wp","href":"https:\/\/api.w.org\/{rel}","templated":true}]}}