{"id":225720,"date":"2025-01-01T08:00:39","date_gmt":"2025-01-01T07:00:39","guid":{"rendered":"https:\/\/www.museonicolis.com\/6-edizione-premio-museo-nicolis-e-3-edizione-sfide-dimpresa\/"},"modified":"2025-10-05T16:15:58","modified_gmt":"2025-10-05T14:15:58","slug":"6-edizione-premio-museo-nicolis-e-3-edizione-sfide-dimpresa","status":"publish","type":"post","link":"https:\/\/www.museonicolis.com\/de\/6-edizione-premio-museo-nicolis-e-3-edizione-sfide-dimpresa\/","title":{"rendered":"I Museo Nicolis Award, Apollinare Veronesi"},"content":{"rendered":"<p>Der erste Nicolis Museum Award geht an den Unternehmer <strong>Apollinare Veronesi<\/strong> f\u00fcr seine ausgepr\u00e4gte Leidenschaft f\u00fcr Innovationen in seinem Leben und seiner Gesch\u00e4ftst\u00e4tigkeit, insbesondere f\u00fcr die Nutzung der Chancen, die die Entwicklung des Maschinenbaus und des Transportwesens f\u00fcr sein Unternehmen bietet.<\/p>\n<h2 style=\"text-align: justify;\"><\/h2>\n\r\n\r\n        <!-- see gallery_shortcode() in wp-includes\/media.php -->\r\n        <div id='gallery-1' class='lu-gallery gallery galleryid-225720'><dl class='gallery-item ' title='2000 12 12 Museo Nicolis, 1\u00b0 Premio Museo Nicolis, Apollinare Veronesi' >\r\n            <dt class='gallery-icon '>\r\n               <a data-title=\"2000 12 12 Museo Nicolis, 1\u00b0 Premio Museo Nicolis, Apollinare Veronesi\"  class=\"\"  href='https:\/\/www.museonicolis.com\/html\/uploads\/2017\/06\/2000-12-12-Museo-Nicolis-1\u00b0-Premio-Museo-Nicolis-Apollinare-Veronesi-4.jpg'><img loading=\"lazy\" decoding=\"async\" width=\"300\" height=\"226\" src=\"https:\/\/www.museonicolis.com\/html\/uploads\/2017\/06\/2000-12-12-Museo-Nicolis-1\u00b0-Premio-Museo-Nicolis-Apollinare-Veronesi-4-795x600.jpg\" class=\"attachment-medium size-medium\" alt=\"Premio Museo Nicolis a Apollinare Veronesi Prima Edizione, Luciano Nicolis ph Museo Nicolis, Villafranca Verona auto d&#039;epoca\" srcset=\"https:\/\/www.museonicolis.com\/html\/uploads\/2017\/06\/2000-12-12-Museo-Nicolis-1\u00b0-Premio-Museo-Nicolis-Apollinare-Veronesi-4-795x600.jpg 795w, https:\/\/www.museonicolis.com\/html\/uploads\/2017\/06\/2000-12-12-Museo-Nicolis-1\u00b0-Premio-Museo-Nicolis-Apollinare-Veronesi-4-768x580.jpg 768w, https:\/\/www.museonicolis.com\/html\/uploads\/2017\/06\/2000-12-12-Museo-Nicolis-1\u00b0-Premio-Museo-Nicolis-Apollinare-Veronesi-4.jpg 1052w\" sizes=\"auto, (max-width: 300px) 100vw, 300px\" \/><\/a>\r\n            <\/dt><\/dl><dl class='gallery-item ' title='2000 12 12 Museo Nicolis, 1\u00b0 Premio Museo Nicolis, Apollinare Veronesi' >\r\n            <dt class='gallery-icon '>\r\n               <a data-title=\"2000 12 12 Museo Nicolis, 1\u00b0 Premio Museo Nicolis, Apollinare Veronesi\"  class=\"\"  href='https:\/\/www.museonicolis.com\/html\/uploads\/2017\/06\/2000-12-12-Museo-Nicolis-1\u00b0-Premio-Museo-Nicolis-Apollinare-Veronesi-2.jpg'><img loading=\"lazy\" decoding=\"async\" width=\"300\" height=\"231\" src=\"https:\/\/www.museonicolis.com\/html\/uploads\/2017\/06\/2000-12-12-Museo-Nicolis-1\u00b0-Premio-Museo-Nicolis-Apollinare-Veronesi-2-779x600.jpg\" class=\"attachment-medium size-medium\" alt=\"Premio Museo Nicolis a Apollinare Veronesi Prima Edizione, Luciano Nicolis ph Museo Nicolis, Villafranca Verona auto d&#039;epoca\" srcset=\"https:\/\/www.museonicolis.com\/html\/uploads\/2017\/06\/2000-12-12-Museo-Nicolis-1\u00b0-Premio-Museo-Nicolis-Apollinare-Veronesi-2-779x600.jpg 779w, https:\/\/www.museonicolis.com\/html\/uploads\/2017\/06\/2000-12-12-Museo-Nicolis-1\u00b0-Premio-Museo-Nicolis-Apollinare-Veronesi-2-768x592.jpg 768w, https:\/\/www.museonicolis.com\/html\/uploads\/2017\/06\/2000-12-12-Museo-Nicolis-1\u00b0-Premio-Museo-Nicolis-Apollinare-Veronesi-2.jpg 1510w\" sizes=\"auto, (max-width: 300px) 100vw, 300px\" \/><\/a>\r\n            <\/dt><\/dl><dl class='gallery-item ' title='2000 12 12 Museo Nicolis, 1\u00b0 Premio Museo Nicolis, Apollinare Veronesi' >\r\n            <dt class='gallery-icon '>\r\n               <a data-title=\"2000 12 12 Museo Nicolis, 1\u00b0 Premio Museo Nicolis, Apollinare Veronesi\"  class=\"\"  href='https:\/\/www.museonicolis.com\/html\/uploads\/2017\/06\/2000-12-12-Museo-Nicolis-1\u00b0-Premio-Museo-Nicolis-Apollinare-Veronesi-3.jpg'><img loading=\"lazy\" decoding=\"async\" width=\"191\" height=\"300\" src=\"https:\/\/www.museonicolis.com\/html\/uploads\/2017\/06\/2000-12-12-Museo-Nicolis-1\u00b0-Premio-Museo-Nicolis-Apollinare-Veronesi-3-382x600.jpg\" class=\"attachment-medium size-medium\" alt=\"Premio Museo Nicolis a Apollinare Veronesi Prima Edizione, Luciano Nicolis ph Museo Nicolis, Villafranca Verona auto d&#039;epoca\" srcset=\"https:\/\/www.museonicolis.com\/html\/uploads\/2017\/06\/2000-12-12-Museo-Nicolis-1\u00b0-Premio-Museo-Nicolis-Apollinare-Veronesi-3-382x600.jpg 382w, https:\/\/www.museonicolis.com\/html\/uploads\/2017\/06\/2000-12-12-Museo-Nicolis-1\u00b0-Premio-Museo-Nicolis-Apollinare-Veronesi-3-768x1205.jpg 768w, https:\/\/www.museonicolis.com\/html\/uploads\/2017\/06\/2000-12-12-Museo-Nicolis-1\u00b0-Premio-Museo-Nicolis-Apollinare-Veronesi-3-979x1536.jpg 979w, https:\/\/www.museonicolis.com\/html\/uploads\/2017\/06\/2000-12-12-Museo-Nicolis-1\u00b0-Premio-Museo-Nicolis-Apollinare-Veronesi-3.jpg 1040w\" sizes=\"auto, (max-width: 191px) 100vw, 191px\" \/><\/a>\r\n            <\/dt><\/dl><dl class='gallery-item ' title='2000 12 12 Museo Nicolis, 1\u00b0 Premio Museo Nicolis, Apollinare Veronesi' >\r\n            <dt class='gallery-icon '>\r\n               <a data-title=\"2000 12 12 Museo Nicolis, 1\u00b0 Premio Museo Nicolis, Apollinare Veronesi\"  class=\"\"  href='https:\/\/www.museonicolis.com\/html\/uploads\/2017\/06\/2000-12-12-Museo-Nicolis-1\u00b0-Premio-Museo-Nicolis-Apollinare-Veronesi-1.jpg'><img loading=\"lazy\" decoding=\"async\" width=\"300\" height=\"215\" src=\"https:\/\/www.museonicolis.com\/html\/uploads\/2017\/06\/2000-12-12-Museo-Nicolis-1\u00b0-Premio-Museo-Nicolis-Apollinare-Veronesi-1-838x600.jpg\" class=\"attachment-medium size-medium\" alt=\"Premio Museo Nicolis a Apollinare Veronesi Prima Edizione, Luciano Nicolis ph Museo Nicolis, Villafranca Verona auto d&#039;epoca\" srcset=\"https:\/\/www.museonicolis.com\/html\/uploads\/2017\/06\/2000-12-12-Museo-Nicolis-1\u00b0-Premio-Museo-Nicolis-Apollinare-Veronesi-1-838x600.jpg 838w, https:\/\/www.museonicolis.com\/html\/uploads\/2017\/06\/2000-12-12-Museo-Nicolis-1\u00b0-Premio-Museo-Nicolis-Apollinare-Veronesi-1-768x550.jpg 768w, https:\/\/www.museonicolis.com\/html\/uploads\/2017\/06\/2000-12-12-Museo-Nicolis-1\u00b0-Premio-Museo-Nicolis-Apollinare-Veronesi-1-1536x1100.jpg 1536w, https:\/\/www.museonicolis.com\/html\/uploads\/2017\/06\/2000-12-12-Museo-Nicolis-1\u00b0-Premio-Museo-Nicolis-Apollinare-Veronesi-1.jpg 1624w\" sizes=\"auto, (max-width: 300px) 100vw, 300px\" \/><\/a>\r\n            <\/dt><\/dl><dl class='gallery-item ' title='2000 12 12 Museo Nicolis, 1\u00b0 Premio Museo Nicolis, Apollinare Veronesi' >\r\n            <dt class='gallery-icon '>\r\n               <a data-title=\"2000 12 12 Museo Nicolis, 1\u00b0 Premio Museo Nicolis, Apollinare Veronesi\"  class=\"\"  href='https:\/\/www.museonicolis.com\/html\/uploads\/2017\/06\/2000-12-12-Museo-Nicolis-1\u00b0-Premio-Museo-Nicolis-Apollinare-Veronesi-5.jpg'><img loading=\"lazy\" decoding=\"async\" width=\"300\" height=\"218\" src=\"https:\/\/www.museonicolis.com\/html\/uploads\/2017\/06\/2000-12-12-Museo-Nicolis-1\u00b0-Premio-Museo-Nicolis-Apollinare-Veronesi-5-826x600.jpg\" class=\"attachment-medium size-medium\" alt=\"Premio Museo Nicolis a Apollinare Veronesi Prima Edizione, Luciano Nicolis ph Museo Nicolis, Villafranca Verona auto d&#039;epoca\" srcset=\"https:\/\/www.museonicolis.com\/html\/uploads\/2017\/06\/2000-12-12-Museo-Nicolis-1\u00b0-Premio-Museo-Nicolis-Apollinare-Veronesi-5-826x600.jpg 826w, https:\/\/www.museonicolis.com\/html\/uploads\/2017\/06\/2000-12-12-Museo-Nicolis-1\u00b0-Premio-Museo-Nicolis-Apollinare-Veronesi-5-768x558.jpg 768w, https:\/\/www.museonicolis.com\/html\/uploads\/2017\/06\/2000-12-12-Museo-Nicolis-1\u00b0-Premio-Museo-Nicolis-Apollinare-Veronesi-5.jpg 1082w\" sizes=\"auto, (max-width: 300px) 100vw, 300px\" \/><\/a>\r\n            <\/dt><\/dl><dl class='gallery-item ' title='2000 12 12 Museo Nicolis, 1\u00b0 Premio Museo Nicolis, Apollinare Veronesi' >\r\n            <dt class='gallery-icon '>\r\n               <a data-title=\"2000 12 12 Museo Nicolis, 1\u00b0 Premio Museo Nicolis, Apollinare Veronesi\"  class=\"\"  href='https:\/\/www.museonicolis.com\/html\/uploads\/2000\/12\/img228.jpg'><img loading=\"lazy\" decoding=\"async\" width=\"300\" height=\"194\" src=\"https:\/\/www.museonicolis.com\/html\/uploads\/2000\/12\/img228-929x600.jpg\" class=\"attachment-medium size-medium\" alt=\"Premio Museo Nicolis a Apollinare Veronesi Veronesi Mangimi, Prima Edizione, Luciano Nicolis e Luca Paolazzi ph Museo Nicolis, Villafranca Verona auto d&#039;epoca\" srcset=\"https:\/\/www.museonicolis.com\/html\/uploads\/2000\/12\/img228-929x600.jpg 929w, https:\/\/www.museonicolis.com\/html\/uploads\/2000\/12\/img228-768x496.jpg 768w, https:\/\/www.museonicolis.com\/html\/uploads\/2000\/12\/img228.jpg 1513w\" sizes=\"auto, (max-width: 300px) 100vw, 300px\" \/><\/a>\r\n            <\/dt><\/dl><dl class='gallery-item ' title='2000 12 12 Museo Nicolis, 1\u00b0 Premio Museo Nicolis, Apollinare Veronesi' >\r\n            <dt class='gallery-icon '>\r\n               <a data-title=\"2000 12 12 Museo Nicolis, 1\u00b0 Premio Museo Nicolis, Apollinare Veronesi\"  class=\"\"  href='https:\/\/www.museonicolis.com\/html\/uploads\/2000\/12\/img229.jpg'><img loading=\"lazy\" decoding=\"async\" width=\"206\" height=\"300\" src=\"https:\/\/www.museonicolis.com\/html\/uploads\/2000\/12\/img229-411x600.jpg\" class=\"attachment-medium size-medium\" alt=\"Premio Museo Nicolis a Apollinare Veronesi Prima Edizione, Luciano Nicolis ph Museo Nicolis, Villafranca Verona auto d&#039;epoca\" srcset=\"https:\/\/www.museonicolis.com\/html\/uploads\/2000\/12\/img229-411x600.jpg 411w, https:\/\/www.museonicolis.com\/html\/uploads\/2000\/12\/img229-768x1121.jpg 768w, https:\/\/www.museonicolis.com\/html\/uploads\/2000\/12\/img229.jpg 1037w\" sizes=\"auto, (max-width: 206px) 100vw, 206px\" \/><\/a>\r\n            <\/dt><\/dl><dl class='gallery-item ' title='2000 12 12 Museo Nicolis, 1\u00b0 Premio Museo Nicolis, Apollinare Veronesi' >\r\n            <dt class='gallery-icon '>\r\n               <a data-title=\"2000 12 12 Museo Nicolis, 1\u00b0 Premio Museo Nicolis, Apollinare Veronesi\"  class=\"\"  href='https:\/\/www.museonicolis.com\/html\/uploads\/2000\/12\/img219.jpg'><img loading=\"lazy\" decoding=\"async\" width=\"300\" height=\"200\" src=\"https:\/\/www.museonicolis.com\/html\/uploads\/2000\/12\/img219-899x600.jpg\" class=\"attachment-medium size-medium\" alt=\"Premio Museo Nicolis a Apollinare Veronesi Prima Edizione, Luciano Nicolis ph Museo Nicolis, Villafranca Verona auto d&#039;epoca\" srcset=\"https:\/\/www.museonicolis.com\/html\/uploads\/2000\/12\/img219-899x600.jpg 899w, https:\/\/www.museonicolis.com\/html\/uploads\/2000\/12\/img219-768x513.jpg 768w, https:\/\/www.museonicolis.com\/html\/uploads\/2000\/12\/img219-1536x1026.jpg 1536w, https:\/\/www.museonicolis.com\/html\/uploads\/2000\/12\/img219.jpg 1553w\" sizes=\"auto, (max-width: 300px) 100vw, 300px\" \/><\/a>\r\n            <\/dt><\/dl><dl class='gallery-item ' title='2000 12 12 Museo Nicolis, 1\u00b0 Premio Museo Nicolis, Apollinare Veronesi' >\r\n            <dt class='gallery-icon '>\r\n               <a data-title=\"2000 12 12 Museo Nicolis, 1\u00b0 Premio Museo Nicolis, Apollinare Veronesi\"  class=\"\"  href='https:\/\/www.museonicolis.com\/html\/uploads\/2000\/12\/img220.jpg'><img loading=\"lazy\" decoding=\"async\" width=\"223\" height=\"300\" src=\"https:\/\/www.museonicolis.com\/html\/uploads\/2000\/12\/img220-445x600.jpg\" class=\"attachment-medium size-medium\" alt=\"Premio Museo Nicolis a Apollinare Veronesi Veronesi Mangimi, Prima Edizione, Luciano Nicolis e Luca Paolazzi ph Museo Nicolis, Villafranca Verona auto d&#039;epoca\" srcset=\"https:\/\/www.museonicolis.com\/html\/uploads\/2000\/12\/img220-445x600.jpg 445w, https:\/\/www.museonicolis.com\/html\/uploads\/2000\/12\/img220-768x1036.jpg 768w, https:\/\/www.museonicolis.com\/html\/uploads\/2000\/12\/img220.jpg 953w\" sizes=\"auto, (max-width: 223px) 100vw, 223px\" \/><\/a>\r\n            <\/dt><\/dl><dl class='gallery-item ' title='2000 12 12 Museo Nicolis, 1\u00b0 Premio Museo Nicolis, Apollinare Veronesi' >\r\n            <dt class='gallery-icon '>\r\n               <a data-title=\"2000 12 12 Museo Nicolis, 1\u00b0 Premio Museo Nicolis, Apollinare Veronesi\"  class=\"\"  href='https:\/\/www.museonicolis.com\/html\/uploads\/2000\/12\/img223.jpg'><img loading=\"lazy\" decoding=\"async\" width=\"300\" height=\"202\" src=\"https:\/\/www.museonicolis.com\/html\/uploads\/2000\/12\/img223-891x600.jpg\" class=\"attachment-medium size-medium\" alt=\"Premio Museo Nicolis a Apollinare Veronesi Veronesi Mangimi, Prima Edizione, Luciano Nicolis e Luca Paolazzi ph Museo Nicolis, Villafranca Verona auto d&#039;epoca\" srcset=\"https:\/\/www.museonicolis.com\/html\/uploads\/2000\/12\/img223-891x600.jpg 891w, https:\/\/www.museonicolis.com\/html\/uploads\/2000\/12\/img223-768x517.jpg 768w, https:\/\/www.museonicolis.com\/html\/uploads\/2000\/12\/img223-1536x1035.jpg 1536w, https:\/\/www.museonicolis.com\/html\/uploads\/2000\/12\/img223.jpg 1557w\" sizes=\"auto, (max-width: 300px) 100vw, 300px\" \/><\/a>\r\n            <\/dt><\/dl><dl class='gallery-item ' title='2000 12 12 Museo Nicolis, 1\u00b0 Premio Museo Nicolis, Apollinare Veronesi' >\r\n            <dt class='gallery-icon '>\r\n               <a data-title=\"2000 12 12 Museo Nicolis, 1\u00b0 Premio Museo Nicolis, Apollinare Veronesi\"  class=\"\"  href='https:\/\/www.museonicolis.com\/html\/uploads\/2000\/12\/img224.jpg'><img loading=\"lazy\" decoding=\"async\" width=\"300\" height=\"196\" src=\"https:\/\/www.museonicolis.com\/html\/uploads\/2000\/12\/img224-918x600.jpg\" class=\"attachment-medium size-medium\" alt=\"Premio Museo Nicolis a Apollinare Veronesi Veronesi Mangimi, Prima Edizione, Luciano Nicolis e Luca Paolazzi ph Museo Nicolis, Villafranca Verona auto d&#039;epoca\" srcset=\"https:\/\/www.museonicolis.com\/html\/uploads\/2000\/12\/img224-918x600.jpg 918w, https:\/\/www.museonicolis.com\/html\/uploads\/2000\/12\/img224-768x502.jpg 768w, https:\/\/www.museonicolis.com\/html\/uploads\/2000\/12\/img224-1536x1003.jpg 1536w, https:\/\/www.museonicolis.com\/html\/uploads\/2000\/12\/img224.jpg 1569w\" sizes=\"auto, (max-width: 300px) 100vw, 300px\" \/><\/a>\r\n            <\/dt><\/dl><dl class='gallery-item ' title='2000 12 12 Museo Nicolis, 1\u00b0 Premio Museo Nicolis, Apollinare Veronesi' >\r\n            <dt class='gallery-icon '>\r\n               <a data-title=\"2000 12 12 Museo Nicolis, 1\u00b0 Premio Museo Nicolis, Apollinare Veronesi\"  class=\"\"  href='https:\/\/www.museonicolis.com\/html\/uploads\/2000\/12\/img221.jpg'><img loading=\"lazy\" decoding=\"async\" width=\"300\" height=\"198\" src=\"https:\/\/www.museonicolis.com\/html\/uploads\/2000\/12\/img221-909x600.jpg\" class=\"attachment-medium size-medium\" alt=\"Premio Museo Nicolis a Apollinare Veronesi Veronesi Mangimi, Prima Edizione, Luciano Nicolis e Luca Paolazzi ph Museo Nicolis, Villafranca Verona auto d&#039;epoca\" srcset=\"https:\/\/www.museonicolis.com\/html\/uploads\/2000\/12\/img221-909x600.jpg 909w, https:\/\/www.museonicolis.com\/html\/uploads\/2000\/12\/img221-768x507.jpg 768w, https:\/\/www.museonicolis.com\/html\/uploads\/2000\/12\/img221-1536x1013.jpg 1536w, https:\/\/www.museonicolis.com\/html\/uploads\/2000\/12\/img221.jpg 1540w\" sizes=\"auto, (max-width: 300px) 100vw, 300px\" \/><\/a>\r\n            <\/dt><\/dl><dl class='gallery-item lu-hide-image' title='2000 12 12 Museo Nicolis, 1\u00b0 Premio Museo Nicolis, Apollinare Veronesi' >\r\n            <dt class='gallery-icon '>\r\n               <a data-title=\"2000 12 12 Museo Nicolis, 1\u00b0 Premio Museo Nicolis, Apollinare Veronesi\"  class=\"\"  href='https:\/\/www.museonicolis.com\/html\/uploads\/2000\/12\/img222.jpg'><img loading=\"lazy\" decoding=\"async\" width=\"300\" height=\"200\" src=\"https:\/\/www.museonicolis.com\/html\/uploads\/2000\/12\/img222-899x600.jpg\" class=\"attachment-medium size-medium\" alt=\"Premio Museo Nicolis a Apollinare Veronesi Veronesi Mangimi, Prima Edizione, Luciano Nicolis e Luca Paolazzi ph Museo Nicolis, Villafranca Verona auto d&#039;epoca\" srcset=\"https:\/\/www.museonicolis.com\/html\/uploads\/2000\/12\/img222-899x600.jpg 899w, https:\/\/www.museonicolis.com\/html\/uploads\/2000\/12\/img222-768x513.jpg 768w, https:\/\/www.museonicolis.com\/html\/uploads\/2000\/12\/img222-1536x1026.jpg 1536w, https:\/\/www.museonicolis.com\/html\/uploads\/2000\/12\/img222.jpg 1565w\" sizes=\"auto, (max-width: 300px) 100vw, 300px\" \/><\/a>\r\n            <\/dt><\/dl><dl class='gallery-item lu-hide-image' title='2000 12 12 Museo Nicolis, 1\u00b0 Premio Museo Nicolis, Apollinare Veronesi' >\r\n            <dt class='gallery-icon '>\r\n               <a data-title=\"2000 12 12 Museo Nicolis, 1\u00b0 Premio Museo Nicolis, Apollinare Veronesi\"  class=\"\"  href='https:\/\/www.museonicolis.com\/html\/uploads\/2000\/12\/img225.jpg'><img loading=\"lazy\" decoding=\"async\" width=\"300\" height=\"200\" src=\"https:\/\/www.museonicolis.com\/html\/uploads\/2000\/12\/img225-901x600.jpg\" class=\"attachment-medium size-medium\" alt=\"Premio Museo Nicolis a Apollinare Veronesi Veronesi Mangimi, Prima Edizione, Luciano Nicolis e Luca Paolazzi ph Museo Nicolis, Villafranca Verona auto d&#039;epoca\" srcset=\"https:\/\/www.museonicolis.com\/html\/uploads\/2000\/12\/img225-901x600.jpg 901w, https:\/\/www.museonicolis.com\/html\/uploads\/2000\/12\/img225-768x512.jpg 768w, https:\/\/www.museonicolis.com\/html\/uploads\/2000\/12\/img225-1536x1023.jpg 1536w, https:\/\/www.museonicolis.com\/html\/uploads\/2000\/12\/img225.jpg 1569w\" sizes=\"auto, (max-width: 300px) 100vw, 300px\" \/><\/a>\r\n            <\/dt><\/dl><dl class='gallery-item lu-hide-image' title='2000 12 12 Museo Nicolis, 1\u00b0 Premio Museo Nicolis, Apollinare Veronesi' >\r\n            <dt class='gallery-icon '>\r\n               <a data-title=\"2000 12 12 Museo Nicolis, 1\u00b0 Premio Museo Nicolis, Apollinare Veronesi\"  class=\"\"  href='https:\/\/www.museonicolis.com\/html\/uploads\/2000\/12\/img226.jpg'><img loading=\"lazy\" decoding=\"async\" width=\"224\" height=\"300\" src=\"https:\/\/www.museonicolis.com\/html\/uploads\/2000\/12\/img226-447x600.jpg\" class=\"attachment-medium size-medium\" alt=\"Premio Museo Nicolis a Apollinare Veronesi Veronesi Mangimi, Prima Edizione, Luciano Nicolis e Luca Paolazzi ph Museo Nicolis, Villafranca Verona auto d&#039;epoca\" srcset=\"https:\/\/www.museonicolis.com\/html\/uploads\/2000\/12\/img226-447x600.jpg 447w, https:\/\/www.museonicolis.com\/html\/uploads\/2000\/12\/img226-768x1032.jpg 768w, https:\/\/www.museonicolis.com\/html\/uploads\/2000\/12\/img226.jpg 1025w\" sizes=\"auto, (max-width: 224px) 100vw, 224px\" \/><\/a>\r\n            <\/dt><\/dl><dl class='gallery-item lu-hide-image' title='2000 12 12 Museo Nicolis, 1\u00b0 Premio Museo Nicolis, Apollinare Veronesi' >\r\n            <dt class='gallery-icon '>\r\n               <a data-title=\"2000 12 12 Museo Nicolis, 1\u00b0 Premio Museo Nicolis, Apollinare Veronesi\"  class=\"\"  href='https:\/\/www.museonicolis.com\/html\/uploads\/2000\/12\/img227.jpg'><img loading=\"lazy\" decoding=\"async\" width=\"300\" height=\"197\" src=\"https:\/\/www.museonicolis.com\/html\/uploads\/2000\/12\/img227-912x600.jpg\" class=\"attachment-medium size-medium\" alt=\"Premio Museo Nicolis a Apollinare Veronesi Veronesi Mangimi, Prima Edizione, Luciano Nicolis e Luca Paolazzi ph Museo Nicolis, Villafranca Verona auto d&#039;epoca\" srcset=\"https:\/\/www.museonicolis.com\/html\/uploads\/2000\/12\/img227-912x600.jpg 912w, https:\/\/www.museonicolis.com\/html\/uploads\/2000\/12\/img227-768x505.jpg 768w, https:\/\/www.museonicolis.com\/html\/uploads\/2000\/12\/img227.jpg 1521w\" sizes=\"auto, (max-width: 300px) 100vw, 300px\" \/><\/a>\r\n            <\/dt><\/dl><dl class='gallery-item lu-hide-image' title='2000 12 12 Museo Nicolis, 1\u00b0 Premio Museo Nicolis, Apollinare Veronesi' >\r\n            <dt class='gallery-icon '>\r\n               <a data-title=\"2000 12 12 Museo Nicolis, 1\u00b0 Premio Museo Nicolis, Apollinare Veronesi\"  class=\"\"  href='https:\/\/www.museonicolis.com\/html\/uploads\/2000\/12\/img230.jpg'><img loading=\"lazy\" decoding=\"async\" width=\"227\" height=\"300\" src=\"https:\/\/www.museonicolis.com\/html\/uploads\/2000\/12\/img230-453x600.jpg\" class=\"attachment-medium size-medium\" alt=\"Premio Museo Nicolis a Apollinare Veronesi Prima Edizione, Luciano e Renate Nicolis ph Museo Nicolis, Villafranca Verona auto d&#039;epoca\" srcset=\"https:\/\/www.museonicolis.com\/html\/uploads\/2000\/12\/img230-453x600.jpg 453w, https:\/\/www.museonicolis.com\/html\/uploads\/2000\/12\/img230-768x1017.jpg 768w, https:\/\/www.museonicolis.com\/html\/uploads\/2000\/12\/img230.jpg 973w\" sizes=\"auto, (max-width: 227px) 100vw, 227px\" \/><\/a>\r\n            <\/dt><\/dl><dl class='gallery-item lu-hide-image' title='2000 12 12 Museo Nicolis, 1\u00b0 Premio Museo Nicolis, Apollinare Veronesi' >\r\n            <dt class='gallery-icon '>\r\n               <a data-title=\"2000 12 12 Museo Nicolis, 1\u00b0 Premio Museo Nicolis, Apollinare Veronesi\"  class=\"\"  href='https:\/\/www.museonicolis.com\/html\/uploads\/2000\/12\/img231.jpg'><img loading=\"lazy\" decoding=\"async\" width=\"214\" height=\"300\" src=\"https:\/\/www.museonicolis.com\/html\/uploads\/2000\/12\/img231-428x600.jpg\" class=\"attachment-medium size-medium\" alt=\"Premio Museo Nicolis a Apollinare Veronesi Prima Edizione, Luciano Nicolis ph Museo Nicolis, Villafranca Verona auto d&#039;epoca\" srcset=\"https:\/\/www.museonicolis.com\/html\/uploads\/2000\/12\/img231-428x600.jpg 428w, https:\/\/www.museonicolis.com\/html\/uploads\/2000\/12\/img231-768x1077.jpg 768w, https:\/\/www.museonicolis.com\/html\/uploads\/2000\/12\/img231.jpg 1053w\" sizes=\"auto, (max-width: 214px) 100vw, 214px\" \/><\/a>\r\n            <\/dt><\/dl><dl class='gallery-item lu-hide-image' title='2000 12 12 Museo Nicolis, 1\u00b0 Premio Museo Nicolis, Apollinare Veronesi' >\r\n            <dt class='gallery-icon '>\r\n               <a data-title=\"2000 12 12 Museo Nicolis, 1\u00b0 Premio Museo Nicolis, Apollinare Veronesi\"  class=\"\"  href='https:\/\/www.museonicolis.com\/html\/uploads\/2000\/12\/img232.jpg'><img loading=\"lazy\" decoding=\"async\" width=\"194\" height=\"300\" src=\"https:\/\/www.museonicolis.com\/html\/uploads\/2000\/12\/img232-388x600.jpg\" class=\"attachment-medium size-medium\" alt=\"Premio Museo Nicolis a Apollinare Veronesi Prima Edizione, Luciano Nicolis ph Museo Nicolis, Villafranca Verona auto d&#039;epoca\" srcset=\"https:\/\/www.museonicolis.com\/html\/uploads\/2000\/12\/img232-388x600.jpg 388w, https:\/\/www.museonicolis.com\/html\/uploads\/2000\/12\/img232-768x1187.jpg 768w, https:\/\/www.museonicolis.com\/html\/uploads\/2000\/12\/img232.jpg 956w\" sizes=\"auto, (max-width: 194px) 100vw, 194px\" \/><\/a>\r\n            <\/dt><\/dl><dl class='gallery-item lu-hide-image' title='2000 12 12 Museo Nicolis, 1\u00b0 Premio Museo Nicolis, Apollinare Veronesi' >\r\n            <dt class='gallery-icon '>\r\n               <a data-title=\"2000 12 12 Museo Nicolis, 1\u00b0 Premio Museo Nicolis, Apollinare Veronesi\"  class=\"\"  href='https:\/\/www.museonicolis.com\/html\/uploads\/2000\/12\/img233.jpg'><img loading=\"lazy\" decoding=\"async\" width=\"198\" height=\"300\" src=\"https:\/\/www.museonicolis.com\/html\/uploads\/2000\/12\/img233-396x600.jpg\" class=\"attachment-medium size-medium\" alt=\"Premio Museo Nicolis a Apollinare Veronesi, Mangimi Veronesi, Prima Edizione, Luciano Nicolis ph Museo Nicolis, Villafranca Verona auto d&#039;epoca\" srcset=\"https:\/\/www.museonicolis.com\/html\/uploads\/2000\/12\/img233-396x600.jpg 396w, https:\/\/www.museonicolis.com\/html\/uploads\/2000\/12\/img233-768x1162.jpg 768w, https:\/\/www.museonicolis.com\/html\/uploads\/2000\/12\/img233.jpg 1013w\" sizes=\"auto, (max-width: 198px) 100vw, 198px\" \/><\/a>\r\n            <\/dt><\/dl><dl class='gallery-item lu-hide-image' title='2000 12 12 Museo Nicolis, 1\u00b0 Premio Museo Nicolis, Apollinare Veronesi' >\r\n            <dt class='gallery-icon '>\r\n               <a data-title=\"2000 12 12 Museo Nicolis, 1\u00b0 Premio Museo Nicolis, Apollinare Veronesi\"  class=\"\"  href='https:\/\/www.museonicolis.com\/html\/uploads\/2000\/12\/img235.jpg'><img loading=\"lazy\" decoding=\"async\" width=\"300\" height=\"198\" src=\"https:\/\/www.museonicolis.com\/html\/uploads\/2000\/12\/img235-907x600.jpg\" class=\"attachment-medium size-medium\" alt=\"Premio Museo Nicolis a Apollinare Veronesi, Mangimi Veronesi, Prima Edizione, Luciano Nicolis ph Museo Nicolis, Villafranca Verona auto d&#039;epoca\" srcset=\"https:\/\/www.museonicolis.com\/html\/uploads\/2000\/12\/img235-907x600.jpg 907w, https:\/\/www.museonicolis.com\/html\/uploads\/2000\/12\/img235-768x508.jpg 768w, https:\/\/www.museonicolis.com\/html\/uploads\/2000\/12\/img235.jpg 1525w\" sizes=\"auto, (max-width: 300px) 100vw, 300px\" \/><\/a>\r\n            <\/dt><\/dl><dl class='gallery-item lu-hide-image' title='2000 12 12 Museo Nicolis, 1\u00b0 Premio Museo Nicolis, Apollinare Veronesi' >\r\n            <dt class='gallery-icon '>\r\n               <a data-title=\"2000 12 12 Museo Nicolis, 1\u00b0 Premio Museo Nicolis, Apollinare Veronesi\"  class=\"\"  href='https:\/\/www.museonicolis.com\/html\/uploads\/2000\/12\/img236.jpg'><img loading=\"lazy\" decoding=\"async\" width=\"196\" height=\"300\" src=\"https:\/\/www.museonicolis.com\/html\/uploads\/2000\/12\/img236-391x600.jpg\" class=\"attachment-medium size-medium\" alt=\"Premio Museo Nicolis a Apollinare Veronesi, Mangimi Veronesi, Prima Edizione, Luciano Nicolis ph Museo Nicolis, Villafranca Verona auto d&#039;epoca\" srcset=\"https:\/\/www.museonicolis.com\/html\/uploads\/2000\/12\/img236-391x600.jpg 391w, https:\/\/www.museonicolis.com\/html\/uploads\/2000\/12\/img236-768x1179.jpg 768w, https:\/\/www.museonicolis.com\/html\/uploads\/2000\/12\/img236.jpg 1001w\" sizes=\"auto, (max-width: 196px) 100vw, 196px\" \/><\/a>\r\n            <\/dt><\/dl><dl class='gallery-item lu-hide-image' title='2000 12 12 Museo Nicolis, 1\u00b0 Premio Museo Nicolis, Apollinare Veronesi' >\r\n            <dt class='gallery-icon '>\r\n               <a data-title=\"2000 12 12 Museo Nicolis, 1\u00b0 Premio Museo Nicolis, Apollinare Veronesi\"  class=\"\"  href='https:\/\/www.museonicolis.com\/html\/uploads\/2000\/12\/img234.jpg'><img loading=\"lazy\" decoding=\"async\" width=\"300\" height=\"201\" src=\"https:\/\/www.museonicolis.com\/html\/uploads\/2000\/12\/img234-896x600.jpg\" class=\"attachment-medium size-medium\" alt=\"Premio Museo Nicolis a Apollinare Veronesi, Mangimi Veronesi, Prima Edizione, Luciano Nicolis ph Museo Nicolis, Villafranca Verona auto d&#039;epoca\" srcset=\"https:\/\/www.museonicolis.com\/html\/uploads\/2000\/12\/img234-896x600.jpg 896w, https:\/\/www.museonicolis.com\/html\/uploads\/2000\/12\/img234-768x514.jpg 768w, https:\/\/www.museonicolis.com\/html\/uploads\/2000\/12\/img234-1536x1028.jpg 1536w, https:\/\/www.museonicolis.com\/html\/uploads\/2000\/12\/img234.jpg 1549w\" sizes=\"auto, (max-width: 300px) 100vw, 300px\" \/><\/a>\r\n            <\/dt><\/dl>\r\n            <br style='clear: both;' \/>\r\n        <\/div>\n<div class=\"link-gallery\"><a href=\"?gallery=true\">Vedi tutte 23<\/a><\/div>\n","protected":false},"excerpt":{"rendered":"<p>Der Nicolis Museum Award geht an Apollinare Veronesi, Pr\u00e4sident von Mangimi Veronesi.<\/p>\n","protected":false},"author":11,"featured_media":165357,"comment_status":"closed","ping_status":"closed","sticky":false,"template":"","format":"standard","meta":{"_acf_changed":false,"om_disable_all_campaigns":false,"footnotes":""},"categories":[468],"tags":[],"class_list":["post-225720","post","type-post","status-publish","format-standard","has-post-thumbnail","hentry","category-der-museo-nicolis-nicolis-award"],"acf":[],"yoast_head":"<!-- This site is optimized with the Yoast SEO plugin v22.0 - https:\/\/yoast.com\/wordpress\/plugins\/seo\/ -->\n<title>I Museo Nicolis Award, Apollinare Veronesi - Museo Nicolis<\/title>\n<meta name=\"description\" content=\"Conferito ad Apollinare Veronesi fondatore del gruppo Veronesi Mangimi il Premio Museo Nicolis. Ha moderato Luca Paolazzi\" \/>\n<meta name=\"robots\" content=\"index, follow, max-snippet:-1, max-image-preview:large, max-video-preview:-1\" \/>\n<link rel=\"canonical\" href=\"https:\/\/www.museonicolis.com\/de\/6-edizione-premio-museo-nicolis-e-3-edizione-sfide-dimpresa\/\" \/>\n<meta property=\"og:locale\" content=\"de_DE\" \/>\n<meta property=\"og:type\" content=\"article\" \/>\n<meta property=\"og:title\" content=\"I Museo Nicolis Award, Apollinare Veronesi - Museo Nicolis\" \/>\n<meta property=\"og:description\" content=\"Conferito ad Apollinare Veronesi fondatore del gruppo Veronesi Mangimi il Premio Museo Nicolis. Ha moderato Luca Paolazzi\" \/>\n<meta property=\"og:url\" content=\"https:\/\/www.museonicolis.com\/de\/6-edizione-premio-museo-nicolis-e-3-edizione-sfide-dimpresa\/\" \/>\n<meta property=\"og:site_name\" content=\"Museo Nicolis\" \/>\n<meta property=\"article:published_time\" content=\"2025-01-01T07:00:39+00:00\" \/>\n<meta property=\"article:modified_time\" content=\"2025-10-05T14:15:58+00:00\" \/>\n<meta property=\"og:image\" content=\"http:\/\/www.museonicolis.com\/html\/uploads\/2017\/06\/2000-12-12-Museo-Nicolis-1\u00b0-Premio-Museo-Nicolis-Apollinare-Veronesi-4.jpg\" \/>\n\t<meta property=\"og:image:width\" content=\"1052\" \/>\n\t<meta property=\"og:image:height\" content=\"794\" \/>\n\t<meta property=\"og:image:type\" content=\"image\/jpeg\" \/>\n<meta name=\"author\" content=\"administration@museonicolis.com\" \/>\n<meta name=\"twitter:card\" content=\"summary_large_image\" \/>\n<meta name=\"twitter:label1\" content=\"Verfasst von\" \/>\n\t<meta name=\"twitter:data1\" content=\"administration@museonicolis.com\" \/>\n\t<meta name=\"twitter:label2\" content=\"Gesch\u00e4tzte Lesezeit\" \/>\n\t<meta name=\"twitter:data2\" content=\"1\u00a0Minute\" \/>\n<script type=\"application\/ld+json\" class=\"yoast-schema-graph\">{\"@context\":\"https:\/\/schema.org\",\"@graph\":[{\"@type\":\"WebPage\",\"@id\":\"https:\/\/www.museonicolis.com\/de\/6-edizione-premio-museo-nicolis-e-3-edizione-sfide-dimpresa\/\",\"url\":\"https:\/\/www.museonicolis.com\/de\/6-edizione-premio-museo-nicolis-e-3-edizione-sfide-dimpresa\/\",\"name\":\"I Museo Nicolis Award, Apollinare Veronesi - Museo Nicolis\",\"isPartOf\":{\"@id\":\"https:\/\/www.museonicolis.com\/#website\"},\"datePublished\":\"2025-01-01T07:00:39+00:00\",\"dateModified\":\"2025-10-05T14:15:58+00:00\",\"author\":{\"@id\":\"https:\/\/www.museonicolis.com\/#\/schema\/person\/d463f9367ee4cb997cc803830e6eeafb\"},\"description\":\"Conferito ad Apollinare Veronesi fondatore del gruppo Veronesi Mangimi il Premio Museo Nicolis. Ha moderato Luca Paolazzi\",\"breadcrumb\":{\"@id\":\"https:\/\/www.museonicolis.com\/de\/6-edizione-premio-museo-nicolis-e-3-edizione-sfide-dimpresa\/#breadcrumb\"},\"inLanguage\":\"de\",\"potentialAction\":[{\"@type\":\"ReadAction\",\"target\":[\"https:\/\/www.museonicolis.com\/de\/6-edizione-premio-museo-nicolis-e-3-edizione-sfide-dimpresa\/\"]}]},{\"@type\":\"BreadcrumbList\",\"@id\":\"https:\/\/www.museonicolis.com\/de\/6-edizione-premio-museo-nicolis-e-3-edizione-sfide-dimpresa\/#breadcrumb\",\"itemListElement\":[{\"@type\":\"ListItem\",\"position\":1,\"name\":\"Home\",\"item\":\"https:\/\/www.museonicolis.com\/de\/\"},{\"@type\":\"ListItem\",\"position\":2,\"name\":\"I Museo Nicolis Award, Apollinare Veronesi\"}]},{\"@type\":\"WebSite\",\"@id\":\"https:\/\/www.museonicolis.com\/#website\",\"url\":\"https:\/\/www.museonicolis.com\/\",\"name\":\"Museo Nicolis\",\"description\":\"Hunderte von Autos, Motorr\u00e4der und Fahrr\u00e4der\",\"potentialAction\":[{\"@type\":\"SearchAction\",\"target\":{\"@type\":\"EntryPoint\",\"urlTemplate\":\"https:\/\/www.museonicolis.com\/?s={search_term_string}\"},\"query-input\":\"required name=search_term_string\"}],\"inLanguage\":\"de\"},{\"@type\":\"Person\",\"@id\":\"https:\/\/www.museonicolis.com\/#\/schema\/person\/d463f9367ee4cb997cc803830e6eeafb\",\"name\":\"administration@museonicolis.com\",\"image\":{\"@type\":\"ImageObject\",\"inLanguage\":\"de\",\"@id\":\"https:\/\/www.museonicolis.com\/#\/schema\/person\/image\/\",\"url\":\"https:\/\/secure.gravatar.com\/avatar\/2898ed486a9b870302126c2fe48f020e83dece7538d15ecf06a37598d78b8a07?s=96&d=mm&r=g\",\"contentUrl\":\"https:\/\/secure.gravatar.com\/avatar\/2898ed486a9b870302126c2fe48f020e83dece7538d15ecf06a37598d78b8a07?s=96&d=mm&r=g\",\"caption\":\"administration@museonicolis.com\"},\"url\":\"https:\/\/www.museonicolis.com\/de\/author\/administrationmuseonicolis-com\/\"}]}<\/script>\n<!-- \/ Yoast SEO plugin. -->","yoast_head_json":{"title":"I Museo Nicolis Award, Apollinare Veronesi - Museo Nicolis","description":"Conferito ad Apollinare Veronesi fondatore del gruppo Veronesi Mangimi il Premio Museo Nicolis. Ha moderato Luca Paolazzi","robots":{"index":"index","follow":"follow","max-snippet":"max-snippet:-1","max-image-preview":"max-image-preview:large","max-video-preview":"max-video-preview:-1"},"canonical":"https:\/\/www.museonicolis.com\/de\/6-edizione-premio-museo-nicolis-e-3-edizione-sfide-dimpresa\/","og_locale":"de_DE","og_type":"article","og_title":"I Museo Nicolis Award, Apollinare Veronesi - Museo Nicolis","og_description":"Conferito ad Apollinare Veronesi fondatore del gruppo Veronesi Mangimi il Premio Museo Nicolis. Ha moderato Luca Paolazzi","og_url":"https:\/\/www.museonicolis.com\/de\/6-edizione-premio-museo-nicolis-e-3-edizione-sfide-dimpresa\/","og_site_name":"Museo Nicolis","article_published_time":"2025-01-01T07:00:39+00:00","article_modified_time":"2025-10-05T14:15:58+00:00","og_image":[{"width":1052,"height":794,"url":"http:\/\/www.museonicolis.com\/html\/uploads\/2017\/06\/2000-12-12-Museo-Nicolis-1\u00b0-Premio-Museo-Nicolis-Apollinare-Veronesi-4.jpg","type":"image\/jpeg"}],"author":"administration@museonicolis.com","twitter_card":"summary_large_image","twitter_misc":{"Verfasst von":"administration@museonicolis.com","Gesch\u00e4tzte Lesezeit":"1\u00a0Minute"},"schema":{"@context":"https:\/\/schema.org","@graph":[{"@type":"WebPage","@id":"https:\/\/www.museonicolis.com\/de\/6-edizione-premio-museo-nicolis-e-3-edizione-sfide-dimpresa\/","url":"https:\/\/www.museonicolis.com\/de\/6-edizione-premio-museo-nicolis-e-3-edizione-sfide-dimpresa\/","name":"I Museo Nicolis Award, Apollinare Veronesi - Museo Nicolis","isPartOf":{"@id":"https:\/\/www.museonicolis.com\/#website"},"datePublished":"2025-01-01T07:00:39+00:00","dateModified":"2025-10-05T14:15:58+00:00","author":{"@id":"https:\/\/www.museonicolis.com\/#\/schema\/person\/d463f9367ee4cb997cc803830e6eeafb"},"description":"Conferito ad Apollinare Veronesi fondatore del gruppo Veronesi Mangimi il Premio Museo Nicolis. Ha moderato Luca Paolazzi","breadcrumb":{"@id":"https:\/\/www.museonicolis.com\/de\/6-edizione-premio-museo-nicolis-e-3-edizione-sfide-dimpresa\/#breadcrumb"},"inLanguage":"de","potentialAction":[{"@type":"ReadAction","target":["https:\/\/www.museonicolis.com\/de\/6-edizione-premio-museo-nicolis-e-3-edizione-sfide-dimpresa\/"]}]},{"@type":"BreadcrumbList","@id":"https:\/\/www.museonicolis.com\/de\/6-edizione-premio-museo-nicolis-e-3-edizione-sfide-dimpresa\/#breadcrumb","itemListElement":[{"@type":"ListItem","position":1,"name":"Home","item":"https:\/\/www.museonicolis.com\/de\/"},{"@type":"ListItem","position":2,"name":"I Museo Nicolis Award, Apollinare Veronesi"}]},{"@type":"WebSite","@id":"https:\/\/www.museonicolis.com\/#website","url":"https:\/\/www.museonicolis.com\/","name":"Museo Nicolis","description":"Hunderte von Autos, Motorr\u00e4der und Fahrr\u00e4der","potentialAction":[{"@type":"SearchAction","target":{"@type":"EntryPoint","urlTemplate":"https:\/\/www.museonicolis.com\/?s={search_term_string}"},"query-input":"required name=search_term_string"}],"inLanguage":"de"},{"@type":"Person","@id":"https:\/\/www.museonicolis.com\/#\/schema\/person\/d463f9367ee4cb997cc803830e6eeafb","name":"administration@museonicolis.com","image":{"@type":"ImageObject","inLanguage":"de","@id":"https:\/\/www.museonicolis.com\/#\/schema\/person\/image\/","url":"https:\/\/secure.gravatar.com\/avatar\/2898ed486a9b870302126c2fe48f020e83dece7538d15ecf06a37598d78b8a07?s=96&d=mm&r=g","contentUrl":"https:\/\/secure.gravatar.com\/avatar\/2898ed486a9b870302126c2fe48f020e83dece7538d15ecf06a37598d78b8a07?s=96&d=mm&r=g","caption":"administration@museonicolis.com"},"url":"https:\/\/www.museonicolis.com\/de\/author\/administrationmuseonicolis-com\/"}]}},"_links":{"self":[{"href":"https:\/\/www.museonicolis.com\/de\/wp-json\/wp\/v2\/posts\/225720","targetHints":{"allow":["GET"]}}],"collection":[{"href":"https:\/\/www.museonicolis.com\/de\/wp-json\/wp\/v2\/posts"}],"about":[{"href":"https:\/\/www.museonicolis.com\/de\/wp-json\/wp\/v2\/types\/post"}],"author":[{"embeddable":true,"href":"https:\/\/www.museonicolis.com\/de\/wp-json\/wp\/v2\/users\/11"}],"replies":[{"embeddable":true,"href":"https:\/\/www.museonicolis.com\/de\/wp-json\/wp\/v2\/comments?post=225720"}],"version-history":[{"count":3,"href":"https:\/\/www.museonicolis.com\/de\/wp-json\/wp\/v2\/posts\/225720\/revisions"}],"predecessor-version":[{"id":225725,"href":"https:\/\/www.museonicolis.com\/de\/wp-json\/wp\/v2\/posts\/225720\/revisions\/225725"}],"wp:featuredmedia":[{"embeddable":true,"href":"https:\/\/www.museonicolis.com\/de\/wp-json\/wp\/v2\/media\/165357"}],"wp:attachment":[{"href":"https:\/\/www.museonicolis.com\/de\/wp-json\/wp\/v2\/media?parent=225720"}],"wp:term":[{"taxonomy":"category","embeddable":true,"href":"https:\/\/www.museonicolis.com\/de\/wp-json\/wp\/v2\/categories?post=225720"},{"taxonomy":"post_tag","embeddable":true,"href":"https:\/\/www.museonicolis.com\/de\/wp-json\/wp\/v2\/tags?post=225720"}],"curies":[{"name":"wp","href":"https:\/\/api.w.org\/{rel}","templated":true}]}}