{"id":225705,"date":"2025-01-01T10:37:18","date_gmt":"2025-01-01T09:37:18","guid":{"rendered":"https:\/\/www.museonicolis.com\/4-edizione-premio-museo-nicolis-1-edizione-sfide-dimpresa\/"},"modified":"2025-10-05T15:21:46","modified_gmt":"2025-10-05T13:21:46","slug":"4-edizione-premio-museo-nicolis-1-edizione-sfide-dimpresa","status":"publish","type":"post","link":"https:\/\/www.museonicolis.com\/de\/4-edizione-premio-museo-nicolis-1-edizione-sfide-dimpresa\/","title":{"rendered":"IV Museo Nicolis Award, Sandro Veronesi"},"content":{"rendered":"<div style=\"text-align: justify;\">\n<p style=\"text-align: justify;\">Der Preis ging an <strong>Sandro Veronesi<\/strong>, CEO von Calzedonia. Das von ihm 1987 gegr\u00fcndete Unternehmen ist heute f\u00fchrend im Unterw\u00e4schemarkt. Das \u00e4u\u00dferst dynamische Unternehmen setzt heute st\u00e4rker denn je auf Internationalisierung.<\/p>\n<\/div>\n<p>Der<strong> \u201eBusiness Challenges Award\u201c<\/strong>, der in diesem Jahr erstmals verliehen wird, ist eine \u00f6ffentliche Anerkennung f\u00fcr die Kreativit\u00e4t und Innovationskraft junger Unternehmer, die mit hochinnovativen Vorschl\u00e4gen auf den Markt gekommen sind.<\/p>\n<p>&nbsp;<\/p>\n\r\n\r\n        <!-- see gallery_shortcode() in wp-includes\/media.php -->\r\n        <div id='gallery-1' class='lu-gallery gallery galleryid-225705'><dl class='gallery-item ' title='2008 Museo Nicolis, Premio Museo Nicolis, Sandro Veronesi ph A.Rosa' >\r\n            <dt class='gallery-icon '>\r\n               <a data-title=\"2008 Museo Nicolis, Premio Museo Nicolis, Sandro Veronesi ph A.Rosa\"  class=\"\"  href='https:\/\/www.museonicolis.com\/html\/uploads\/2017\/06\/MG_0220.jpg'><img loading=\"lazy\" decoding=\"async\" width=\"300\" height=\"200\" src=\"https:\/\/www.museonicolis.com\/html\/uploads\/2017\/06\/MG_0220-900x600.jpg\" class=\"attachment-medium size-medium\" alt=\"Premio Museo Nicolis, Sandro Veronesi, Gruppo Calzedonia Oniverse ph A.Rosa auto d&#039;epoca\" srcset=\"https:\/\/www.museonicolis.com\/html\/uploads\/2017\/06\/MG_0220-900x600.jpg 900w, https:\/\/www.museonicolis.com\/html\/uploads\/2017\/06\/MG_0220-768x512.jpg 768w, https:\/\/www.museonicolis.com\/html\/uploads\/2017\/06\/MG_0220-1536x1024.jpg 1536w, https:\/\/www.museonicolis.com\/html\/uploads\/2017\/06\/MG_0220.jpg 1748w\" sizes=\"auto, (max-width: 300px) 100vw, 300px\" \/><\/a>\r\n            <\/dt><\/dl><dl class='gallery-item ' title='2008 Museo Nicolis, Premio Museo Nicolis, Sandro Veronesi ph A.Rosa' >\r\n            <dt class='gallery-icon '>\r\n               <a data-title=\"2008 Museo Nicolis, Premio Museo Nicolis, Sandro Veronesi ph A.Rosa\"  class=\"\"  href='https:\/\/www.museonicolis.com\/html\/uploads\/2017\/06\/MG_0222.jpg'><img loading=\"lazy\" decoding=\"async\" width=\"300\" height=\"200\" src=\"https:\/\/www.museonicolis.com\/html\/uploads\/2017\/06\/MG_0222-900x600.jpg\" class=\"attachment-medium size-medium\" alt=\"Premio Museo Nicolis, Sandro Veronesi, Gruppo Calzedonia ph A.Rosa auto d&#039;epoca\" srcset=\"https:\/\/www.museonicolis.com\/html\/uploads\/2017\/06\/MG_0222-900x600.jpg 900w, https:\/\/www.museonicolis.com\/html\/uploads\/2017\/06\/MG_0222-768x512.jpg 768w, https:\/\/www.museonicolis.com\/html\/uploads\/2017\/06\/MG_0222.jpg 1311w\" sizes=\"auto, (max-width: 300px) 100vw, 300px\" \/><\/a>\r\n            <\/dt><\/dl><dl class='gallery-item ' title='2008 Museo Nicolis, Premio Museo Nicolis, Sandro Veronesi ph A.Rosa' >\r\n            <dt class='gallery-icon '>\r\n               <a data-title=\"2008 Museo Nicolis, Premio Museo Nicolis, Sandro Veronesi ph A.Rosa\"  class=\"\"  href='https:\/\/www.museonicolis.com\/html\/uploads\/2017\/06\/MG_0218.jpg'><img loading=\"lazy\" decoding=\"async\" width=\"300\" height=\"200\" src=\"https:\/\/www.museonicolis.com\/html\/uploads\/2017\/06\/MG_0218-900x600.jpg\" class=\"attachment-medium size-medium\" alt=\"Premio Museo Nicolis, Sandro Veronesi, Gruppo Calzedonia ph A.Rosa auto d&#039;epoca\" srcset=\"https:\/\/www.museonicolis.com\/html\/uploads\/2017\/06\/MG_0218-900x600.jpg 900w, https:\/\/www.museonicolis.com\/html\/uploads\/2017\/06\/MG_0218-768x512.jpg 768w, https:\/\/www.museonicolis.com\/html\/uploads\/2017\/06\/MG_0218-1536x1024.jpg 1536w, https:\/\/www.museonicolis.com\/html\/uploads\/2017\/06\/MG_0218.jpg 1748w\" sizes=\"auto, (max-width: 300px) 100vw, 300px\" \/><\/a>\r\n            <\/dt><\/dl><dl class='gallery-item ' title='2008 Museo Nicolis, Premio Museo Nicolis, Sandro Veronesi ph A.Rosa' >\r\n            <dt class='gallery-icon '>\r\n               <a data-title=\"2008 Museo Nicolis, Premio Museo Nicolis, Sandro Veronesi ph A.Rosa\"  class=\"\"  href='https:\/\/www.museonicolis.com\/html\/uploads\/2017\/06\/MG_0164.jpg'><img loading=\"lazy\" decoding=\"async\" width=\"300\" height=\"200\" src=\"https:\/\/www.museonicolis.com\/html\/uploads\/2017\/06\/MG_0164-900x600.jpg\" class=\"attachment-medium size-medium\" alt=\"Premio Museo Nicolis, Sandro Veronesi, Gruppo Calzedonia, Luciano Nicolis, Giancarlo Conta, Gian Luca Rana, Fabio Majocchi, Roberto Iotti ph A.Rosa auto d&#039;epoca\" srcset=\"https:\/\/www.museonicolis.com\/html\/uploads\/2017\/06\/MG_0164-900x600.jpg 900w, https:\/\/www.museonicolis.com\/html\/uploads\/2017\/06\/MG_0164-768x512.jpg 768w, https:\/\/www.museonicolis.com\/html\/uploads\/2017\/06\/MG_0164.jpg 1311w\" sizes=\"auto, (max-width: 300px) 100vw, 300px\" \/><\/a>\r\n            <\/dt><\/dl><dl class='gallery-item ' title='2008 Museo Nicolis, Premio Museo Nicolis, Sandro Veronesi ph A.Rosa' >\r\n            <dt class='gallery-icon '>\r\n               <a data-title=\"2008 Museo Nicolis, Premio Museo Nicolis, Sandro Veronesi ph A.Rosa\"  class=\"\"  href='https:\/\/www.museonicolis.com\/html\/uploads\/2017\/06\/MG_0223.jpg'><img loading=\"lazy\" decoding=\"async\" width=\"200\" height=\"300\" src=\"https:\/\/www.museonicolis.com\/html\/uploads\/2017\/06\/MG_0223-400x600.jpg\" class=\"attachment-medium size-medium\" alt=\"Premio Museo Nicolis, Sandro Veronesi, Gruppo Calzedonia ph A.Rosa auto d&#039;epoca\" srcset=\"https:\/\/www.museonicolis.com\/html\/uploads\/2017\/06\/MG_0223-400x600.jpg 400w, https:\/\/www.museonicolis.com\/html\/uploads\/2017\/06\/MG_0223-768x1152.jpg 768w, https:\/\/www.museonicolis.com\/html\/uploads\/2017\/06\/MG_0223-1024x1536.jpg 1024w, https:\/\/www.museonicolis.com\/html\/uploads\/2017\/06\/MG_0223.jpg 1165w\" sizes=\"auto, (max-width: 200px) 100vw, 200px\" \/><\/a>\r\n            <\/dt><\/dl><dl class='gallery-item ' title='2008 Museo Nicolis, Premio Museo Nicolis, Sandro Veronesi ph A.Rosa' >\r\n            <dt class='gallery-icon '>\r\n               <a data-title=\"2008 Museo Nicolis, Premio Museo Nicolis, Sandro Veronesi ph A.Rosa\"  class=\"\"  href='https:\/\/www.museonicolis.com\/html\/uploads\/2017\/06\/MG_0221.jpg'><img loading=\"lazy\" decoding=\"async\" width=\"300\" height=\"200\" src=\"https:\/\/www.museonicolis.com\/html\/uploads\/2017\/06\/MG_0221-900x600.jpg\" class=\"attachment-medium size-medium\" alt=\"Premio Museo Nicolis, Sandro Veronesi, Gruppo Calzedonia ph A.Rosa auto d&#039;epoca\" srcset=\"https:\/\/www.museonicolis.com\/html\/uploads\/2017\/06\/MG_0221-900x600.jpg 900w, https:\/\/www.museonicolis.com\/html\/uploads\/2017\/06\/MG_0221-768x512.jpg 768w, https:\/\/www.museonicolis.com\/html\/uploads\/2017\/06\/MG_0221-1536x1024.jpg 1536w, https:\/\/www.museonicolis.com\/html\/uploads\/2017\/06\/MG_0221.jpg 1748w\" sizes=\"auto, (max-width: 300px) 100vw, 300px\" \/><\/a>\r\n            <\/dt><\/dl><dl class='gallery-item ' title='2008 Museo Nicolis, Premio Museo Nicolis, Sandro Veronesi ph A.Rosa' >\r\n            <dt class='gallery-icon '>\r\n               <a data-title=\"2008 Museo Nicolis, Premio Museo Nicolis, Sandro Veronesi ph A.Rosa\"  class=\"\"  href='https:\/\/www.museonicolis.com\/html\/uploads\/2017\/06\/MG_0219.jpg'><img loading=\"lazy\" decoding=\"async\" width=\"300\" height=\"200\" src=\"https:\/\/www.museonicolis.com\/html\/uploads\/2017\/06\/MG_0219-900x600.jpg\" class=\"attachment-medium size-medium\" alt=\"Premio Museo Nicolis, Sandro Veronesi, Gruppo Calzedonia ph A.Rosa auto d&#039;epoca\" srcset=\"https:\/\/www.museonicolis.com\/html\/uploads\/2017\/06\/MG_0219-900x600.jpg 900w, https:\/\/www.museonicolis.com\/html\/uploads\/2017\/06\/MG_0219-768x512.jpg 768w, https:\/\/www.museonicolis.com\/html\/uploads\/2017\/06\/MG_0219-1536x1024.jpg 1536w, https:\/\/www.museonicolis.com\/html\/uploads\/2017\/06\/MG_0219.jpg 1748w\" sizes=\"auto, (max-width: 300px) 100vw, 300px\" \/><\/a>\r\n            <\/dt><\/dl><dl class='gallery-item ' title='2008 Museo Nicolis, Premio Museo Nicolis, Sandro Veronesi ph A.Rosa' >\r\n            <dt class='gallery-icon '>\r\n               <a data-title=\"2008 Museo Nicolis, Premio Museo Nicolis, Sandro Veronesi ph A.Rosa\"  class=\"\"  href='https:\/\/www.museonicolis.com\/html\/uploads\/2017\/06\/MG_0209.jpg'><img loading=\"lazy\" decoding=\"async\" width=\"300\" height=\"200\" src=\"https:\/\/www.museonicolis.com\/html\/uploads\/2017\/06\/MG_0209-900x600.jpg\" class=\"attachment-medium size-medium\" alt=\"Premio Museo Nicolis, Sandro Veronesi, Gruppo Calzedonia, Andrea Dusi di Elation, Luciano Nicolis ph Rosa auto d&#039;epoca\" srcset=\"https:\/\/www.museonicolis.com\/html\/uploads\/2017\/06\/MG_0209-900x600.jpg 900w, https:\/\/www.museonicolis.com\/html\/uploads\/2017\/06\/MG_0209-768x512.jpg 768w, https:\/\/www.museonicolis.com\/html\/uploads\/2017\/06\/MG_0209-1536x1024.jpg 1536w, https:\/\/www.museonicolis.com\/html\/uploads\/2017\/06\/MG_0209-2048x1365.jpg 2048w\" sizes=\"auto, (max-width: 300px) 100vw, 300px\" \/><\/a>\r\n            <\/dt><\/dl><dl class='gallery-item ' title='2008 Museo Nicolis, Premio Museo Nicolis, Sandro Veronesi ph A.Rosa' >\r\n            <dt class='gallery-icon '>\r\n               <a data-title=\"2008 Museo Nicolis, Premio Museo Nicolis, Sandro Veronesi ph A.Rosa\"  class=\"\"  href='https:\/\/www.museonicolis.com\/html\/uploads\/2017\/06\/MG_0210.jpg'><img loading=\"lazy\" decoding=\"async\" width=\"300\" height=\"200\" src=\"https:\/\/www.museonicolis.com\/html\/uploads\/2017\/06\/MG_0210-900x600.jpg\" class=\"attachment-medium size-medium\" alt=\"Premio Museo Nicolis, Sandro Veronesi, Gruppo Calzedonia, Andrea Dusi di Elation, Luciano Nicolis ph Rosa auto d&#039;epoca\" srcset=\"https:\/\/www.museonicolis.com\/html\/uploads\/2017\/06\/MG_0210-900x600.jpg 900w, https:\/\/www.museonicolis.com\/html\/uploads\/2017\/06\/MG_0210-768x512.jpg 768w, https:\/\/www.museonicolis.com\/html\/uploads\/2017\/06\/MG_0210.jpg 1311w\" sizes=\"auto, (max-width: 300px) 100vw, 300px\" \/><\/a>\r\n            <\/dt><\/dl><dl class='gallery-item ' title='2008 Museo Nicolis, Premio Museo Nicolis, Sandro Veronesi ph A.Rosa' >\r\n            <dt class='gallery-icon '>\r\n               <a data-title=\"2008 Museo Nicolis, Premio Museo Nicolis, Sandro Veronesi ph A.Rosa\"  class=\"\"  href='https:\/\/www.museonicolis.com\/html\/uploads\/2017\/06\/MG_0211.jpg'><img loading=\"lazy\" decoding=\"async\" width=\"300\" height=\"200\" src=\"https:\/\/www.museonicolis.com\/html\/uploads\/2017\/06\/MG_0211-900x600.jpg\" class=\"attachment-medium size-medium\" alt=\"Premio Museo Nicolis, Sandro Veronesi, Gruppo Calzedonia, Andrea Dusi di Elation, Luciano Nicolis ph Rosa auto d&#039;epoca\" srcset=\"https:\/\/www.museonicolis.com\/html\/uploads\/2017\/06\/MG_0211-900x600.jpg 900w, https:\/\/www.museonicolis.com\/html\/uploads\/2017\/06\/MG_0211-768x512.jpg 768w, https:\/\/www.museonicolis.com\/html\/uploads\/2017\/06\/MG_0211-1536x1024.jpg 1536w, https:\/\/www.museonicolis.com\/html\/uploads\/2017\/06\/MG_0211.jpg 1748w\" sizes=\"auto, (max-width: 300px) 100vw, 300px\" \/><\/a>\r\n            <\/dt><\/dl><dl class='gallery-item ' title='2008 Museo Nicolis, Premio Museo Nicolis, Sandro Veronesi ph A.Rosa' >\r\n            <dt class='gallery-icon '>\r\n               <a data-title=\"2008 Museo Nicolis, Premio Museo Nicolis, Sandro Veronesi ph A.Rosa\"  class=\"\"  href='https:\/\/www.museonicolis.com\/html\/uploads\/2017\/06\/MG_0212.jpg'><img loading=\"lazy\" decoding=\"async\" width=\"300\" height=\"200\" src=\"https:\/\/www.museonicolis.com\/html\/uploads\/2017\/06\/MG_0212-900x600.jpg\" class=\"attachment-medium size-medium\" alt=\"Premio Museo Nicolis, Sandro Veronesi, Gruppo Calzedonia, Andrea Dusi di Elation, Luciano Nicolis ph Rosa auto d&#039;epoca\" srcset=\"https:\/\/www.museonicolis.com\/html\/uploads\/2017\/06\/MG_0212-900x600.jpg 900w, https:\/\/www.museonicolis.com\/html\/uploads\/2017\/06\/MG_0212-768x512.jpg 768w, https:\/\/www.museonicolis.com\/html\/uploads\/2017\/06\/MG_0212-1536x1024.jpg 1536w, https:\/\/www.museonicolis.com\/html\/uploads\/2017\/06\/MG_0212.jpg 1748w\" sizes=\"auto, (max-width: 300px) 100vw, 300px\" \/><\/a>\r\n            <\/dt><\/dl><dl class='gallery-item ' title='2008 Museo Nicolis, Premio Museo Nicolis, Sandro Veronesi ph A.Rosa' >\r\n            <dt class='gallery-icon '>\r\n               <a data-title=\"2008 Museo Nicolis, Premio Museo Nicolis, Sandro Veronesi ph A.Rosa\"  class=\"\"  href='https:\/\/www.museonicolis.com\/html\/uploads\/2017\/06\/MG_0213.jpg'><img loading=\"lazy\" decoding=\"async\" width=\"200\" height=\"300\" src=\"https:\/\/www.museonicolis.com\/html\/uploads\/2017\/06\/MG_0213-400x600.jpg\" class=\"attachment-medium size-medium\" alt=\"Premio Museo Nicolis, Sandro Veronesi, Gruppo Calzedonia, Andrea Dusi di Elation, Luciano Nicolis ph Rosa auto d&#039;epoca\" srcset=\"https:\/\/www.museonicolis.com\/html\/uploads\/2017\/06\/MG_0213-400x600.jpg 400w, https:\/\/www.museonicolis.com\/html\/uploads\/2017\/06\/MG_0213-768x1152.jpg 768w, https:\/\/www.museonicolis.com\/html\/uploads\/2017\/06\/MG_0213.jpg 874w\" sizes=\"auto, (max-width: 200px) 100vw, 200px\" \/><\/a>\r\n            <\/dt><\/dl><dl class='gallery-item lu-hide-image' title='Premio Museo Nicolis, Sandro Veronesi, Gruppo Calzedonia Oniverse ph A.Rosa auto d'epoca' >\r\n            <dt class='gallery-icon '>\r\n               <a data-title=\"Premio Museo Nicolis, Sandro Veronesi, Gruppo Calzedonia Oniverse ph A.Rosa auto d'epoca\"  class=\"\"  href='https:\/\/www.museonicolis.com\/html\/uploads\/2008\/10\/invito.jpg'><img loading=\"lazy\" decoding=\"async\" width=\"297\" height=\"300\" src=\"https:\/\/www.museonicolis.com\/html\/uploads\/2008\/10\/invito-593x600.jpg\" class=\"attachment-medium size-medium\" alt=\"Premio Museo Nicolis, Sandro Veronesi, Gruppo Calzedonia Oniverse ph A.Rosa auto d&#039;epoca\" srcset=\"https:\/\/www.museonicolis.com\/html\/uploads\/2008\/10\/invito-593x600.jpg 593w, https:\/\/www.museonicolis.com\/html\/uploads\/2008\/10\/invito-768x777.jpg 768w, https:\/\/www.museonicolis.com\/html\/uploads\/2008\/10\/invito.jpg 900w\" sizes=\"auto, (max-width: 297px) 100vw, 297px\" \/><\/a>\r\n            <\/dt><\/dl><dl class='gallery-item lu-hide-image' title='2008 Museo Nicolis, Premio Museo Nicolis, Sandro Veronesi ph A.Rosa' >\r\n            <dt class='gallery-icon '>\r\n               <a data-title=\"2008 Museo Nicolis, Premio Museo Nicolis, Sandro Veronesi ph A.Rosa\"  class=\"\"  href='https:\/\/www.museonicolis.com\/html\/uploads\/2017\/06\/MG_0071.jpg'><img loading=\"lazy\" decoding=\"async\" width=\"300\" height=\"200\" src=\"https:\/\/www.museonicolis.com\/html\/uploads\/2017\/06\/MG_0071-900x600.jpg\" class=\"attachment-medium size-medium\" alt=\"Premio Museo Nicolis, Sandro Veronesi, Gruppo Calzedonia Oniverse ph A.Rosa auto d&#039;epoca\" srcset=\"https:\/\/www.museonicolis.com\/html\/uploads\/2017\/06\/MG_0071-900x600.jpg 900w, https:\/\/www.museonicolis.com\/html\/uploads\/2017\/06\/MG_0071-768x512.jpg 768w, https:\/\/www.museonicolis.com\/html\/uploads\/2017\/06\/MG_0071-1536x1024.jpg 1536w, https:\/\/www.museonicolis.com\/html\/uploads\/2017\/06\/MG_0071-2048x1365.jpg 2048w\" sizes=\"auto, (max-width: 300px) 100vw, 300px\" \/><\/a>\r\n            <\/dt><\/dl><dl class='gallery-item lu-hide-image' title='2008 Museo Nicolis, Premio Museo Nicolis, Sandro Veronesi ph A.Rosa' >\r\n            <dt class='gallery-icon '>\r\n               <a data-title=\"2008 Museo Nicolis, Premio Museo Nicolis, Sandro Veronesi ph A.Rosa\"  class=\"\"  href='https:\/\/www.museonicolis.com\/html\/uploads\/2017\/06\/MG_0204.jpg'><img loading=\"lazy\" decoding=\"async\" width=\"200\" height=\"300\" src=\"https:\/\/www.museonicolis.com\/html\/uploads\/2017\/06\/MG_0204-400x600.jpg\" class=\"attachment-medium size-medium\" alt=\"Premio Museo Nicolis, Sandro Veronesi, Gruppo Calzedonia Oniverse ph A.Rosa auto d&#039;epoca\" srcset=\"https:\/\/www.museonicolis.com\/html\/uploads\/2017\/06\/MG_0204-400x600.jpg 400w, https:\/\/www.museonicolis.com\/html\/uploads\/2017\/06\/MG_0204-768x1152.jpg 768w, https:\/\/www.museonicolis.com\/html\/uploads\/2017\/06\/MG_0204-1024x1536.jpg 1024w, https:\/\/www.museonicolis.com\/html\/uploads\/2017\/06\/MG_0204.jpg 1165w\" sizes=\"auto, (max-width: 200px) 100vw, 200px\" \/><\/a>\r\n            <\/dt><\/dl><dl class='gallery-item lu-hide-image' title='2008 Museo Nicolis, Premio Museo Nicolis, Sandro Veronesi ph A.Rosa' >\r\n            <dt class='gallery-icon '>\r\n               <a data-title=\"2008 Museo Nicolis, Premio Museo Nicolis, Sandro Veronesi ph A.Rosa\"  class=\"\"  href='https:\/\/www.museonicolis.com\/html\/uploads\/2017\/06\/MG_0113.jpg'><img loading=\"lazy\" decoding=\"async\" width=\"225\" height=\"300\" src=\"https:\/\/www.museonicolis.com\/html\/uploads\/2017\/06\/MG_0113-450x600.jpg\" class=\"attachment-medium size-medium\" alt=\"2008 Museo Nicolis, Premio Museo Nicolis, Sandro Veronesi ph A.Rosa\" srcset=\"https:\/\/www.museonicolis.com\/html\/uploads\/2017\/06\/MG_0113-450x600.jpg 450w, https:\/\/www.museonicolis.com\/html\/uploads\/2017\/06\/MG_0113-768x1024.jpg 768w, https:\/\/www.museonicolis.com\/html\/uploads\/2017\/06\/MG_0113-1152x1536.jpg 1152w, https:\/\/www.museonicolis.com\/html\/uploads\/2017\/06\/MG_0113-1536x2048.jpg 1536w, https:\/\/www.museonicolis.com\/html\/uploads\/2017\/06\/MG_0113.jpg 1624w\" sizes=\"auto, (max-width: 225px) 100vw, 225px\" \/><\/a>\r\n            <\/dt><\/dl><dl class='gallery-item lu-hide-image' title='2008 Museo Nicolis, Premio Museo Nicolis, Sandro Veronesi ph A.Rosa' >\r\n            <dt class='gallery-icon '>\r\n               <a data-title=\"2008 Museo Nicolis, Premio Museo Nicolis, Sandro Veronesi ph A.Rosa\"  class=\"\"  href='https:\/\/www.museonicolis.com\/html\/uploads\/2017\/06\/MG_0117.jpg'><img loading=\"lazy\" decoding=\"async\" width=\"200\" height=\"300\" src=\"https:\/\/www.museonicolis.com\/html\/uploads\/2017\/06\/MG_0117-400x600.jpg\" class=\"attachment-medium size-medium\" alt=\"Premio Museo Nicolis, Sandro Veronesi, Gruppo Calzedonia Oniverse, Silvia Nicolis, ph A.Rosa auto d&#039;epoca\" srcset=\"https:\/\/www.museonicolis.com\/html\/uploads\/2017\/06\/MG_0117-400x600.jpg 400w, https:\/\/www.museonicolis.com\/html\/uploads\/2017\/06\/MG_0117-768x1152.jpg 768w, https:\/\/www.museonicolis.com\/html\/uploads\/2017\/06\/MG_0117-1024x1536.jpg 1024w, https:\/\/www.museonicolis.com\/html\/uploads\/2017\/06\/MG_0117.jpg 1165w\" sizes=\"auto, (max-width: 200px) 100vw, 200px\" \/><\/a>\r\n            <\/dt><\/dl><dl class='gallery-item lu-hide-image' title='2008 Museo Nicolis, Premio Museo Nicolis, Sandro Veronesi ph A.Rosa' >\r\n            <dt class='gallery-icon '>\r\n               <a data-title=\"2008 Museo Nicolis, Premio Museo Nicolis, Sandro Veronesi ph A.Rosa\"  class=\"\"  href='https:\/\/www.museonicolis.com\/html\/uploads\/2017\/06\/MG_0074.jpg'><img loading=\"lazy\" decoding=\"async\" width=\"300\" height=\"200\" src=\"https:\/\/www.museonicolis.com\/html\/uploads\/2017\/06\/MG_0074-900x600.jpg\" class=\"attachment-medium size-medium\" alt=\"Premio Museo Nicolis, Sandro Veronesi, Gruppo Calzedonia Oniverse ph A.Rosa auto d&#039;epoca\" srcset=\"https:\/\/www.museonicolis.com\/html\/uploads\/2017\/06\/MG_0074-900x600.jpg 900w, https:\/\/www.museonicolis.com\/html\/uploads\/2017\/06\/MG_0074-768x512.jpg 768w, https:\/\/www.museonicolis.com\/html\/uploads\/2017\/06\/MG_0074-1536x1024.jpg 1536w, https:\/\/www.museonicolis.com\/html\/uploads\/2017\/06\/MG_0074-2048x1365.jpg 2048w\" sizes=\"auto, (max-width: 300px) 100vw, 300px\" \/><\/a>\r\n            <\/dt><\/dl><dl class='gallery-item lu-hide-image' title='2008 Museo Nicolis, Premio Museo Nicolis, Sandro Veronesi ph A.Rosa' >\r\n            <dt class='gallery-icon '>\r\n               <a data-title=\"2008 Museo Nicolis, Premio Museo Nicolis, Sandro Veronesi ph A.Rosa\"  class=\"\"  href='https:\/\/www.museonicolis.com\/html\/uploads\/2017\/06\/MG_0075.jpg'><img loading=\"lazy\" decoding=\"async\" width=\"300\" height=\"200\" src=\"https:\/\/www.museonicolis.com\/html\/uploads\/2017\/06\/MG_0075-900x600.jpg\" class=\"attachment-medium size-medium\" alt=\"Premio Museo Nicolis, Sandro Veronesi, Gruppo Calzedonia Oniverse ph A.Rosa auto d&#039;epoca\" srcset=\"https:\/\/www.museonicolis.com\/html\/uploads\/2017\/06\/MG_0075-900x600.jpg 900w, https:\/\/www.museonicolis.com\/html\/uploads\/2017\/06\/MG_0075-768x512.jpg 768w, https:\/\/www.museonicolis.com\/html\/uploads\/2017\/06\/MG_0075.jpg 1311w\" sizes=\"auto, (max-width: 300px) 100vw, 300px\" \/><\/a>\r\n            <\/dt><\/dl><dl class='gallery-item lu-hide-image' title='2008 Museo Nicolis, Premio Museo Nicolis, Sandro Veronesi ph A.Rosa' >\r\n            <dt class='gallery-icon '>\r\n               <a data-title=\"2008 Museo Nicolis, Premio Museo Nicolis, Sandro Veronesi ph A.Rosa\"  class=\"\"  href='https:\/\/www.museonicolis.com\/html\/uploads\/2017\/06\/MG_0078.jpg'><img loading=\"lazy\" decoding=\"async\" width=\"300\" height=\"200\" src=\"https:\/\/www.museonicolis.com\/html\/uploads\/2017\/06\/MG_0078-900x600.jpg\" class=\"attachment-medium size-medium\" alt=\"Premio Museo Nicolis, Sandro Veronesi, Gruppo Calzedonia, Luciano Nicolis, Giancarlo Conta, Gian Luca Rana, Fabio Majocchi, Roberto Iotti ph A.Rosa auto d&#039;epoca\" srcset=\"https:\/\/www.museonicolis.com\/html\/uploads\/2017\/06\/MG_0078-900x600.jpg 900w, https:\/\/www.museonicolis.com\/html\/uploads\/2017\/06\/MG_0078-768x512.jpg 768w, https:\/\/www.museonicolis.com\/html\/uploads\/2017\/06\/MG_0078-1536x1024.jpg 1536w, https:\/\/www.museonicolis.com\/html\/uploads\/2017\/06\/MG_0078.jpg 1748w\" sizes=\"auto, (max-width: 300px) 100vw, 300px\" \/><\/a>\r\n            <\/dt><\/dl><dl class='gallery-item lu-hide-image' title='2008 Museo Nicolis, Premio Museo Nicolis, Sandro Veronesi ph A.Rosa' >\r\n            <dt class='gallery-icon '>\r\n               <a data-title=\"2008 Museo Nicolis, Premio Museo Nicolis, Sandro Veronesi ph A.Rosa\"  class=\"\"  href='https:\/\/www.museonicolis.com\/html\/uploads\/2017\/06\/MG_0231.jpg'><img loading=\"lazy\" decoding=\"async\" width=\"300\" height=\"201\" src=\"https:\/\/www.museonicolis.com\/html\/uploads\/2017\/06\/MG_0231-896x600.jpg\" class=\"attachment-medium size-medium\" alt=\"Premio Museo Nicolis, Sandro Veronesi, Gruppo Calzedonia Oniverse ph A.Rosa auto d&#039;epoca\" srcset=\"https:\/\/www.museonicolis.com\/html\/uploads\/2017\/06\/MG_0231-896x600.jpg 896w, https:\/\/www.museonicolis.com\/html\/uploads\/2017\/06\/MG_0231-768x514.jpg 768w, https:\/\/www.museonicolis.com\/html\/uploads\/2017\/06\/MG_0231-1536x1029.jpg 1536w, https:\/\/www.museonicolis.com\/html\/uploads\/2017\/06\/MG_0231.jpg 1950w\" sizes=\"auto, (max-width: 300px) 100vw, 300px\" \/><\/a>\r\n            <\/dt><\/dl><dl class='gallery-item lu-hide-image' title='2008 Museo Nicolis, Premio Museo Nicolis, Sandro Veronesi ph A.Rosa' >\r\n            <dt class='gallery-icon '>\r\n               <a data-title=\"2008 Museo Nicolis, Premio Museo Nicolis, Sandro Veronesi ph A.Rosa\"  class=\"\"  href='https:\/\/www.museonicolis.com\/html\/uploads\/2017\/06\/MG_0235.jpg'><img loading=\"lazy\" decoding=\"async\" width=\"267\" height=\"300\" src=\"https:\/\/www.museonicolis.com\/html\/uploads\/2017\/06\/MG_0235-534x600.jpg\" class=\"attachment-medium size-medium\" alt=\"Premio Museo Nicolis, Sandro Veronesi, Gruppo Calzedonia Oniverse ph A.Rosa auto d&#039;epoca\" srcset=\"https:\/\/www.museonicolis.com\/html\/uploads\/2017\/06\/MG_0235-534x600.jpg 534w, https:\/\/www.museonicolis.com\/html\/uploads\/2017\/06\/MG_0235-768x863.jpg 768w, https:\/\/www.museonicolis.com\/html\/uploads\/2017\/06\/MG_0235.jpg 1244w\" sizes=\"auto, (max-width: 267px) 100vw, 267px\" \/><\/a>\r\n            <\/dt><\/dl><dl class='gallery-item lu-hide-image' title='2008 Museo Nicolis, Premio Museo Nicolis, Sandro Veronesi ph A.Rosa' >\r\n            <dt class='gallery-icon '>\r\n               <a data-title=\"2008 Museo Nicolis, Premio Museo Nicolis, Sandro Veronesi ph A.Rosa\"  class=\"\"  href='https:\/\/www.museonicolis.com\/html\/uploads\/2017\/06\/MG_0121.jpg'><img loading=\"lazy\" decoding=\"async\" width=\"300\" height=\"200\" src=\"https:\/\/www.museonicolis.com\/html\/uploads\/2017\/06\/MG_0121-900x600.jpg\" class=\"attachment-medium size-medium\" alt=\"Premio Museo Nicolis, Sandro Veronesi, Gruppo Calzedonia, Luciano Nicolis, Giancarlo Conta, Gian Luca Rana, Fabio Majocchi, Roberto Iotti ph A.Rosa auto d&#039;epoca\" srcset=\"https:\/\/www.museonicolis.com\/html\/uploads\/2017\/06\/MG_0121-900x600.jpg 900w, https:\/\/www.museonicolis.com\/html\/uploads\/2017\/06\/MG_0121-768x512.jpg 768w, https:\/\/www.museonicolis.com\/html\/uploads\/2017\/06\/MG_0121.jpg 1311w\" sizes=\"auto, (max-width: 300px) 100vw, 300px\" \/><\/a>\r\n            <\/dt><\/dl><dl class='gallery-item lu-hide-image' title='2008 Museo Nicolis, Premio Museo Nicolis, Sandro Veronesi ph A.Rosa' >\r\n            <dt class='gallery-icon '>\r\n               <a data-title=\"2008 Museo Nicolis, Premio Museo Nicolis, Sandro Veronesi ph A.Rosa\"  class=\"\"  href='https:\/\/www.museonicolis.com\/html\/uploads\/2017\/06\/MG_0106.jpg'><img loading=\"lazy\" decoding=\"async\" width=\"300\" height=\"200\" src=\"https:\/\/www.museonicolis.com\/html\/uploads\/2017\/06\/MG_0106-900x600.jpg\" class=\"attachment-medium size-medium\" alt=\"Premio Museo Nicolis, Sandro Veronesi, Gruppo Calzedonia, Luciano Nicolis, Giancarlo Conta, Gian Luca Rana, Fabio Majocchi, Roberto Iotti ph A.Rosa auto d&#039;epoca\" srcset=\"https:\/\/www.museonicolis.com\/html\/uploads\/2017\/06\/MG_0106-900x600.jpg 900w, https:\/\/www.museonicolis.com\/html\/uploads\/2017\/06\/MG_0106-768x512.jpg 768w, https:\/\/www.museonicolis.com\/html\/uploads\/2017\/06\/MG_0106-1536x1024.jpg 1536w, https:\/\/www.museonicolis.com\/html\/uploads\/2017\/06\/MG_0106.jpg 1748w\" sizes=\"auto, (max-width: 300px) 100vw, 300px\" \/><\/a>\r\n            <\/dt><\/dl><dl class='gallery-item lu-hide-image' title='2008 Museo Nicolis, Premio Museo Nicolis, Sandro Veronesi ph A.Rosa' >\r\n            <dt class='gallery-icon '>\r\n               <a data-title=\"2008 Museo Nicolis, Premio Museo Nicolis, Sandro Veronesi ph A.Rosa\"  class=\"\"  href='https:\/\/www.museonicolis.com\/html\/uploads\/2017\/06\/MG_0157.jpg'><img loading=\"lazy\" decoding=\"async\" width=\"300\" height=\"200\" src=\"https:\/\/www.museonicolis.com\/html\/uploads\/2017\/06\/MG_0157-900x600.jpg\" class=\"attachment-medium size-medium\" alt=\"Premio Museo Nicolis, Sandro Veronesi, Gruppo Calzedonia, Luciano Nicolis, Giancarlo Conta, Gian Luca Rana, Fabio Majocchi, Roberto Iotti ph A.Rosa auto d&#039;epoca\" srcset=\"https:\/\/www.museonicolis.com\/html\/uploads\/2017\/06\/MG_0157-900x600.jpg 900w, https:\/\/www.museonicolis.com\/html\/uploads\/2017\/06\/MG_0157-768x512.jpg 768w, https:\/\/www.museonicolis.com\/html\/uploads\/2017\/06\/MG_0157-1536x1024.jpg 1536w, https:\/\/www.museonicolis.com\/html\/uploads\/2017\/06\/MG_0157-2048x1365.jpg 2048w\" sizes=\"auto, (max-width: 300px) 100vw, 300px\" \/><\/a>\r\n            <\/dt><\/dl><dl class='gallery-item lu-hide-image' title='2008 Museo Nicolis, Premio Museo Nicolis, Sandro Veronesi ph A.Rosa' >\r\n            <dt class='gallery-icon '>\r\n               <a data-title=\"2008 Museo Nicolis, Premio Museo Nicolis, Sandro Veronesi ph A.Rosa\"  class=\"\"  href='https:\/\/www.museonicolis.com\/html\/uploads\/2017\/06\/MG_0108.jpg'><img loading=\"lazy\" decoding=\"async\" width=\"225\" height=\"300\" src=\"https:\/\/www.museonicolis.com\/html\/uploads\/2017\/06\/MG_0108-450x600.jpg\" class=\"attachment-medium size-medium\" alt=\"Premio Museo Nicolis, Sandro Veronesi, Gruppo Calzedonia Oniverse, Luciano Nicolis, ph A.Rosa auto d&#039;epoca\" srcset=\"https:\/\/www.museonicolis.com\/html\/uploads\/2017\/06\/MG_0108-450x600.jpg 450w, https:\/\/www.museonicolis.com\/html\/uploads\/2017\/06\/MG_0108-768x1024.jpg 768w, https:\/\/www.museonicolis.com\/html\/uploads\/2017\/06\/MG_0108-1152x1536.jpg 1152w, https:\/\/www.museonicolis.com\/html\/uploads\/2017\/06\/MG_0108-1536x2048.jpg 1536w, https:\/\/www.museonicolis.com\/html\/uploads\/2017\/06\/MG_0108.jpg 1624w\" sizes=\"auto, (max-width: 225px) 100vw, 225px\" \/><\/a>\r\n            <\/dt><\/dl><dl class='gallery-item lu-hide-image' title='2008 Museo Nicolis, Premio Museo Nicolis, Sandro Veronesi ph A.Rosa' >\r\n            <dt class='gallery-icon '>\r\n               <a data-title=\"2008 Museo Nicolis, Premio Museo Nicolis, Sandro Veronesi ph A.Rosa\"  class=\"\"  href='https:\/\/www.museonicolis.com\/html\/uploads\/2017\/06\/MG_0152.jpg'><img loading=\"lazy\" decoding=\"async\" width=\"200\" height=\"300\" src=\"https:\/\/www.museonicolis.com\/html\/uploads\/2017\/06\/MG_0152-400x600.jpg\" class=\"attachment-medium size-medium\" alt=\"Premio Museo Nicolis, Sandro Veronesi, Gruppo Calzedonia Gian Luca Rana ph A.Rosa auto d&#039;epoca\" srcset=\"https:\/\/www.museonicolis.com\/html\/uploads\/2017\/06\/MG_0152-400x600.jpg 400w, https:\/\/www.museonicolis.com\/html\/uploads\/2017\/06\/MG_0152-768x1152.jpg 768w, https:\/\/www.museonicolis.com\/html\/uploads\/2017\/06\/MG_0152-1024x1536.jpg 1024w, https:\/\/www.museonicolis.com\/html\/uploads\/2017\/06\/MG_0152-1365x2048.jpg 1365w, https:\/\/www.museonicolis.com\/html\/uploads\/2017\/06\/MG_0152.jpg 1456w\" sizes=\"auto, (max-width: 200px) 100vw, 200px\" \/><\/a>\r\n            <\/dt><\/dl><dl class='gallery-item lu-hide-image' title='2008 Museo Nicolis, Premio Museo Nicolis, Sandro Veronesi ph A.Rosa' >\r\n            <dt class='gallery-icon '>\r\n               <a data-title=\"2008 Museo Nicolis, Premio Museo Nicolis, Sandro Veronesi ph A.Rosa\"  class=\"\"  href='https:\/\/www.museonicolis.com\/html\/uploads\/2017\/06\/MG_0147.jpg'><img loading=\"lazy\" decoding=\"async\" width=\"200\" height=\"300\" src=\"https:\/\/www.museonicolis.com\/html\/uploads\/2017\/06\/MG_0147-400x600.jpg\" class=\"attachment-medium size-medium\" alt=\"Premio Museo Nicolis, Sandro Veronesi, Gruppo Calzedonia Gian Luca Rana ph A.Rosa auto d&#039;epoca\" srcset=\"https:\/\/www.museonicolis.com\/html\/uploads\/2017\/06\/MG_0147-400x600.jpg 400w, https:\/\/www.museonicolis.com\/html\/uploads\/2017\/06\/MG_0147-768x1152.jpg 768w, https:\/\/www.museonicolis.com\/html\/uploads\/2017\/06\/MG_0147-1024x1536.jpg 1024w, https:\/\/www.museonicolis.com\/html\/uploads\/2017\/06\/MG_0147-1365x2048.jpg 1365w, https:\/\/www.museonicolis.com\/html\/uploads\/2017\/06\/MG_0147.jpg 1456w\" sizes=\"auto, (max-width: 200px) 100vw, 200px\" \/><\/a>\r\n            <\/dt><\/dl><dl class='gallery-item lu-hide-image' title='2008 Museo Nicolis, Premio Museo Nicolis, Sandro Veronesi ph A.Rosa' >\r\n            <dt class='gallery-icon '>\r\n               <a data-title=\"2008 Museo Nicolis, Premio Museo Nicolis, Sandro Veronesi ph A.Rosa\"  class=\"\"  href='https:\/\/www.museonicolis.com\/html\/uploads\/2017\/06\/MG_0171.jpg'><img loading=\"lazy\" decoding=\"async\" width=\"200\" height=\"300\" src=\"https:\/\/www.museonicolis.com\/html\/uploads\/2017\/06\/MG_0171-400x600.jpg\" class=\"attachment-medium size-medium\" alt=\"Premio Museo Nicolis, Sandro Veronesi, Gruppo Calzedonia Gian Luca Rana ph A.Rosa auto d&#039;epoca\" srcset=\"https:\/\/www.museonicolis.com\/html\/uploads\/2017\/06\/MG_0171-400x600.jpg 400w, https:\/\/www.museonicolis.com\/html\/uploads\/2017\/06\/MG_0171-768x1152.jpg 768w, https:\/\/www.museonicolis.com\/html\/uploads\/2017\/06\/MG_0171-1024x1536.jpg 1024w, https:\/\/www.museonicolis.com\/html\/uploads\/2017\/06\/MG_0171-1365x2048.jpg 1365w, https:\/\/www.museonicolis.com\/html\/uploads\/2017\/06\/MG_0171.jpg 1456w\" sizes=\"auto, (max-width: 200px) 100vw, 200px\" \/><\/a>\r\n            <\/dt><\/dl><dl class='gallery-item lu-hide-image' title='2008 Museo Nicolis, Premio Museo Nicolis, Sandro Veronesi ph A.Rosa' >\r\n            <dt class='gallery-icon '>\r\n               <a data-title=\"2008 Museo Nicolis, Premio Museo Nicolis, Sandro Veronesi ph A.Rosa\"  class=\"\"  href='https:\/\/www.museonicolis.com\/html\/uploads\/2017\/06\/MG_0163.jpg'><img loading=\"lazy\" decoding=\"async\" width=\"300\" height=\"200\" src=\"https:\/\/www.museonicolis.com\/html\/uploads\/2017\/06\/MG_0163-900x600.jpg\" class=\"attachment-medium size-medium\" alt=\"Premio Museo Nicolis, Sandro Veronesi, Gruppo Calzedonia Gian Luca Rana ph A.Rosa auto d&#039;epoca\" srcset=\"https:\/\/www.museonicolis.com\/html\/uploads\/2017\/06\/MG_0163-900x600.jpg 900w, https:\/\/www.museonicolis.com\/html\/uploads\/2017\/06\/MG_0163-768x512.jpg 768w, https:\/\/www.museonicolis.com\/html\/uploads\/2017\/06\/MG_0163-1536x1024.jpg 1536w, https:\/\/www.museonicolis.com\/html\/uploads\/2017\/06\/MG_0163-2048x1365.jpg 2048w\" sizes=\"auto, (max-width: 300px) 100vw, 300px\" \/><\/a>\r\n            <\/dt><\/dl><dl class='gallery-item lu-hide-image' title='2008 Museo Nicolis, Premio Museo Nicolis, Sandro Veronesi ph A.Rosa' >\r\n            <dt class='gallery-icon '>\r\n               <a data-title=\"2008 Museo Nicolis, Premio Museo Nicolis, Sandro Veronesi ph A.Rosa\"  class=\"\"  href='https:\/\/www.museonicolis.com\/html\/uploads\/2017\/06\/MG_0154.jpg'><img loading=\"lazy\" decoding=\"async\" width=\"200\" height=\"300\" src=\"https:\/\/www.museonicolis.com\/html\/uploads\/2017\/06\/MG_0154-400x600.jpg\" class=\"attachment-medium size-medium\" alt=\"Premio Museo Nicolis, Sandro Veronesi, Gruppo Calzedonia, Roberto Iotti ph A.Rosa auto d&#039;epoca\" srcset=\"https:\/\/www.museonicolis.com\/html\/uploads\/2017\/06\/MG_0154-400x600.jpg 400w, https:\/\/www.museonicolis.com\/html\/uploads\/2017\/06\/MG_0154-768x1152.jpg 768w, https:\/\/www.museonicolis.com\/html\/uploads\/2017\/06\/MG_0154-1024x1536.jpg 1024w, https:\/\/www.museonicolis.com\/html\/uploads\/2017\/06\/MG_0154.jpg 1165w\" sizes=\"auto, (max-width: 200px) 100vw, 200px\" \/><\/a>\r\n            <\/dt><\/dl><dl class='gallery-item lu-hide-image' title='2008 Museo Nicolis, Premio Museo Nicolis, Sandro Veronesi ph A.Rosa' >\r\n            <dt class='gallery-icon '>\r\n               <a data-title=\"2008 Museo Nicolis, Premio Museo Nicolis, Sandro Veronesi ph A.Rosa\"  class=\"\"  href='https:\/\/www.museonicolis.com\/html\/uploads\/2017\/06\/MG_0144.jpg'><img loading=\"lazy\" decoding=\"async\" width=\"200\" height=\"300\" src=\"https:\/\/www.museonicolis.com\/html\/uploads\/2017\/06\/MG_0144-400x600.jpg\" class=\"attachment-medium size-medium\" alt=\"Premio Museo Nicolis, Sandro Veronesi, Gruppo Calzedonia, Roberto Iotti ph A.Rosa auto d&#039;epoca\" srcset=\"https:\/\/www.museonicolis.com\/html\/uploads\/2017\/06\/MG_0144-400x600.jpg 400w, https:\/\/www.museonicolis.com\/html\/uploads\/2017\/06\/MG_0144-768x1152.jpg 768w, https:\/\/www.museonicolis.com\/html\/uploads\/2017\/06\/MG_0144-1024x1536.jpg 1024w, https:\/\/www.museonicolis.com\/html\/uploads\/2017\/06\/MG_0144.jpg 1165w\" sizes=\"auto, (max-width: 200px) 100vw, 200px\" \/><\/a>\r\n            <\/dt><\/dl><dl class='gallery-item lu-hide-image' title='2008 Museo Nicolis, Premio Museo Nicolis, Sandro Veronesi ph A.Rosa' >\r\n            <dt class='gallery-icon '>\r\n               <a data-title=\"2008 Museo Nicolis, Premio Museo Nicolis, Sandro Veronesi ph A.Rosa\"  class=\"\"  href='https:\/\/www.museonicolis.com\/html\/uploads\/2017\/06\/MG_0153.jpg'><img loading=\"lazy\" decoding=\"async\" width=\"200\" height=\"300\" src=\"https:\/\/www.museonicolis.com\/html\/uploads\/2017\/06\/MG_0153-400x600.jpg\" class=\"attachment-medium size-medium\" alt=\"Premio Museo Nicolis, Sandro Veronesi, Gruppo Calzedonia, Luciano Nicolis, Giancarlo Conta, Gian Luca Rana, Fabio Majocchi, Roberto Iotti ph A.Rosa auto d&#039;epoca\" srcset=\"https:\/\/www.museonicolis.com\/html\/uploads\/2017\/06\/MG_0153-400x600.jpg 400w, https:\/\/www.museonicolis.com\/html\/uploads\/2017\/06\/MG_0153-768x1152.jpg 768w, https:\/\/www.museonicolis.com\/html\/uploads\/2017\/06\/MG_0153-1024x1536.jpg 1024w, https:\/\/www.museonicolis.com\/html\/uploads\/2017\/06\/MG_0153.jpg 1165w\" sizes=\"auto, (max-width: 200px) 100vw, 200px\" \/><\/a>\r\n            <\/dt><\/dl><dl class='gallery-item lu-hide-image' title='2008 Museo Nicolis, Premio Museo Nicolis, Sandro Veronesi ph A.Rosa' >\r\n            <dt class='gallery-icon '>\r\n               <a data-title=\"2008 Museo Nicolis, Premio Museo Nicolis, Sandro Veronesi ph A.Rosa\"  class=\"\"  href='https:\/\/www.museonicolis.com\/html\/uploads\/2017\/06\/MG_0141.jpg'><img loading=\"lazy\" decoding=\"async\" width=\"300\" height=\"200\" src=\"https:\/\/www.museonicolis.com\/html\/uploads\/2017\/06\/MG_0141-900x600.jpg\" class=\"attachment-medium size-medium\" alt=\"Premio Museo Nicolis, Sandro Veronesi, Gruppo Calzedonia, Luciano Nicolis, Giancarlo Conta, Gian Luca Rana, Fabio Majocchi, Roberto Iotti ph A.Rosa auto d&#039;epoca\" srcset=\"https:\/\/www.museonicolis.com\/html\/uploads\/2017\/06\/MG_0141-900x600.jpg 900w, https:\/\/www.museonicolis.com\/html\/uploads\/2017\/06\/MG_0141-768x512.jpg 768w, https:\/\/www.museonicolis.com\/html\/uploads\/2017\/06\/MG_0141-1536x1024.jpg 1536w, https:\/\/www.museonicolis.com\/html\/uploads\/2017\/06\/MG_0141.jpg 1748w\" sizes=\"auto, (max-width: 300px) 100vw, 300px\" \/><\/a>\r\n            <\/dt><\/dl><dl class='gallery-item lu-hide-image' title='2008 Museo Nicolis, Premio Museo Nicolis, Sandro Veronesi ph A.Rosa' >\r\n            <dt class='gallery-icon '>\r\n               <a data-title=\"2008 Museo Nicolis, Premio Museo Nicolis, Sandro Veronesi ph A.Rosa\"  class=\"\"  href='https:\/\/www.museonicolis.com\/html\/uploads\/2017\/06\/MG_0149.jpg'><img loading=\"lazy\" decoding=\"async\" width=\"200\" height=\"300\" src=\"https:\/\/www.museonicolis.com\/html\/uploads\/2017\/06\/MG_0149-400x600.jpg\" class=\"attachment-medium size-medium\" alt=\"Premio Museo Nicolis, Sandro Veronesi, Gruppo Calzedonia Oniverse, Luciano Nicolis, ph A.Rosa auto d&#039;epoca\" srcset=\"https:\/\/www.museonicolis.com\/html\/uploads\/2017\/06\/MG_0149-400x600.jpg 400w, https:\/\/www.museonicolis.com\/html\/uploads\/2017\/06\/MG_0149-768x1152.jpg 768w, https:\/\/www.museonicolis.com\/html\/uploads\/2017\/06\/MG_0149-1024x1536.jpg 1024w, https:\/\/www.museonicolis.com\/html\/uploads\/2017\/06\/MG_0149-1365x2048.jpg 1365w, https:\/\/www.museonicolis.com\/html\/uploads\/2017\/06\/MG_0149.jpg 1456w\" sizes=\"auto, (max-width: 200px) 100vw, 200px\" \/><\/a>\r\n            <\/dt><\/dl><dl class='gallery-item lu-hide-image' title='2008 Museo Nicolis, Premio Museo Nicolis, Sandro Veronesi ph A.Rosa' >\r\n            <dt class='gallery-icon '>\r\n               <a data-title=\"2008 Museo Nicolis, Premio Museo Nicolis, Sandro Veronesi ph A.Rosa\"  class=\"\"  href='https:\/\/www.museonicolis.com\/html\/uploads\/2017\/06\/MG_0150.jpg'><img loading=\"lazy\" decoding=\"async\" width=\"200\" height=\"300\" src=\"https:\/\/www.museonicolis.com\/html\/uploads\/2017\/06\/MG_0150-400x600.jpg\" class=\"attachment-medium size-medium\" alt=\"Premio Museo Nicolis, Sandro Veronesi, Gruppo Calzedonia Oniverse, Luciano Nicolis, ph A.Rosa auto d&#039;epoca\" srcset=\"https:\/\/www.museonicolis.com\/html\/uploads\/2017\/06\/MG_0150-400x600.jpg 400w, https:\/\/www.museonicolis.com\/html\/uploads\/2017\/06\/MG_0150-768x1152.jpg 768w, https:\/\/www.museonicolis.com\/html\/uploads\/2017\/06\/MG_0150-1024x1536.jpg 1024w, https:\/\/www.museonicolis.com\/html\/uploads\/2017\/06\/MG_0150-1365x2048.jpg 1365w, https:\/\/www.museonicolis.com\/html\/uploads\/2017\/06\/MG_0150.jpg 1456w\" sizes=\"auto, (max-width: 200px) 100vw, 200px\" \/><\/a>\r\n            <\/dt><\/dl><dl class='gallery-item lu-hide-image' title='2008 Museo Nicolis, Premio Museo Nicolis, Sandro Veronesi ph A.Rosa' >\r\n            <dt class='gallery-icon '>\r\n               <a data-title=\"2008 Museo Nicolis, Premio Museo Nicolis, Sandro Veronesi ph A.Rosa\"  class=\"\"  href='https:\/\/www.museonicolis.com\/html\/uploads\/2017\/06\/MG_0162.jpg'><img loading=\"lazy\" decoding=\"async\" width=\"300\" height=\"200\" src=\"https:\/\/www.museonicolis.com\/html\/uploads\/2017\/06\/MG_0162-900x600.jpg\" class=\"attachment-medium size-medium\" alt=\"Premio Museo Nicolis, Sandro Veronesi, Gruppo Calzedonia, Luciano Nicolis, Giancarlo Conta, Gian Luca Rana, Fabio Majocchi, Roberto Iotti ph A.Rosa auto d&#039;epoca\" srcset=\"https:\/\/www.museonicolis.com\/html\/uploads\/2017\/06\/MG_0162-900x600.jpg 900w, https:\/\/www.museonicolis.com\/html\/uploads\/2017\/06\/MG_0162-768x512.jpg 768w, https:\/\/www.museonicolis.com\/html\/uploads\/2017\/06\/MG_0162-1536x1024.jpg 1536w, https:\/\/www.museonicolis.com\/html\/uploads\/2017\/06\/MG_0162.jpg 1748w\" sizes=\"auto, (max-width: 300px) 100vw, 300px\" \/><\/a>\r\n            <\/dt><\/dl><dl class='gallery-item lu-hide-image' title='2008 Museo Nicolis, Premio Museo Nicolis, Sandro Veronesi ph A.Rosa' >\r\n            <dt class='gallery-icon '>\r\n               <a data-title=\"2008 Museo Nicolis, Premio Museo Nicolis, Sandro Veronesi ph A.Rosa\"  class=\"\"  href='https:\/\/www.museonicolis.com\/html\/uploads\/2017\/06\/MG_0172.jpg'><img loading=\"lazy\" decoding=\"async\" width=\"200\" height=\"300\" src=\"https:\/\/www.museonicolis.com\/html\/uploads\/2017\/06\/MG_0172-400x600.jpg\" class=\"attachment-medium size-medium\" alt=\"Premio Museo Nicolis, Sandro Veronesi, Gruppo Calzedonia Gian Luca Rana ph A.Rosa auto d&#039;epoca\" srcset=\"https:\/\/www.museonicolis.com\/html\/uploads\/2017\/06\/MG_0172-400x600.jpg 400w, https:\/\/www.museonicolis.com\/html\/uploads\/2017\/06\/MG_0172-768x1152.jpg 768w, https:\/\/www.museonicolis.com\/html\/uploads\/2017\/06\/MG_0172-1024x1536.jpg 1024w, https:\/\/www.museonicolis.com\/html\/uploads\/2017\/06\/MG_0172-1365x2048.jpg 1365w, https:\/\/www.museonicolis.com\/html\/uploads\/2017\/06\/MG_0172.jpg 1456w\" sizes=\"auto, (max-width: 200px) 100vw, 200px\" \/><\/a>\r\n            <\/dt><\/dl><dl class='gallery-item lu-hide-image' title='2008 Museo Nicolis, Premio Museo Nicolis, Sandro Veronesi ph A.Rosa' >\r\n            <dt class='gallery-icon '>\r\n               <a data-title=\"2008 Museo Nicolis, Premio Museo Nicolis, Sandro Veronesi ph A.Rosa\"  class=\"\"  href='https:\/\/www.museonicolis.com\/html\/uploads\/2017\/06\/MG_0173.jpg'><img loading=\"lazy\" decoding=\"async\" width=\"200\" height=\"300\" src=\"https:\/\/www.museonicolis.com\/html\/uploads\/2017\/06\/MG_0173-400x600.jpg\" class=\"attachment-medium size-medium\" alt=\"Premio Museo Nicolis, Sandro Veronesi, Gruppo Calzedonia Gian Luca Rana ph A.Rosa auto d&#039;epoca\" srcset=\"https:\/\/www.museonicolis.com\/html\/uploads\/2017\/06\/MG_0173-400x600.jpg 400w, https:\/\/www.museonicolis.com\/html\/uploads\/2017\/06\/MG_0173-768x1152.jpg 768w, https:\/\/www.museonicolis.com\/html\/uploads\/2017\/06\/MG_0173-1024x1536.jpg 1024w, https:\/\/www.museonicolis.com\/html\/uploads\/2017\/06\/MG_0173-1365x2048.jpg 1365w, https:\/\/www.museonicolis.com\/html\/uploads\/2017\/06\/MG_0173.jpg 1456w\" sizes=\"auto, (max-width: 200px) 100vw, 200px\" \/><\/a>\r\n            <\/dt><\/dl><dl class='gallery-item lu-hide-image' title='2008 Museo Nicolis, Premio Museo Nicolis, Sandro Veronesi ph A.Rosa' >\r\n            <dt class='gallery-icon '>\r\n               <a data-title=\"2008 Museo Nicolis, Premio Museo Nicolis, Sandro Veronesi ph A.Rosa\"  class=\"\"  href='https:\/\/www.museonicolis.com\/html\/uploads\/2017\/06\/MG_0186.jpg'><img loading=\"lazy\" decoding=\"async\" width=\"300\" height=\"200\" src=\"https:\/\/www.museonicolis.com\/html\/uploads\/2017\/06\/MG_0186-900x600.jpg\" class=\"attachment-medium size-medium\" alt=\"Premio Museo Nicolis, Sandro Veronesi, Gruppo Calzedonia, Luciano Nicolis, Giancarlo Conta, Gian Luca Rana, Fabio Majocchi, Roberto Iotti ph A.Rosa auto d&#039;epoca\" srcset=\"https:\/\/www.museonicolis.com\/html\/uploads\/2017\/06\/MG_0186-900x600.jpg 900w, https:\/\/www.museonicolis.com\/html\/uploads\/2017\/06\/MG_0186-768x512.jpg 768w, https:\/\/www.museonicolis.com\/html\/uploads\/2017\/06\/MG_0186-1536x1024.jpg 1536w, https:\/\/www.museonicolis.com\/html\/uploads\/2017\/06\/MG_0186-2048x1365.jpg 2048w\" sizes=\"auto, (max-width: 300px) 100vw, 300px\" \/><\/a>\r\n            <\/dt><\/dl><dl class='gallery-item lu-hide-image' title='2008 Museo Nicolis, Premio Museo Nicolis, Sandro Veronesi ph A.Rosa' >\r\n            <dt class='gallery-icon '>\r\n               <a data-title=\"2008 Museo Nicolis, Premio Museo Nicolis, Sandro Veronesi ph A.Rosa\"  class=\"\"  href='https:\/\/www.museonicolis.com\/html\/uploads\/2017\/06\/MG_0187.jpg'><img loading=\"lazy\" decoding=\"async\" width=\"300\" height=\"200\" src=\"https:\/\/www.museonicolis.com\/html\/uploads\/2017\/06\/MG_0187-900x600.jpg\" class=\"attachment-medium size-medium\" alt=\"Premio Museo Nicolis, Sandro Veronesi, Gruppo Calzedonia, Luciano Nicolis, Giancarlo Conta, Gian Luca Rana, Fabio Majocchi, Roberto Iotti ph A.Rosa auto d&#039;epoca\" srcset=\"https:\/\/www.museonicolis.com\/html\/uploads\/2017\/06\/MG_0187-900x600.jpg 900w, https:\/\/www.museonicolis.com\/html\/uploads\/2017\/06\/MG_0187-768x512.jpg 768w, https:\/\/www.museonicolis.com\/html\/uploads\/2017\/06\/MG_0187-1536x1024.jpg 1536w, https:\/\/www.museonicolis.com\/html\/uploads\/2017\/06\/MG_0187.jpg 1748w\" sizes=\"auto, (max-width: 300px) 100vw, 300px\" \/><\/a>\r\n            <\/dt><\/dl><dl class='gallery-item lu-hide-image' title='2008 Museo Nicolis, Premio Museo Nicolis, Sandro Veronesi ph A.Rosa' >\r\n            <dt class='gallery-icon '>\r\n               <a data-title=\"2008 Museo Nicolis, Premio Museo Nicolis, Sandro Veronesi ph A.Rosa\"  class=\"\"  href='https:\/\/www.museonicolis.com\/html\/uploads\/2017\/06\/MG_0189.jpg'><img loading=\"lazy\" decoding=\"async\" width=\"200\" height=\"300\" src=\"https:\/\/www.museonicolis.com\/html\/uploads\/2017\/06\/MG_0189-400x600.jpg\" class=\"attachment-medium size-medium\" alt=\"Premio Museo Nicolis, Sandro Veronesi, Gruppo Calzedonia, Luciano Nicolis, Giancarlo Conta, Gian Luca Rana, Fabio Majocchi, Roberto Iotti ph A.Rosa auto d&#039;epoca\" srcset=\"https:\/\/www.museonicolis.com\/html\/uploads\/2017\/06\/MG_0189-400x600.jpg 400w, https:\/\/www.museonicolis.com\/html\/uploads\/2017\/06\/MG_0189-768x1152.jpg 768w, https:\/\/www.museonicolis.com\/html\/uploads\/2017\/06\/MG_0189-1024x1536.jpg 1024w, https:\/\/www.museonicolis.com\/html\/uploads\/2017\/06\/MG_0189.jpg 1165w\" sizes=\"auto, (max-width: 200px) 100vw, 200px\" \/><\/a>\r\n            <\/dt><\/dl><dl class='gallery-item lu-hide-image' title='2008 Museo Nicolis, Premio Museo Nicolis, Sandro Veronesi ph A.Rosa' >\r\n            <dt class='gallery-icon '>\r\n               <a data-title=\"2008 Museo Nicolis, Premio Museo Nicolis, Sandro Veronesi ph A.Rosa\"  class=\"\"  href='https:\/\/www.museonicolis.com\/html\/uploads\/2017\/06\/MG_0190.jpg'><img loading=\"lazy\" decoding=\"async\" width=\"200\" height=\"300\" src=\"https:\/\/www.museonicolis.com\/html\/uploads\/2017\/06\/MG_0190-400x600.jpg\" class=\"attachment-medium size-medium\" alt=\"Premio Museo Nicolis, Sandro Veronesi, Gruppo Calzedonia, Luciano Nicolis, Giancarlo Conta, Gian Luca Rana, Fabio Majocchi, Roberto Iotti ph A.Rosa auto d&#039;epoca\" srcset=\"https:\/\/www.museonicolis.com\/html\/uploads\/2017\/06\/MG_0190-400x600.jpg 400w, https:\/\/www.museonicolis.com\/html\/uploads\/2017\/06\/MG_0190-768x1152.jpg 768w, https:\/\/www.museonicolis.com\/html\/uploads\/2017\/06\/MG_0190-1024x1536.jpg 1024w, https:\/\/www.museonicolis.com\/html\/uploads\/2017\/06\/MG_0190.jpg 1165w\" sizes=\"auto, (max-width: 200px) 100vw, 200px\" \/><\/a>\r\n            <\/dt><\/dl><dl class='gallery-item lu-hide-image' title='2008 Museo Nicolis, Premio Museo Nicolis, Sandro Veronesi ph A.Rosa' >\r\n            <dt class='gallery-icon '>\r\n               <a data-title=\"2008 Museo Nicolis, Premio Museo Nicolis, Sandro Veronesi ph A.Rosa\"  class=\"\"  href='https:\/\/www.museonicolis.com\/html\/uploads\/2017\/06\/MG_0193.jpg'><img loading=\"lazy\" decoding=\"async\" width=\"300\" height=\"200\" src=\"https:\/\/www.museonicolis.com\/html\/uploads\/2017\/06\/MG_0193-900x600.jpg\" class=\"attachment-medium size-medium\" alt=\"Premio Museo Nicolis, Sandro Veronesi, Gruppo Calzedonia, Luciano Nicolis, Giancarlo Conta, Gian Luca Rana, Fabio Majocchi, Roberto Iotti ph A.Rosa auto d&#039;epoca\" srcset=\"https:\/\/www.museonicolis.com\/html\/uploads\/2017\/06\/MG_0193-900x600.jpg 900w, https:\/\/www.museonicolis.com\/html\/uploads\/2017\/06\/MG_0193-768x512.jpg 768w, https:\/\/www.museonicolis.com\/html\/uploads\/2017\/06\/MG_0193-1536x1024.jpg 1536w, https:\/\/www.museonicolis.com\/html\/uploads\/2017\/06\/MG_0193-2048x1365.jpg 2048w\" sizes=\"auto, (max-width: 300px) 100vw, 300px\" \/><\/a>\r\n            <\/dt><\/dl><dl class='gallery-item lu-hide-image' title='2008 Museo Nicolis, Premio Museo Nicolis, Sandro Veronesi ph A.Rosa' >\r\n            <dt class='gallery-icon '>\r\n               <a data-title=\"2008 Museo Nicolis, Premio Museo Nicolis, Sandro Veronesi ph A.Rosa\"  class=\"\"  href='https:\/\/www.museonicolis.com\/html\/uploads\/2017\/06\/MG_0226.jpg'><img loading=\"lazy\" decoding=\"async\" width=\"300\" height=\"200\" src=\"https:\/\/www.museonicolis.com\/html\/uploads\/2017\/06\/MG_0226-900x600.jpg\" class=\"attachment-medium size-medium\" alt=\"Premio Museo Nicolis, Sandro Veronesi, Gruppo Calzedonia Oniverse, Luciano Nicolis, ph A.Rosa auto d&#039;epoca\" srcset=\"https:\/\/www.museonicolis.com\/html\/uploads\/2017\/06\/MG_0226-900x600.jpg 900w, https:\/\/www.museonicolis.com\/html\/uploads\/2017\/06\/MG_0226-768x512.jpg 768w, https:\/\/www.museonicolis.com\/html\/uploads\/2017\/06\/MG_0226-1536x1024.jpg 1536w, https:\/\/www.museonicolis.com\/html\/uploads\/2017\/06\/MG_0226.jpg 1748w\" sizes=\"auto, (max-width: 300px) 100vw, 300px\" \/><\/a>\r\n            <\/dt><\/dl><dl class='gallery-item lu-hide-image' title='2008 Museo Nicolis, Premio Museo Nicolis, Sandro Veronesi ph A.Rosa' >\r\n            <dt class='gallery-icon '>\r\n               <a data-title=\"2008 Museo Nicolis, Premio Museo Nicolis, Sandro Veronesi ph A.Rosa\"  class=\"\"  href='https:\/\/www.museonicolis.com\/html\/uploads\/2017\/06\/MG_0195.jpg'><img loading=\"lazy\" decoding=\"async\" width=\"300\" height=\"200\" src=\"https:\/\/www.museonicolis.com\/html\/uploads\/2017\/06\/MG_0195-900x600.jpg\" class=\"attachment-medium size-medium\" alt=\"Premio Museo Nicolis, Sandro Veronesi, Gruppo Calzedonia, Luciano Nicolis, Giancarlo Conta, Gian Luca Rana, Fabio Majocchi, Roberto Iotti ph A.Rosa auto d&#039;epoca\" srcset=\"https:\/\/www.museonicolis.com\/html\/uploads\/2017\/06\/MG_0195-900x600.jpg 900w, https:\/\/www.museonicolis.com\/html\/uploads\/2017\/06\/MG_0195-768x512.jpg 768w, https:\/\/www.museonicolis.com\/html\/uploads\/2017\/06\/MG_0195-1536x1024.jpg 1536w, https:\/\/www.museonicolis.com\/html\/uploads\/2017\/06\/MG_0195.jpg 1748w\" sizes=\"auto, (max-width: 300px) 100vw, 300px\" \/><\/a>\r\n            <\/dt><\/dl><dl class='gallery-item lu-hide-image' title='2008 Museo Nicolis, Premio Museo Nicolis, Sandro Veronesi ph A.Rosa' >\r\n            <dt class='gallery-icon '>\r\n               <a data-title=\"2008 Museo Nicolis, Premio Museo Nicolis, Sandro Veronesi ph A.Rosa\"  class=\"\"  href='https:\/\/www.museonicolis.com\/html\/uploads\/2017\/06\/MG_0194.jpg'><img loading=\"lazy\" decoding=\"async\" width=\"300\" height=\"200\" src=\"https:\/\/www.museonicolis.com\/html\/uploads\/2017\/06\/MG_0194-900x600.jpg\" class=\"attachment-medium size-medium\" alt=\"Premio Museo Nicolis, Sandro Veronesi, Gruppo Calzedonia, Luciano Nicolis, Giancarlo Conta, Gian Luca Rana, Fabio Majocchi, Roberto Iotti ph A.Rosa auto d&#039;epoca\" srcset=\"https:\/\/www.museonicolis.com\/html\/uploads\/2017\/06\/MG_0194-900x600.jpg 900w, https:\/\/www.museonicolis.com\/html\/uploads\/2017\/06\/MG_0194-768x512.jpg 768w, https:\/\/www.museonicolis.com\/html\/uploads\/2017\/06\/MG_0194-1536x1024.jpg 1536w, https:\/\/www.museonicolis.com\/html\/uploads\/2017\/06\/MG_0194.jpg 1748w\" sizes=\"auto, (max-width: 300px) 100vw, 300px\" \/><\/a>\r\n            <\/dt><\/dl><dl class='gallery-item lu-hide-image' title='2008 Museo Nicolis, Premio Museo Nicolis, Sandro Veronesi ph A.Rosa' >\r\n            <dt class='gallery-icon '>\r\n               <a data-title=\"2008 Museo Nicolis, Premio Museo Nicolis, Sandro Veronesi ph A.Rosa\"  class=\"\"  href='https:\/\/www.museonicolis.com\/html\/uploads\/2017\/06\/MG_0168.jpg'><img loading=\"lazy\" decoding=\"async\" width=\"300\" height=\"200\" src=\"https:\/\/www.museonicolis.com\/html\/uploads\/2017\/06\/MG_0168-900x600.jpg\" class=\"attachment-medium size-medium\" alt=\"\" srcset=\"https:\/\/www.museonicolis.com\/html\/uploads\/2017\/06\/MG_0168-900x600.jpg 900w, https:\/\/www.museonicolis.com\/html\/uploads\/2017\/06\/MG_0168-768x512.jpg 768w, https:\/\/www.museonicolis.com\/html\/uploads\/2017\/06\/MG_0168-1536x1024.jpg 1536w, https:\/\/www.museonicolis.com\/html\/uploads\/2017\/06\/MG_0168.jpg 1748w\" sizes=\"auto, (max-width: 300px) 100vw, 300px\" \/><\/a>\r\n            <\/dt><\/dl><dl class='gallery-item lu-hide-image' title='2008 Museo Nicolis, Premio Museo Nicolis, Sandro Veronesi ph A.Rosa' >\r\n            <dt class='gallery-icon '>\r\n               <a data-title=\"2008 Museo Nicolis, Premio Museo Nicolis, Sandro Veronesi ph A.Rosa\"  class=\"\"  href='https:\/\/www.museonicolis.com\/html\/uploads\/2017\/06\/MG_0208.jpg'><img loading=\"lazy\" decoding=\"async\" width=\"200\" height=\"300\" src=\"https:\/\/www.museonicolis.com\/html\/uploads\/2017\/06\/MG_0208-400x600.jpg\" class=\"attachment-medium size-medium\" alt=\"Premio Museo Nicolis, Sandro Veronesi, Gruppo Calzedonia, Luciano Nicolis, Giancarlo Conta, Gian Luca Rana, Fabio Majocchi, Roberto Iotti ph A.Rosa auto d&#039;epoca\" srcset=\"https:\/\/www.museonicolis.com\/html\/uploads\/2017\/06\/MG_0208-400x600.jpg 400w, https:\/\/www.museonicolis.com\/html\/uploads\/2017\/06\/MG_0208-768x1152.jpg 768w, https:\/\/www.museonicolis.com\/html\/uploads\/2017\/06\/MG_0208-1024x1536.jpg 1024w, https:\/\/www.museonicolis.com\/html\/uploads\/2017\/06\/MG_0208.jpg 1165w\" sizes=\"auto, (max-width: 200px) 100vw, 200px\" \/><\/a>\r\n            <\/dt><\/dl><dl class='gallery-item lu-hide-image' title='2008 Museo Nicolis, Premio Museo Nicolis, Sandro Veronesi ph A.Rosa' >\r\n            <dt class='gallery-icon '>\r\n               <a data-title=\"2008 Museo Nicolis, Premio Museo Nicolis, Sandro Veronesi ph A.Rosa\"  class=\"\"  href='https:\/\/www.museonicolis.com\/html\/uploads\/2017\/06\/MG_0091.jpg'><img loading=\"lazy\" decoding=\"async\" width=\"300\" height=\"200\" src=\"https:\/\/www.museonicolis.com\/html\/uploads\/2017\/06\/MG_0091-900x600.jpg\" class=\"attachment-medium size-medium\" alt=\"Premio Museo Nicolis, Sandro Veronesi, Gruppo Calzedonia, Luciano Nicolis, Giancarlo Conta, Gian Luca Rana, Fabio Majocchi, Roberto Iotti, Silvia Nicolis, ph A.Rosa auto d&#039;epoca\" srcset=\"https:\/\/www.museonicolis.com\/html\/uploads\/2017\/06\/MG_0091-900x600.jpg 900w, https:\/\/www.museonicolis.com\/html\/uploads\/2017\/06\/MG_0091-768x512.jpg 768w, https:\/\/www.museonicolis.com\/html\/uploads\/2017\/06\/MG_0091-1536x1024.jpg 1536w, https:\/\/www.museonicolis.com\/html\/uploads\/2017\/06\/MG_0091.jpg 1748w\" sizes=\"auto, (max-width: 300px) 100vw, 300px\" \/><\/a>\r\n            <\/dt><\/dl><dl class='gallery-item lu-hide-image' title='2008 Museo Nicolis, Premio Museo Nicolis, Sandro Veronesi ph A.Rosa' >\r\n            <dt class='gallery-icon '>\r\n               <a data-title=\"2008 Museo Nicolis, Premio Museo Nicolis, Sandro Veronesi ph A.Rosa\"  class=\"\"  href='https:\/\/www.museonicolis.com\/html\/uploads\/2017\/06\/MG_0092.jpg'><img loading=\"lazy\" decoding=\"async\" width=\"300\" height=\"200\" src=\"https:\/\/www.museonicolis.com\/html\/uploads\/2017\/06\/MG_0092-900x600.jpg\" class=\"attachment-medium size-medium\" alt=\"Premio Museo Nicolis, Sandro Veronesi, Gruppo Calzedonia, Luciano Nicolis, Giancarlo Conta, Gian Luca Rana, Fabio Majocchi, Roberto Iotti, Silvia Nicolis, ph A.Rosa auto d&#039;epoca\" srcset=\"https:\/\/www.museonicolis.com\/html\/uploads\/2017\/06\/MG_0092-900x600.jpg 900w, https:\/\/www.museonicolis.com\/html\/uploads\/2017\/06\/MG_0092-768x512.jpg 768w, https:\/\/www.museonicolis.com\/html\/uploads\/2017\/06\/MG_0092-1536x1024.jpg 1536w, https:\/\/www.museonicolis.com\/html\/uploads\/2017\/06\/MG_0092.jpg 1748w\" sizes=\"auto, (max-width: 300px) 100vw, 300px\" \/><\/a>\r\n            <\/dt><\/dl><dl class='gallery-item lu-hide-image' title='2008 Museo Nicolis, Premio Museo Nicolis, Sandro Veronesi ph A.Rosa' >\r\n            <dt class='gallery-icon '>\r\n               <a data-title=\"2008 Museo Nicolis, Premio Museo Nicolis, Sandro Veronesi ph A.Rosa\"  class=\"\"  href='https:\/\/www.museonicolis.com\/html\/uploads\/2017\/06\/MG_0101.jpg'><img loading=\"lazy\" decoding=\"async\" width=\"300\" height=\"200\" src=\"https:\/\/www.museonicolis.com\/html\/uploads\/2017\/06\/MG_0101-900x600.jpg\" class=\"attachment-medium size-medium\" alt=\"Premio Museo Nicolis, Sandro Veronesi, Gruppo Calzedonia Oniverse ph A.Rosa auto d&#039;epoca\" srcset=\"https:\/\/www.museonicolis.com\/html\/uploads\/2017\/06\/MG_0101-900x600.jpg 900w, https:\/\/www.museonicolis.com\/html\/uploads\/2017\/06\/MG_0101-768x512.jpg 768w, https:\/\/www.museonicolis.com\/html\/uploads\/2017\/06\/MG_0101-1536x1024.jpg 1536w, https:\/\/www.museonicolis.com\/html\/uploads\/2017\/06\/MG_0101.jpg 1748w\" sizes=\"auto, (max-width: 300px) 100vw, 300px\" \/><\/a>\r\n            <\/dt><\/dl><dl class='gallery-item lu-hide-image' title='2008 Museo Nicolis, Premio Museo Nicolis, Sandro Veronesi ph A.Rosa' >\r\n            <dt class='gallery-icon '>\r\n               <a data-title=\"2008 Museo Nicolis, Premio Museo Nicolis, Sandro Veronesi ph A.Rosa\"  class=\"\"  href='https:\/\/www.museonicolis.com\/html\/uploads\/2017\/06\/MG_0105.jpg'><img loading=\"lazy\" decoding=\"async\" width=\"300\" height=\"200\" src=\"https:\/\/www.museonicolis.com\/html\/uploads\/2017\/06\/MG_0105-900x600.jpg\" class=\"attachment-medium size-medium\" alt=\"Premio Museo Nicolis, Sandro Veronesi, Gruppo Calzedonia Oniverse ph A.Rosa auto d&#039;epoca\" srcset=\"https:\/\/www.museonicolis.com\/html\/uploads\/2017\/06\/MG_0105-900x600.jpg 900w, https:\/\/www.museonicolis.com\/html\/uploads\/2017\/06\/MG_0105-768x512.jpg 768w, https:\/\/www.museonicolis.com\/html\/uploads\/2017\/06\/MG_0105-1536x1024.jpg 1536w, https:\/\/www.museonicolis.com\/html\/uploads\/2017\/06\/MG_0105.jpg 1748w\" sizes=\"auto, (max-width: 300px) 100vw, 300px\" \/><\/a>\r\n            <\/dt><\/dl><dl class='gallery-item lu-hide-image' title='2008 Museo Nicolis, Premio Museo Nicolis, Sandro Veronesi ph A.Rosa' >\r\n            <dt class='gallery-icon '>\r\n               <a data-title=\"2008 Museo Nicolis, Premio Museo Nicolis, Sandro Veronesi ph A.Rosa\"  class=\"\"  href='https:\/\/www.museonicolis.com\/html\/uploads\/2017\/06\/MG_0080.jpg'><img loading=\"lazy\" decoding=\"async\" width=\"300\" height=\"200\" src=\"https:\/\/www.museonicolis.com\/html\/uploads\/2017\/06\/MG_0080-900x600.jpg\" class=\"attachment-medium size-medium\" alt=\"Premio Museo Nicolis, Sandro Veronesi, Gruppo Calzedonia Oniverse ph A.Rosa auto d&#039;epoca\" srcset=\"https:\/\/www.museonicolis.com\/html\/uploads\/2017\/06\/MG_0080-900x600.jpg 900w, https:\/\/www.museonicolis.com\/html\/uploads\/2017\/06\/MG_0080-768x512.jpg 768w, https:\/\/www.museonicolis.com\/html\/uploads\/2017\/06\/MG_0080-1536x1024.jpg 1536w, https:\/\/www.museonicolis.com\/html\/uploads\/2017\/06\/MG_0080.jpg 1748w\" sizes=\"auto, (max-width: 300px) 100vw, 300px\" \/><\/a>\r\n            <\/dt><\/dl><dl class='gallery-item lu-hide-image' title='2008 Museo Nicolis, Premio Museo Nicolis, Sandro Veronesi ph A.Rosa' >\r\n            <dt class='gallery-icon '>\r\n               <a data-title=\"2008 Museo Nicolis, Premio Museo Nicolis, Sandro Veronesi ph A.Rosa\"  class=\"\"  href='https:\/\/www.museonicolis.com\/html\/uploads\/2017\/06\/MG_0090.jpg'><img loading=\"lazy\" decoding=\"async\" width=\"300\" height=\"200\" src=\"https:\/\/www.museonicolis.com\/html\/uploads\/2017\/06\/MG_0090-900x600.jpg\" class=\"attachment-medium size-medium\" alt=\"Premio Museo Nicolis, Sandro Veronesi, Gruppo Calzedonia Oniverse ph A.Rosa auto d&#039;epoca\" srcset=\"https:\/\/www.museonicolis.com\/html\/uploads\/2017\/06\/MG_0090-900x600.jpg 900w, https:\/\/www.museonicolis.com\/html\/uploads\/2017\/06\/MG_0090-768x512.jpg 768w, https:\/\/www.museonicolis.com\/html\/uploads\/2017\/06\/MG_0090.jpg 1311w\" sizes=\"auto, (max-width: 300px) 100vw, 300px\" \/><\/a>\r\n            <\/dt><\/dl><dl class='gallery-item lu-hide-image' title='2008 Museo Nicolis, Premio Museo Nicolis, Sandro Veronesi ph A.Rosa' >\r\n            <dt class='gallery-icon '>\r\n               <a data-title=\"2008 Museo Nicolis, Premio Museo Nicolis, Sandro Veronesi ph A.Rosa\"  class=\"\"  href='https:\/\/www.museonicolis.com\/html\/uploads\/2017\/06\/MG_0084.jpg'><img loading=\"lazy\" decoding=\"async\" width=\"300\" height=\"200\" src=\"https:\/\/www.museonicolis.com\/html\/uploads\/2017\/06\/MG_0084-900x600.jpg\" class=\"attachment-medium size-medium\" alt=\"Premio Museo Nicolis, Sandro Veronesi, Gruppo Calzedonia Oniverse ph A.Rosa auto d&#039;epoca\" srcset=\"https:\/\/www.museonicolis.com\/html\/uploads\/2017\/06\/MG_0084-900x600.jpg 900w, https:\/\/www.museonicolis.com\/html\/uploads\/2017\/06\/MG_0084-768x512.jpg 768w, https:\/\/www.museonicolis.com\/html\/uploads\/2017\/06\/MG_0084-1536x1024.jpg 1536w, https:\/\/www.museonicolis.com\/html\/uploads\/2017\/06\/MG_0084.jpg 1748w\" sizes=\"auto, (max-width: 300px) 100vw, 300px\" \/><\/a>\r\n            <\/dt><\/dl><dl class='gallery-item lu-hide-image' title='2008 Museo Nicolis, Premio Museo Nicolis, Sandro Veronesi ph A.Rosa' >\r\n            <dt class='gallery-icon '>\r\n               <a data-title=\"2008 Museo Nicolis, Premio Museo Nicolis, Sandro Veronesi ph A.Rosa\"  class=\"\"  href='https:\/\/www.museonicolis.com\/html\/uploads\/2017\/06\/MG_0102.jpg'><img loading=\"lazy\" decoding=\"async\" width=\"300\" height=\"200\" src=\"https:\/\/www.museonicolis.com\/html\/uploads\/2017\/06\/MG_0102-900x600.jpg\" class=\"attachment-medium size-medium\" alt=\"Premio Museo Nicolis, Sandro Veronesi, Gruppo Calzedonia, Andrea Dusi di Elation, Luciano Nicolis ph Rosa auto d&#039;epoca\" srcset=\"https:\/\/www.museonicolis.com\/html\/uploads\/2017\/06\/MG_0102-900x600.jpg 900w, https:\/\/www.museonicolis.com\/html\/uploads\/2017\/06\/MG_0102-768x512.jpg 768w, https:\/\/www.museonicolis.com\/html\/uploads\/2017\/06\/MG_0102-1536x1024.jpg 1536w, https:\/\/www.museonicolis.com\/html\/uploads\/2017\/06\/MG_0102.jpg 1748w\" sizes=\"auto, (max-width: 300px) 100vw, 300px\" \/><\/a>\r\n            <\/dt><\/dl><dl class='gallery-item lu-hide-image' title='2008 Museo Nicolis, Premio Museo Nicolis, Sandro Veronesi ph A.Rosa' >\r\n            <dt class='gallery-icon '>\r\n               <a data-title=\"2008 Museo Nicolis, Premio Museo Nicolis, Sandro Veronesi ph A.Rosa\"  class=\"\"  href='https:\/\/www.museonicolis.com\/html\/uploads\/2017\/06\/MG_0097.jpg'><img loading=\"lazy\" decoding=\"async\" width=\"300\" height=\"200\" src=\"https:\/\/www.museonicolis.com\/html\/uploads\/2017\/06\/MG_0097-900x600.jpg\" class=\"attachment-medium size-medium\" alt=\"Premio Museo Nicolis, Sandro Veronesi, Gruppo Calzedonia, Dusi Elation ph A.Rosa auto d&#039;epoca\" srcset=\"https:\/\/www.museonicolis.com\/html\/uploads\/2017\/06\/MG_0097-900x600.jpg 900w, https:\/\/www.museonicolis.com\/html\/uploads\/2017\/06\/MG_0097-768x512.jpg 768w, https:\/\/www.museonicolis.com\/html\/uploads\/2017\/06\/MG_0097.jpg 1311w\" sizes=\"auto, (max-width: 300px) 100vw, 300px\" \/><\/a>\r\n            <\/dt><\/dl><dl class='gallery-item lu-hide-image' title='2008 Museo Nicolis, Premio Museo Nicolis, Sandro Veronesi ph A.Rosa' >\r\n            <dt class='gallery-icon '>\r\n               <a data-title=\"2008 Museo Nicolis, Premio Museo Nicolis, Sandro Veronesi ph A.Rosa\"  class=\"\"  href='https:\/\/www.museonicolis.com\/html\/uploads\/2017\/06\/MG_0086.jpg'><img loading=\"lazy\" decoding=\"async\" width=\"300\" height=\"200\" src=\"https:\/\/www.museonicolis.com\/html\/uploads\/2017\/06\/MG_0086-900x600.jpg\" class=\"attachment-medium size-medium\" alt=\"Premio Museo Nicolis, Sandro Veronesi, Gruppo Calzedonia Oniverse ph A.Rosa auto d&#039;epoca\" srcset=\"https:\/\/www.museonicolis.com\/html\/uploads\/2017\/06\/MG_0086-900x600.jpg 900w, https:\/\/www.museonicolis.com\/html\/uploads\/2017\/06\/MG_0086-768x512.jpg 768w, https:\/\/www.museonicolis.com\/html\/uploads\/2017\/06\/MG_0086.jpg 1311w\" sizes=\"auto, (max-width: 300px) 100vw, 300px\" \/><\/a>\r\n            <\/dt><\/dl><dl class='gallery-item lu-hide-image' title='2008 Museo Nicolis, Premio Museo Nicolis, Sandro Veronesi ph A.Rosa' >\r\n            <dt class='gallery-icon '>\r\n               <a data-title=\"2008 Museo Nicolis, Premio Museo Nicolis, Sandro Veronesi ph A.Rosa\"  class=\"\"  href='https:\/\/www.museonicolis.com\/html\/uploads\/2017\/06\/MG_0103.jpg'><img loading=\"lazy\" decoding=\"async\" width=\"300\" height=\"200\" src=\"https:\/\/www.museonicolis.com\/html\/uploads\/2017\/06\/MG_0103-900x600.jpg\" class=\"attachment-medium size-medium\" alt=\"Premio Museo Nicolis, Sandro Veronesi, Gruppo Calzedonia Oniverse ph A.Rosa auto d&#039;epoca\" srcset=\"https:\/\/www.museonicolis.com\/html\/uploads\/2017\/06\/MG_0103-900x600.jpg 900w, https:\/\/www.museonicolis.com\/html\/uploads\/2017\/06\/MG_0103-768x512.jpg 768w, https:\/\/www.museonicolis.com\/html\/uploads\/2017\/06\/MG_0103-1536x1024.jpg 1536w, https:\/\/www.museonicolis.com\/html\/uploads\/2017\/06\/MG_0103.jpg 1748w\" sizes=\"auto, (max-width: 300px) 100vw, 300px\" \/><\/a>\r\n            <\/dt><\/dl><dl class='gallery-item lu-hide-image' title='2008 Museo Nicolis, Premio Museo Nicolis, Sandro Veronesi ph A.Rosa' >\r\n            <dt class='gallery-icon '>\r\n               <a data-title=\"2008 Museo Nicolis, Premio Museo Nicolis, Sandro Veronesi ph A.Rosa\"  class=\"\"  href='https:\/\/www.museonicolis.com\/html\/uploads\/2017\/06\/MG_0095.jpg'><img loading=\"lazy\" decoding=\"async\" width=\"300\" height=\"200\" src=\"https:\/\/www.museonicolis.com\/html\/uploads\/2017\/06\/MG_0095-900x600.jpg\" class=\"attachment-medium size-medium\" alt=\"\" srcset=\"https:\/\/www.museonicolis.com\/html\/uploads\/2017\/06\/MG_0095-900x600.jpg 900w, https:\/\/www.museonicolis.com\/html\/uploads\/2017\/06\/MG_0095-768x512.jpg 768w, https:\/\/www.museonicolis.com\/html\/uploads\/2017\/06\/MG_0095-1536x1024.jpg 1536w, https:\/\/www.museonicolis.com\/html\/uploads\/2017\/06\/MG_0095.jpg 1748w\" sizes=\"auto, (max-width: 300px) 100vw, 300px\" \/><\/a>\r\n            <\/dt><\/dl><dl class='gallery-item lu-hide-image' title='2008 Museo Nicolis, Premio Museo Nicolis, Sandro Veronesi ph A.Rosa' >\r\n            <dt class='gallery-icon '>\r\n               <a data-title=\"2008 Museo Nicolis, Premio Museo Nicolis, Sandro Veronesi ph A.Rosa\"  class=\"\"  href='https:\/\/www.museonicolis.com\/html\/uploads\/2017\/06\/MG_0088.jpg'><img loading=\"lazy\" decoding=\"async\" width=\"300\" height=\"200\" src=\"https:\/\/www.museonicolis.com\/html\/uploads\/2017\/06\/MG_0088-900x600.jpg\" class=\"attachment-medium size-medium\" alt=\"Premio Museo Nicolis, Sandro Veronesi, Gruppo Calzedonia, Mario Righini ph Rosa auto d&#039;epoca\" srcset=\"https:\/\/www.museonicolis.com\/html\/uploads\/2017\/06\/MG_0088-900x600.jpg 900w, https:\/\/www.museonicolis.com\/html\/uploads\/2017\/06\/MG_0088-768x512.jpg 768w, https:\/\/www.museonicolis.com\/html\/uploads\/2017\/06\/MG_0088-1536x1024.jpg 1536w, https:\/\/www.museonicolis.com\/html\/uploads\/2017\/06\/MG_0088.jpg 1748w\" sizes=\"auto, (max-width: 300px) 100vw, 300px\" \/><\/a>\r\n            <\/dt><\/dl><dl class='gallery-item lu-hide-image' title='2008 Museo Nicolis, Premio Museo Nicolis, Sandro Veronesi ph A.Rosa' >\r\n            <dt class='gallery-icon '>\r\n               <a data-title=\"2008 Museo Nicolis, Premio Museo Nicolis, Sandro Veronesi ph A.Rosa\"  class=\"\"  href='https:\/\/www.museonicolis.com\/html\/uploads\/2017\/06\/MG_0111.jpg'><img loading=\"lazy\" decoding=\"async\" width=\"300\" height=\"200\" src=\"https:\/\/www.museonicolis.com\/html\/uploads\/2017\/06\/MG_0111-900x600.jpg\" class=\"attachment-medium size-medium\" alt=\"\" srcset=\"https:\/\/www.museonicolis.com\/html\/uploads\/2017\/06\/MG_0111-900x600.jpg 900w, https:\/\/www.museonicolis.com\/html\/uploads\/2017\/06\/MG_0111-768x512.jpg 768w, https:\/\/www.museonicolis.com\/html\/uploads\/2017\/06\/MG_0111.jpg 1311w\" sizes=\"auto, (max-width: 300px) 100vw, 300px\" \/><\/a>\r\n            <\/dt><\/dl><dl class='gallery-item lu-hide-image' title='2008 Museo Nicolis, Premio Museo Nicolis, Sandro Veronesi ph A.Rosa' >\r\n            <dt class='gallery-icon '>\r\n               <a data-title=\"2008 Museo Nicolis, Premio Museo Nicolis, Sandro Veronesi ph A.Rosa\"  class=\"\"  href='https:\/\/www.museonicolis.com\/html\/uploads\/2017\/06\/MG_0124.jpg'><img loading=\"lazy\" decoding=\"async\" width=\"300\" height=\"200\" src=\"https:\/\/www.museonicolis.com\/html\/uploads\/2017\/06\/MG_0124-900x600.jpg\" class=\"attachment-medium size-medium\" alt=\"\" srcset=\"https:\/\/www.museonicolis.com\/html\/uploads\/2017\/06\/MG_0124-900x600.jpg 900w, https:\/\/www.museonicolis.com\/html\/uploads\/2017\/06\/MG_0124-768x512.jpg 768w, https:\/\/www.museonicolis.com\/html\/uploads\/2017\/06\/MG_0124-1536x1024.jpg 1536w, https:\/\/www.museonicolis.com\/html\/uploads\/2017\/06\/MG_0124.jpg 1748w\" sizes=\"auto, (max-width: 300px) 100vw, 300px\" \/><\/a>\r\n            <\/dt><\/dl><dl class='gallery-item lu-hide-image' title='2008 Museo Nicolis, Premio Museo Nicolis, Sandro Veronesi ph A.Rosa' >\r\n            <dt class='gallery-icon '>\r\n               <a data-title=\"2008 Museo Nicolis, Premio Museo Nicolis, Sandro Veronesi ph A.Rosa\"  class=\"\"  href='https:\/\/www.museonicolis.com\/html\/uploads\/2017\/06\/MG_0110.jpg'><img loading=\"lazy\" decoding=\"async\" width=\"300\" height=\"200\" src=\"https:\/\/www.museonicolis.com\/html\/uploads\/2017\/06\/MG_0110-900x600.jpg\" class=\"attachment-medium size-medium\" alt=\"\" srcset=\"https:\/\/www.museonicolis.com\/html\/uploads\/2017\/06\/MG_0110-900x600.jpg 900w, https:\/\/www.museonicolis.com\/html\/uploads\/2017\/06\/MG_0110-768x512.jpg 768w, https:\/\/www.museonicolis.com\/html\/uploads\/2017\/06\/MG_0110-1536x1024.jpg 1536w, https:\/\/www.museonicolis.com\/html\/uploads\/2017\/06\/MG_0110.jpg 1748w\" sizes=\"auto, (max-width: 300px) 100vw, 300px\" \/><\/a>\r\n            <\/dt><\/dl><dl class='gallery-item lu-hide-image' title='2008 Museo Nicolis, Premio Museo Nicolis, Sandro Veronesi ph A.Rosa' >\r\n            <dt class='gallery-icon '>\r\n               <a data-title=\"2008 Museo Nicolis, Premio Museo Nicolis, Sandro Veronesi ph A.Rosa\"  class=\"\"  href='https:\/\/www.museonicolis.com\/html\/uploads\/2017\/06\/MG_0126.jpg'><img loading=\"lazy\" decoding=\"async\" width=\"300\" height=\"200\" src=\"https:\/\/www.museonicolis.com\/html\/uploads\/2017\/06\/MG_0126-900x600.jpg\" class=\"attachment-medium size-medium\" alt=\"Premio Museo Nicolis, Sandro Veronesi, Gruppo Calzedonia ph Rosa auto d&#039;epoca\" srcset=\"https:\/\/www.museonicolis.com\/html\/uploads\/2017\/06\/MG_0126-900x600.jpg 900w, https:\/\/www.museonicolis.com\/html\/uploads\/2017\/06\/MG_0126-768x512.jpg 768w, https:\/\/www.museonicolis.com\/html\/uploads\/2017\/06\/MG_0126.jpg 1311w\" sizes=\"auto, (max-width: 300px) 100vw, 300px\" \/><\/a>\r\n            <\/dt><\/dl><dl class='gallery-item lu-hide-image' title='2008 Museo Nicolis, Premio Museo Nicolis, Sandro Veronesi ph A.Rosa' >\r\n            <dt class='gallery-icon '>\r\n               <a data-title=\"2008 Museo Nicolis, Premio Museo Nicolis, Sandro Veronesi ph A.Rosa\"  class=\"\"  href='https:\/\/www.museonicolis.com\/html\/uploads\/2017\/06\/MG_0127.jpg'><img loading=\"lazy\" decoding=\"async\" width=\"300\" height=\"200\" src=\"https:\/\/www.museonicolis.com\/html\/uploads\/2017\/06\/MG_0127-900x600.jpg\" class=\"attachment-medium size-medium\" alt=\"Premio Museo Nicolis, Sandro Veronesi, Gruppo Calzedonia ph Rosa auto d&#039;epoca\" srcset=\"https:\/\/www.museonicolis.com\/html\/uploads\/2017\/06\/MG_0127-900x600.jpg 900w, https:\/\/www.museonicolis.com\/html\/uploads\/2017\/06\/MG_0127-768x512.jpg 768w, https:\/\/www.museonicolis.com\/html\/uploads\/2017\/06\/MG_0127-1536x1024.jpg 1536w, https:\/\/www.museonicolis.com\/html\/uploads\/2017\/06\/MG_0127.jpg 1748w\" sizes=\"auto, (max-width: 300px) 100vw, 300px\" \/><\/a>\r\n            <\/dt><\/dl><dl class='gallery-item lu-hide-image' title='2008 Museo Nicolis, Premio Museo Nicolis, Sandro Veronesi ph A.Rosa' >\r\n            <dt class='gallery-icon '>\r\n               <a data-title=\"2008 Museo Nicolis, Premio Museo Nicolis, Sandro Veronesi ph A.Rosa\"  class=\"\"  href='https:\/\/www.museonicolis.com\/html\/uploads\/2017\/06\/MG_0129.jpg'><img loading=\"lazy\" decoding=\"async\" width=\"300\" height=\"200\" src=\"https:\/\/www.museonicolis.com\/html\/uploads\/2017\/06\/MG_0129-899x600.jpg\" class=\"attachment-medium size-medium\" alt=\"Premio Museo Nicolis, Sandro Veronesi, Gruppo Calzedonia ph Rosa auto d&#039;epoca\" srcset=\"https:\/\/www.museonicolis.com\/html\/uploads\/2017\/06\/MG_0129-899x600.jpg 899w, https:\/\/www.museonicolis.com\/html\/uploads\/2017\/06\/MG_0129-768x512.jpg 768w, https:\/\/www.museonicolis.com\/html\/uploads\/2017\/06\/MG_0129.jpg 1529w\" sizes=\"auto, (max-width: 300px) 100vw, 300px\" \/><\/a>\r\n            <\/dt><\/dl><dl class='gallery-item lu-hide-image' title='2008 Museo Nicolis, Premio Museo Nicolis, Sandro Veronesi ph A.Rosa' >\r\n            <dt class='gallery-icon '>\r\n               <a data-title=\"2008 Museo Nicolis, Premio Museo Nicolis, Sandro Veronesi ph A.Rosa\"  class=\"\"  href='https:\/\/www.museonicolis.com\/html\/uploads\/2017\/06\/MG_0130.jpg'><img loading=\"lazy\" decoding=\"async\" width=\"300\" height=\"200\" src=\"https:\/\/www.museonicolis.com\/html\/uploads\/2017\/06\/MG_0130-900x600.jpg\" class=\"attachment-medium size-medium\" alt=\"Premio Museo Nicolis, Sandro Veronesi, Gruppo Calzedonia ph Rosa auto d&#039;epoca\" srcset=\"https:\/\/www.museonicolis.com\/html\/uploads\/2017\/06\/MG_0130-900x600.jpg 900w, https:\/\/www.museonicolis.com\/html\/uploads\/2017\/06\/MG_0130-768x512.jpg 768w, https:\/\/www.museonicolis.com\/html\/uploads\/2017\/06\/MG_0130-1536x1024.jpg 1536w, https:\/\/www.museonicolis.com\/html\/uploads\/2017\/06\/MG_0130.jpg 1748w\" sizes=\"auto, (max-width: 300px) 100vw, 300px\" \/><\/a>\r\n            <\/dt><\/dl><dl class='gallery-item lu-hide-image' title='2008 Museo Nicolis, Premio Museo Nicolis, Sandro Veronesi ph A.Rosa' >\r\n            <dt class='gallery-icon '>\r\n               <a data-title=\"2008 Museo Nicolis, Premio Museo Nicolis, Sandro Veronesi ph A.Rosa\"  class=\"\"  href='https:\/\/www.museonicolis.com\/html\/uploads\/2017\/06\/MG_0132.jpg'><img loading=\"lazy\" decoding=\"async\" width=\"300\" height=\"200\" src=\"https:\/\/www.museonicolis.com\/html\/uploads\/2017\/06\/MG_0132-900x600.jpg\" class=\"attachment-medium size-medium\" alt=\"Premio Museo Nicolis, Sandro Veronesi, Gruppo Calzedonia ph Rosa auto d&#039;epoca\" srcset=\"https:\/\/www.museonicolis.com\/html\/uploads\/2017\/06\/MG_0132-900x600.jpg 900w, https:\/\/www.museonicolis.com\/html\/uploads\/2017\/06\/MG_0132-768x512.jpg 768w, https:\/\/www.museonicolis.com\/html\/uploads\/2017\/06\/MG_0132-1536x1024.jpg 1536w, https:\/\/www.museonicolis.com\/html\/uploads\/2017\/06\/MG_0132.jpg 1748w\" sizes=\"auto, (max-width: 300px) 100vw, 300px\" \/><\/a>\r\n            <\/dt><\/dl><dl class='gallery-item lu-hide-image' title='2008 Museo Nicolis, Premio Museo Nicolis, Sandro Veronesi ph A.Rosa' >\r\n            <dt class='gallery-icon '>\r\n               <a data-title=\"2008 Museo Nicolis, Premio Museo Nicolis, Sandro Veronesi ph A.Rosa\"  class=\"\"  href='https:\/\/www.museonicolis.com\/html\/uploads\/2017\/06\/MG_0133.jpg'><img loading=\"lazy\" decoding=\"async\" width=\"300\" height=\"200\" src=\"https:\/\/www.museonicolis.com\/html\/uploads\/2017\/06\/MG_0133-900x600.jpg\" class=\"attachment-medium size-medium\" alt=\"Premio Museo Nicolis, Sandro Veronesi, Gruppo Calzedonia ph Rosa auto d&#039;epoca\" srcset=\"https:\/\/www.museonicolis.com\/html\/uploads\/2017\/06\/MG_0133-900x600.jpg 900w, https:\/\/www.museonicolis.com\/html\/uploads\/2017\/06\/MG_0133-768x512.jpg 768w, https:\/\/www.museonicolis.com\/html\/uploads\/2017\/06\/MG_0133-1536x1024.jpg 1536w, https:\/\/www.museonicolis.com\/html\/uploads\/2017\/06\/MG_0133.jpg 1748w\" sizes=\"auto, (max-width: 300px) 100vw, 300px\" \/><\/a>\r\n            <\/dt><\/dl><dl class='gallery-item lu-hide-image' title='2008 Museo Nicolis, Premio Museo Nicolis, Sandro Veronesi ph A.Rosa' >\r\n            <dt class='gallery-icon '>\r\n               <a data-title=\"2008 Museo Nicolis, Premio Museo Nicolis, Sandro Veronesi ph A.Rosa\"  class=\"\"  href='https:\/\/www.museonicolis.com\/html\/uploads\/2017\/06\/MG_0135.jpg'><img loading=\"lazy\" decoding=\"async\" width=\"300\" height=\"200\" src=\"https:\/\/www.museonicolis.com\/html\/uploads\/2017\/06\/MG_0135-900x600.jpg\" class=\"attachment-medium size-medium\" alt=\"Premio Museo Nicolis, Sandro Veronesi, Gruppo Calzedonia ph Rosa auto d&#039;epoca\" srcset=\"https:\/\/www.museonicolis.com\/html\/uploads\/2017\/06\/MG_0135-900x600.jpg 900w, https:\/\/www.museonicolis.com\/html\/uploads\/2017\/06\/MG_0135-768x512.jpg 768w, https:\/\/www.museonicolis.com\/html\/uploads\/2017\/06\/MG_0135-1536x1024.jpg 1536w, https:\/\/www.museonicolis.com\/html\/uploads\/2017\/06\/MG_0135.jpg 1748w\" sizes=\"auto, (max-width: 300px) 100vw, 300px\" \/><\/a>\r\n            <\/dt><\/dl><dl class='gallery-item lu-hide-image' title='2008 Museo Nicolis, Premio Museo Nicolis, Sandro Veronesi ph A.Rosa' >\r\n            <dt class='gallery-icon '>\r\n               <a data-title=\"2008 Museo Nicolis, Premio Museo Nicolis, Sandro Veronesi ph A.Rosa\"  class=\"\"  href='https:\/\/www.museonicolis.com\/html\/uploads\/2017\/06\/MG_0158.jpg'><img loading=\"lazy\" decoding=\"async\" width=\"300\" height=\"200\" src=\"https:\/\/www.museonicolis.com\/html\/uploads\/2017\/06\/MG_0158-900x600.jpg\" class=\"attachment-medium size-medium\" alt=\"Premio Museo Nicolis, Sandro Veronesi, Gruppo Calzedonia ph Rosa auto d&#039;epoca\" srcset=\"https:\/\/www.museonicolis.com\/html\/uploads\/2017\/06\/MG_0158-900x600.jpg 900w, https:\/\/www.museonicolis.com\/html\/uploads\/2017\/06\/MG_0158-768x512.jpg 768w, https:\/\/www.museonicolis.com\/html\/uploads\/2017\/06\/MG_0158.jpg 1311w\" sizes=\"auto, (max-width: 300px) 100vw, 300px\" \/><\/a>\r\n            <\/dt><\/dl><dl class='gallery-item lu-hide-image' title='2008 Museo Nicolis, Premio Museo Nicolis, Sandro Veronesi ph A.Rosa' >\r\n            <dt class='gallery-icon '>\r\n               <a data-title=\"2008 Museo Nicolis, Premio Museo Nicolis, Sandro Veronesi ph A.Rosa\"  class=\"\"  href='https:\/\/www.museonicolis.com\/html\/uploads\/2017\/06\/MG_0161.jpg'><img loading=\"lazy\" decoding=\"async\" width=\"300\" height=\"200\" src=\"https:\/\/www.museonicolis.com\/html\/uploads\/2017\/06\/MG_0161-900x600.jpg\" class=\"attachment-medium size-medium\" alt=\"Premio Museo Nicolis, Sandro Veronesi, Gruppo Calzedonia ph Rosa auto d&#039;epoca\" srcset=\"https:\/\/www.museonicolis.com\/html\/uploads\/2017\/06\/MG_0161-900x600.jpg 900w, https:\/\/www.museonicolis.com\/html\/uploads\/2017\/06\/MG_0161-768x512.jpg 768w, https:\/\/www.museonicolis.com\/html\/uploads\/2017\/06\/MG_0161-1536x1024.jpg 1536w, https:\/\/www.museonicolis.com\/html\/uploads\/2017\/06\/MG_0161.jpg 1748w\" sizes=\"auto, (max-width: 300px) 100vw, 300px\" \/><\/a>\r\n            <\/dt><\/dl><dl class='gallery-item lu-hide-image' title='2008 Museo Nicolis, Premio Museo Nicolis, Sandro Veronesi ph A.Rosa' >\r\n            <dt class='gallery-icon '>\r\n               <a data-title=\"2008 Museo Nicolis, Premio Museo Nicolis, Sandro Veronesi ph A.Rosa\"  class=\"\"  href='https:\/\/www.museonicolis.com\/html\/uploads\/2017\/06\/MG_0166.jpg'><img loading=\"lazy\" decoding=\"async\" width=\"300\" height=\"200\" src=\"https:\/\/www.museonicolis.com\/html\/uploads\/2017\/06\/MG_0166-900x600.jpg\" class=\"attachment-medium size-medium\" alt=\"Premio Museo Nicolis, Sandro Veronesi, Gruppo Calzedonia ph Rosa auto d&#039;epoca\" srcset=\"https:\/\/www.museonicolis.com\/html\/uploads\/2017\/06\/MG_0166-900x600.jpg 900w, https:\/\/www.museonicolis.com\/html\/uploads\/2017\/06\/MG_0166-768x512.jpg 768w, https:\/\/www.museonicolis.com\/html\/uploads\/2017\/06\/MG_0166-1536x1024.jpg 1536w, https:\/\/www.museonicolis.com\/html\/uploads\/2017\/06\/MG_0166.jpg 1748w\" sizes=\"auto, (max-width: 300px) 100vw, 300px\" \/><\/a>\r\n            <\/dt><\/dl><dl class='gallery-item lu-hide-image' title='2008 Museo Nicolis, Premio Museo Nicolis, Sandro Veronesi ph A.Rosa' >\r\n            <dt class='gallery-icon '>\r\n               <a data-title=\"2008 Museo Nicolis, Premio Museo Nicolis, Sandro Veronesi ph A.Rosa\"  class=\"\"  href='https:\/\/www.museonicolis.com\/html\/uploads\/2017\/06\/MG_0170.jpg'><img loading=\"lazy\" decoding=\"async\" width=\"300\" height=\"200\" src=\"https:\/\/www.museonicolis.com\/html\/uploads\/2017\/06\/MG_0170-900x600.jpg\" class=\"attachment-medium size-medium\" alt=\"Premio Museo Nicolis, Sandro Veronesi, Gruppo Calzedonia ph Rosa auto d&#039;epoca\" srcset=\"https:\/\/www.museonicolis.com\/html\/uploads\/2017\/06\/MG_0170-900x600.jpg 900w, https:\/\/www.museonicolis.com\/html\/uploads\/2017\/06\/MG_0170-768x512.jpg 768w, https:\/\/www.museonicolis.com\/html\/uploads\/2017\/06\/MG_0170-1536x1024.jpg 1536w, https:\/\/www.museonicolis.com\/html\/uploads\/2017\/06\/MG_0170.jpg 1748w\" sizes=\"auto, (max-width: 300px) 100vw, 300px\" \/><\/a>\r\n            <\/dt><\/dl><dl class='gallery-item lu-hide-image' title='2008 Museo Nicolis, Premio Museo Nicolis, Sandro Veronesi ph A.Rosa' >\r\n            <dt class='gallery-icon '>\r\n               <a data-title=\"2008 Museo Nicolis, Premio Museo Nicolis, Sandro Veronesi ph A.Rosa\"  class=\"\"  href='https:\/\/www.museonicolis.com\/html\/uploads\/2017\/06\/MG_0072.jpg'><img loading=\"lazy\" decoding=\"async\" width=\"200\" height=\"300\" src=\"https:\/\/www.museonicolis.com\/html\/uploads\/2017\/06\/MG_0072-400x600.jpg\" class=\"attachment-medium size-medium\" alt=\"Premio Museo Nicolis, Sandro Veronesi, Gruppo Calzedonia, Murari Rana ph Rosa auto d&#039;epoca\" srcset=\"https:\/\/www.museonicolis.com\/html\/uploads\/2017\/06\/MG_0072-400x600.jpg 400w, https:\/\/www.museonicolis.com\/html\/uploads\/2017\/06\/MG_0072-768x1152.jpg 768w, https:\/\/www.museonicolis.com\/html\/uploads\/2017\/06\/MG_0072-1024x1536.jpg 1024w, https:\/\/www.museonicolis.com\/html\/uploads\/2017\/06\/MG_0072-1365x2048.jpg 1365w, https:\/\/www.museonicolis.com\/html\/uploads\/2017\/06\/MG_0072.jpg 1456w\" sizes=\"auto, (max-width: 200px) 100vw, 200px\" \/><\/a>\r\n            <\/dt><\/dl><dl class='gallery-item lu-hide-image' title='2008 Museo Nicolis, Premio Museo Nicolis, Sandro Veronesi ph A.Rosa' >\r\n            <dt class='gallery-icon '>\r\n               <a data-title=\"2008 Museo Nicolis, Premio Museo Nicolis, Sandro Veronesi ph A.Rosa\"  class=\"\"  href='https:\/\/www.museonicolis.com\/html\/uploads\/2017\/06\/MG_0196.jpg'><img loading=\"lazy\" decoding=\"async\" width=\"300\" height=\"200\" src=\"https:\/\/www.museonicolis.com\/html\/uploads\/2017\/06\/MG_0196-900x600.jpg\" class=\"attachment-medium size-medium\" alt=\"Premio Museo Nicolis, Sandro Veronesi, Gruppo Calzedonia ph Rosa auto d&#039;epoca\" srcset=\"https:\/\/www.museonicolis.com\/html\/uploads\/2017\/06\/MG_0196-900x600.jpg 900w, https:\/\/www.museonicolis.com\/html\/uploads\/2017\/06\/MG_0196-768x512.jpg 768w, https:\/\/www.museonicolis.com\/html\/uploads\/2017\/06\/MG_0196-1536x1024.jpg 1536w, https:\/\/www.museonicolis.com\/html\/uploads\/2017\/06\/MG_0196.jpg 1748w\" sizes=\"auto, (max-width: 300px) 100vw, 300px\" \/><\/a>\r\n            <\/dt><\/dl><dl class='gallery-item lu-hide-image' title='2008 Museo Nicolis, Premio Museo Nicolis, Sandro Veronesi ph A.Rosa' >\r\n            <dt class='gallery-icon '>\r\n               <a data-title=\"2008 Museo Nicolis, Premio Museo Nicolis, Sandro Veronesi ph A.Rosa\"  class=\"\"  href='https:\/\/www.museonicolis.com\/html\/uploads\/2017\/06\/MG_0200.jpg'><img loading=\"lazy\" decoding=\"async\" width=\"300\" height=\"200\" src=\"https:\/\/www.museonicolis.com\/html\/uploads\/2017\/06\/MG_0200-900x600.jpg\" class=\"attachment-medium size-medium\" alt=\"Premio Museo Nicolis, Sandro Veronesi, Gruppo Calzedonia ph Rosa auto d&#039;epoca\" srcset=\"https:\/\/www.museonicolis.com\/html\/uploads\/2017\/06\/MG_0200-900x600.jpg 900w, https:\/\/www.museonicolis.com\/html\/uploads\/2017\/06\/MG_0200-768x512.jpg 768w, https:\/\/www.museonicolis.com\/html\/uploads\/2017\/06\/MG_0200-1536x1024.jpg 1536w, https:\/\/www.museonicolis.com\/html\/uploads\/2017\/06\/MG_0200.jpg 1748w\" sizes=\"auto, (max-width: 300px) 100vw, 300px\" \/><\/a>\r\n            <\/dt><\/dl><dl class='gallery-item lu-hide-image' title='2008 Museo Nicolis, Premio Museo Nicolis, Sandro Veronesi ph A.Rosa' >\r\n            <dt class='gallery-icon '>\r\n               <a data-title=\"2008 Museo Nicolis, Premio Museo Nicolis, Sandro Veronesi ph A.Rosa\"  class=\"\"  href='https:\/\/www.museonicolis.com\/html\/uploads\/2017\/06\/MG_0206.jpg'><img loading=\"lazy\" decoding=\"async\" width=\"300\" height=\"200\" src=\"https:\/\/www.museonicolis.com\/html\/uploads\/2017\/06\/MG_0206-900x600.jpg\" class=\"attachment-medium size-medium\" alt=\"Premio Museo Nicolis, Sandro Veronesi, Gruppo Calzedonia ph Rosa auto d&#039;epoca\" srcset=\"https:\/\/www.museonicolis.com\/html\/uploads\/2017\/06\/MG_0206-900x600.jpg 900w, https:\/\/www.museonicolis.com\/html\/uploads\/2017\/06\/MG_0206-768x512.jpg 768w, https:\/\/www.museonicolis.com\/html\/uploads\/2017\/06\/MG_0206-1536x1024.jpg 1536w, https:\/\/www.museonicolis.com\/html\/uploads\/2017\/06\/MG_0206.jpg 1748w\" sizes=\"auto, (max-width: 300px) 100vw, 300px\" \/><\/a>\r\n            <\/dt><\/dl><dl class='gallery-item lu-hide-image' title='2008 Museo Nicolis, Premio Museo Nicolis, Sandro Veronesi ph A.Rosa' >\r\n            <dt class='gallery-icon '>\r\n               <a data-title=\"2008 Museo Nicolis, Premio Museo Nicolis, Sandro Veronesi ph A.Rosa\"  class=\"\"  href='https:\/\/www.museonicolis.com\/html\/uploads\/2017\/06\/MG_0215.jpg'><img loading=\"lazy\" decoding=\"async\" width=\"300\" height=\"200\" src=\"https:\/\/www.museonicolis.com\/html\/uploads\/2017\/06\/MG_0215-900x600.jpg\" class=\"attachment-medium size-medium\" alt=\"Premio Museo Nicolis, Sandro Veronesi, Gruppo Calzedonia, Silvia Nicolis, ph Rosa auto d&#039;epoca\" srcset=\"https:\/\/www.museonicolis.com\/html\/uploads\/2017\/06\/MG_0215-900x600.jpg 900w, https:\/\/www.museonicolis.com\/html\/uploads\/2017\/06\/MG_0215-768x512.jpg 768w, https:\/\/www.museonicolis.com\/html\/uploads\/2017\/06\/MG_0215-1536x1024.jpg 1536w, https:\/\/www.museonicolis.com\/html\/uploads\/2017\/06\/MG_0215.jpg 1748w\" sizes=\"auto, (max-width: 300px) 100vw, 300px\" \/><\/a>\r\n            <\/dt><\/dl><dl class='gallery-item lu-hide-image' title='Premio Museo Nicolis, Sandro Veronesi, Gruppo Calzedonia, Silvia Nicolis, ph Rosa auto d'epoca' >\r\n            <dt class='gallery-icon '>\r\n               <a data-title=\"Premio Museo Nicolis, Sandro Veronesi, Gruppo Calzedonia, Silvia Nicolis, ph Rosa auto d'epoca\"  class=\"\"  href='https:\/\/www.museonicolis.com\/html\/uploads\/2017\/06\/MG_0237.jpg'><img loading=\"lazy\" decoding=\"async\" width=\"200\" height=\"300\" src=\"https:\/\/www.museonicolis.com\/html\/uploads\/2017\/06\/MG_0237-400x600.jpg\" class=\"attachment-medium size-medium\" alt=\"Premio Museo Nicolis, Sandro Veronesi, Gruppo Calzedonia, Silvia Nicolis, ph Rosa auto d&#039;epoca\" srcset=\"https:\/\/www.museonicolis.com\/html\/uploads\/2017\/06\/MG_0237-400x600.jpg 400w, https:\/\/www.museonicolis.com\/html\/uploads\/2017\/06\/MG_0237-768x1152.jpg 768w, https:\/\/www.museonicolis.com\/html\/uploads\/2017\/06\/MG_0237-1024x1536.jpg 1024w, https:\/\/www.museonicolis.com\/html\/uploads\/2017\/06\/MG_0237-1365x2048.jpg 1365w, https:\/\/www.museonicolis.com\/html\/uploads\/2017\/06\/MG_0237.jpg 1456w\" sizes=\"auto, (max-width: 200px) 100vw, 200px\" \/><\/a>\r\n            <\/dt><\/dl><dl class='gallery-item lu-hide-image' title='2008 Museo Nicolis, Premio Museo Nicolis, Sandro Veronesi ph A.Rosa' >\r\n            <dt class='gallery-icon '>\r\n               <a data-title=\"2008 Museo Nicolis, Premio Museo Nicolis, Sandro Veronesi ph A.Rosa\"  class=\"\"  href='https:\/\/www.museonicolis.com\/html\/uploads\/2017\/06\/MG_0076.jpg'><img loading=\"lazy\" decoding=\"async\" width=\"300\" height=\"200\" src=\"https:\/\/www.museonicolis.com\/html\/uploads\/2017\/06\/MG_0076-900x600.jpg\" class=\"attachment-medium size-medium\" alt=\"Premio Museo Nicolis, Sandro Veronesi, Gruppo Calzedonia ph Rosa auto d&#039;epoca\" srcset=\"https:\/\/www.museonicolis.com\/html\/uploads\/2017\/06\/MG_0076-900x600.jpg 900w, https:\/\/www.museonicolis.com\/html\/uploads\/2017\/06\/MG_0076-768x512.jpg 768w, https:\/\/www.museonicolis.com\/html\/uploads\/2017\/06\/MG_0076-1536x1024.jpg 1536w, https:\/\/www.museonicolis.com\/html\/uploads\/2017\/06\/MG_0076.jpg 1748w\" sizes=\"auto, (max-width: 300px) 100vw, 300px\" \/><\/a>\r\n            <\/dt><\/dl><dl class='gallery-item lu-hide-image' title='2008 Museo Nicolis, Premio Museo Nicolis, Sandro Veronesi ph A.Rosa' >\r\n            <dt class='gallery-icon '>\r\n               <a data-title=\"2008 Museo Nicolis, Premio Museo Nicolis, Sandro Veronesi ph A.Rosa\"  class=\"\"  href='https:\/\/www.museonicolis.com\/html\/uploads\/2017\/06\/MG_0070.jpg'><img loading=\"lazy\" decoding=\"async\" width=\"300\" height=\"200\" src=\"https:\/\/www.museonicolis.com\/html\/uploads\/2017\/06\/MG_0070-900x600.jpg\" class=\"attachment-medium size-medium\" alt=\"Premio Museo Nicolis, Sandro Veronesi, Gruppo Calzedonia ph Rosa auto d&#039;epoca\" srcset=\"https:\/\/www.museonicolis.com\/html\/uploads\/2017\/06\/MG_0070-900x600.jpg 900w, https:\/\/www.museonicolis.com\/html\/uploads\/2017\/06\/MG_0070-768x512.jpg 768w, https:\/\/www.museonicolis.com\/html\/uploads\/2017\/06\/MG_0070.jpg 1311w\" sizes=\"auto, (max-width: 300px) 100vw, 300px\" \/><\/a>\r\n            <\/dt><\/dl><dl class='gallery-item lu-hide-image' title='2008 Museo Nicolis, Premio Museo Nicolis, Sandro Veronesi ph A.Rosa' >\r\n            <dt class='gallery-icon '>\r\n               <a data-title=\"2008 Museo Nicolis, Premio Museo Nicolis, Sandro Veronesi ph A.Rosa\"  class=\"\"  href='https:\/\/www.museonicolis.com\/html\/uploads\/2017\/06\/MG_0174.jpg'><img loading=\"lazy\" decoding=\"async\" width=\"300\" height=\"200\" src=\"https:\/\/www.museonicolis.com\/html\/uploads\/2017\/06\/MG_0174-900x600.jpg\" class=\"attachment-medium size-medium\" alt=\"Premio Museo Nicolis, Sandro Veronesi, Gruppo Calzedonia ph Rosa auto d&#039;epoca\" srcset=\"https:\/\/www.museonicolis.com\/html\/uploads\/2017\/06\/MG_0174-900x600.jpg 900w, https:\/\/www.museonicolis.com\/html\/uploads\/2017\/06\/MG_0174-768x512.jpg 768w, https:\/\/www.museonicolis.com\/html\/uploads\/2017\/06\/MG_0174-1536x1024.jpg 1536w, https:\/\/www.museonicolis.com\/html\/uploads\/2017\/06\/MG_0174.jpg 1748w\" sizes=\"auto, (max-width: 300px) 100vw, 300px\" \/><\/a>\r\n            <\/dt><\/dl><dl class='gallery-item lu-hide-image' title='2008 Museo Nicolis, Premio Museo Nicolis, Sandro Veronesi ph A.Rosa' >\r\n            <dt class='gallery-icon '>\r\n               <a data-title=\"2008 Museo Nicolis, Premio Museo Nicolis, Sandro Veronesi ph A.Rosa\"  class=\"\"  href='https:\/\/www.museonicolis.com\/html\/uploads\/2017\/06\/MG_0177.jpg'><img loading=\"lazy\" decoding=\"async\" width=\"300\" height=\"200\" src=\"https:\/\/www.museonicolis.com\/html\/uploads\/2017\/06\/MG_0177-900x600.jpg\" class=\"attachment-medium size-medium\" alt=\"Premio Museo Nicolis, Sandro Veronesi, Gruppo Calzedonia ph Rosa auto d&#039;epoca\" srcset=\"https:\/\/www.museonicolis.com\/html\/uploads\/2017\/06\/MG_0177-900x600.jpg 900w, https:\/\/www.museonicolis.com\/html\/uploads\/2017\/06\/MG_0177-768x512.jpg 768w, https:\/\/www.museonicolis.com\/html\/uploads\/2017\/06\/MG_0177-1536x1024.jpg 1536w, https:\/\/www.museonicolis.com\/html\/uploads\/2017\/06\/MG_0177.jpg 1748w\" sizes=\"auto, (max-width: 300px) 100vw, 300px\" \/><\/a>\r\n            <\/dt><\/dl><dl class='gallery-item lu-hide-image' title='2008 Museo Nicolis, Premio Museo Nicolis, Sandro Veronesi ph A.Rosa' >\r\n            <dt class='gallery-icon '>\r\n               <a data-title=\"2008 Museo Nicolis, Premio Museo Nicolis, Sandro Veronesi ph A.Rosa\"  class=\"\"  href='https:\/\/www.museonicolis.com\/html\/uploads\/2017\/06\/MG_0176.jpg'><img loading=\"lazy\" decoding=\"async\" width=\"300\" height=\"200\" src=\"https:\/\/www.museonicolis.com\/html\/uploads\/2017\/06\/MG_0176-900x600.jpg\" class=\"attachment-medium size-medium\" alt=\"Premio Museo Nicolis, Sandro Veronesi, Gruppo Calzedonia ph Rosa auto d&#039;epoca\" srcset=\"https:\/\/www.museonicolis.com\/html\/uploads\/2017\/06\/MG_0176-900x600.jpg 900w, https:\/\/www.museonicolis.com\/html\/uploads\/2017\/06\/MG_0176-768x512.jpg 768w, https:\/\/www.museonicolis.com\/html\/uploads\/2017\/06\/MG_0176.jpg 1311w\" sizes=\"auto, (max-width: 300px) 100vw, 300px\" \/><\/a>\r\n            <\/dt><\/dl><dl class='gallery-item lu-hide-image' title='2008 Museo Nicolis, Premio Museo Nicolis, Sandro Veronesi ph A.Rosa' >\r\n            <dt class='gallery-icon '>\r\n               <a data-title=\"2008 Museo Nicolis, Premio Museo Nicolis, Sandro Veronesi ph A.Rosa\"  class=\"\"  href='https:\/\/www.museonicolis.com\/html\/uploads\/2017\/06\/MG_0066.jpg'><img loading=\"lazy\" decoding=\"async\" width=\"300\" height=\"200\" src=\"https:\/\/www.museonicolis.com\/html\/uploads\/2017\/06\/MG_0066-900x600.jpg\" class=\"attachment-medium size-medium\" alt=\"Premio Museo Nicolis, Sandro Veronesi, Gruppo Calzedonia ph Rosa auto d&#039;epoca\" srcset=\"https:\/\/www.museonicolis.com\/html\/uploads\/2017\/06\/MG_0066-900x600.jpg 900w, https:\/\/www.museonicolis.com\/html\/uploads\/2017\/06\/MG_0066-768x512.jpg 768w, https:\/\/www.museonicolis.com\/html\/uploads\/2017\/06\/MG_0066.jpg 1311w\" sizes=\"auto, (max-width: 300px) 100vw, 300px\" \/><\/a>\r\n            <\/dt><\/dl><dl class='gallery-item lu-hide-image' title='2008 Museo Nicolis, Premio Museo Nicolis, Sandro Veronesi ph A.Rosa' >\r\n            <dt class='gallery-icon '>\r\n               <a data-title=\"2008 Museo Nicolis, Premio Museo Nicolis, Sandro Veronesi ph A.Rosa\"  class=\"\"  href='https:\/\/www.museonicolis.com\/html\/uploads\/2017\/06\/MG_0050.jpg'><img loading=\"lazy\" decoding=\"async\" width=\"300\" height=\"200\" src=\"https:\/\/www.museonicolis.com\/html\/uploads\/2017\/06\/MG_0050-900x600.jpg\" class=\"attachment-medium size-medium\" alt=\"Premio Museo Nicolis, Sandro Veronesi, Gruppo Calzedonia ph Rosa auto d&#039;epoca\" srcset=\"https:\/\/www.museonicolis.com\/html\/uploads\/2017\/06\/MG_0050-900x600.jpg 900w, https:\/\/www.museonicolis.com\/html\/uploads\/2017\/06\/MG_0050-768x512.jpg 768w, https:\/\/www.museonicolis.com\/html\/uploads\/2017\/06\/MG_0050.jpg 1311w\" sizes=\"auto, (max-width: 300px) 100vw, 300px\" \/><\/a>\r\n            <\/dt><\/dl>\r\n            <br style='clear: both;' \/>\r\n        <\/div>\n<div class=\"link-gallery\"><a href=\"?gallery=true\">Vedi tutte 89<\/a><\/div>\n<p>&nbsp;<\/p>\n<p style=\"text-align: center;\">\n","protected":false},"excerpt":{"rendered":"<p>Der Nicolis Museum Award geht an Sandro Veronesi, Pr\u00e4sident der Calzedonia-Gruppe.<br \/>\nDer Business Challenges Award geht an Andrea Dusi, Wish Days\/Elation.<\/p>\n","protected":false},"author":11,"featured_media":166560,"comment_status":"closed","ping_status":"closed","sticky":false,"template":"","format":"standard","meta":{"_acf_changed":false,"om_disable_all_campaigns":false,"footnotes":""},"categories":[468],"tags":[],"class_list":["post-225705","post","type-post","status-publish","format-standard","has-post-thumbnail","hentry","category-der-museo-nicolis-nicolis-award"],"acf":[],"yoast_head":"<!-- This site is optimized with the Yoast SEO plugin v22.0 - https:\/\/yoast.com\/wordpress\/plugins\/seo\/ -->\n<title>IV Museo Nicolis Award, Sandro Veronesi - Museo Nicolis<\/title>\n<meta name=\"description\" content=\"Il Premio Museo Nicolis consegnato da Luciano Nicoilis al Sandro Veronesi, Presidente del Gruppo Calzedonia\u00a0\" \/>\n<meta name=\"robots\" content=\"index, follow, max-snippet:-1, max-image-preview:large, max-video-preview:-1\" \/>\n<link rel=\"canonical\" href=\"https:\/\/www.museonicolis.com\/de\/4-edizione-premio-museo-nicolis-1-edizione-sfide-dimpresa\/\" \/>\n<meta property=\"og:locale\" content=\"de_DE\" \/>\n<meta property=\"og:type\" content=\"article\" \/>\n<meta property=\"og:title\" content=\"IV Museo Nicolis Award, Sandro Veronesi - Museo Nicolis\" \/>\n<meta property=\"og:description\" content=\"Il Premio Museo Nicolis consegnato da Luciano Nicoilis al Sandro Veronesi, Presidente del Gruppo Calzedonia\u00a0\" \/>\n<meta property=\"og:url\" content=\"https:\/\/www.museonicolis.com\/de\/4-edizione-premio-museo-nicolis-1-edizione-sfide-dimpresa\/\" \/>\n<meta property=\"og:site_name\" content=\"Museo Nicolis\" \/>\n<meta property=\"article:published_time\" content=\"2025-01-01T09:37:18+00:00\" \/>\n<meta property=\"article:modified_time\" content=\"2025-10-05T13:21:46+00:00\" \/>\n<meta property=\"og:image\" content=\"http:\/\/www.museonicolis.com\/html\/uploads\/2017\/06\/MG_0220.jpg\" \/>\n\t<meta property=\"og:image:width\" content=\"1748\" \/>\n\t<meta property=\"og:image:height\" content=\"1165\" \/>\n\t<meta property=\"og:image:type\" content=\"image\/jpeg\" \/>\n<meta name=\"author\" content=\"administration@museonicolis.com\" \/>\n<meta name=\"twitter:card\" content=\"summary_large_image\" \/>\n<meta name=\"twitter:label1\" content=\"Verfasst von\" \/>\n\t<meta name=\"twitter:data1\" content=\"administration@museonicolis.com\" \/>\n\t<meta name=\"twitter:label2\" content=\"Gesch\u00e4tzte Lesezeit\" \/>\n\t<meta name=\"twitter:data2\" content=\"1\u00a0Minute\" \/>\n<script type=\"application\/ld+json\" class=\"yoast-schema-graph\">{\"@context\":\"https:\/\/schema.org\",\"@graph\":[{\"@type\":\"WebPage\",\"@id\":\"https:\/\/www.museonicolis.com\/de\/4-edizione-premio-museo-nicolis-1-edizione-sfide-dimpresa\/\",\"url\":\"https:\/\/www.museonicolis.com\/de\/4-edizione-premio-museo-nicolis-1-edizione-sfide-dimpresa\/\",\"name\":\"IV Museo Nicolis Award, Sandro Veronesi - Museo Nicolis\",\"isPartOf\":{\"@id\":\"https:\/\/www.museonicolis.com\/#website\"},\"datePublished\":\"2025-01-01T09:37:18+00:00\",\"dateModified\":\"2025-10-05T13:21:46+00:00\",\"author\":{\"@id\":\"https:\/\/www.museonicolis.com\/#\/schema\/person\/d463f9367ee4cb997cc803830e6eeafb\"},\"description\":\"Il Premio Museo Nicolis consegnato da Luciano Nicoilis al Sandro Veronesi, Presidente del Gruppo Calzedonia\u00a0\",\"breadcrumb\":{\"@id\":\"https:\/\/www.museonicolis.com\/de\/4-edizione-premio-museo-nicolis-1-edizione-sfide-dimpresa\/#breadcrumb\"},\"inLanguage\":\"de\",\"potentialAction\":[{\"@type\":\"ReadAction\",\"target\":[\"https:\/\/www.museonicolis.com\/de\/4-edizione-premio-museo-nicolis-1-edizione-sfide-dimpresa\/\"]}]},{\"@type\":\"BreadcrumbList\",\"@id\":\"https:\/\/www.museonicolis.com\/de\/4-edizione-premio-museo-nicolis-1-edizione-sfide-dimpresa\/#breadcrumb\",\"itemListElement\":[{\"@type\":\"ListItem\",\"position\":1,\"name\":\"Home\",\"item\":\"https:\/\/www.museonicolis.com\/de\/\"},{\"@type\":\"ListItem\",\"position\":2,\"name\":\"IV Museo Nicolis Award, Sandro Veronesi\"}]},{\"@type\":\"WebSite\",\"@id\":\"https:\/\/www.museonicolis.com\/#website\",\"url\":\"https:\/\/www.museonicolis.com\/\",\"name\":\"Museo Nicolis\",\"description\":\"Hunderte von Autos, Motorr\u00e4der und Fahrr\u00e4der\",\"potentialAction\":[{\"@type\":\"SearchAction\",\"target\":{\"@type\":\"EntryPoint\",\"urlTemplate\":\"https:\/\/www.museonicolis.com\/?s={search_term_string}\"},\"query-input\":\"required name=search_term_string\"}],\"inLanguage\":\"de\"},{\"@type\":\"Person\",\"@id\":\"https:\/\/www.museonicolis.com\/#\/schema\/person\/d463f9367ee4cb997cc803830e6eeafb\",\"name\":\"administration@museonicolis.com\",\"image\":{\"@type\":\"ImageObject\",\"inLanguage\":\"de\",\"@id\":\"https:\/\/www.museonicolis.com\/#\/schema\/person\/image\/\",\"url\":\"https:\/\/secure.gravatar.com\/avatar\/2898ed486a9b870302126c2fe48f020e83dece7538d15ecf06a37598d78b8a07?s=96&d=mm&r=g\",\"contentUrl\":\"https:\/\/secure.gravatar.com\/avatar\/2898ed486a9b870302126c2fe48f020e83dece7538d15ecf06a37598d78b8a07?s=96&d=mm&r=g\",\"caption\":\"administration@museonicolis.com\"},\"url\":\"https:\/\/www.museonicolis.com\/de\/author\/administrationmuseonicolis-com\/\"}]}<\/script>\n<!-- \/ Yoast SEO plugin. -->","yoast_head_json":{"title":"IV Museo Nicolis Award, Sandro Veronesi - Museo Nicolis","description":"Il Premio Museo Nicolis consegnato da Luciano Nicoilis al Sandro Veronesi, Presidente del Gruppo Calzedonia\u00a0","robots":{"index":"index","follow":"follow","max-snippet":"max-snippet:-1","max-image-preview":"max-image-preview:large","max-video-preview":"max-video-preview:-1"},"canonical":"https:\/\/www.museonicolis.com\/de\/4-edizione-premio-museo-nicolis-1-edizione-sfide-dimpresa\/","og_locale":"de_DE","og_type":"article","og_title":"IV Museo Nicolis Award, Sandro Veronesi - Museo Nicolis","og_description":"Il Premio Museo Nicolis consegnato da Luciano Nicoilis al Sandro Veronesi, Presidente del Gruppo Calzedonia\u00a0","og_url":"https:\/\/www.museonicolis.com\/de\/4-edizione-premio-museo-nicolis-1-edizione-sfide-dimpresa\/","og_site_name":"Museo Nicolis","article_published_time":"2025-01-01T09:37:18+00:00","article_modified_time":"2025-10-05T13:21:46+00:00","og_image":[{"width":1748,"height":1165,"url":"http:\/\/www.museonicolis.com\/html\/uploads\/2017\/06\/MG_0220.jpg","type":"image\/jpeg"}],"author":"administration@museonicolis.com","twitter_card":"summary_large_image","twitter_misc":{"Verfasst von":"administration@museonicolis.com","Gesch\u00e4tzte Lesezeit":"1\u00a0Minute"},"schema":{"@context":"https:\/\/schema.org","@graph":[{"@type":"WebPage","@id":"https:\/\/www.museonicolis.com\/de\/4-edizione-premio-museo-nicolis-1-edizione-sfide-dimpresa\/","url":"https:\/\/www.museonicolis.com\/de\/4-edizione-premio-museo-nicolis-1-edizione-sfide-dimpresa\/","name":"IV Museo Nicolis Award, Sandro Veronesi - Museo Nicolis","isPartOf":{"@id":"https:\/\/www.museonicolis.com\/#website"},"datePublished":"2025-01-01T09:37:18+00:00","dateModified":"2025-10-05T13:21:46+00:00","author":{"@id":"https:\/\/www.museonicolis.com\/#\/schema\/person\/d463f9367ee4cb997cc803830e6eeafb"},"description":"Il Premio Museo Nicolis consegnato da Luciano Nicoilis al Sandro Veronesi, Presidente del Gruppo Calzedonia\u00a0","breadcrumb":{"@id":"https:\/\/www.museonicolis.com\/de\/4-edizione-premio-museo-nicolis-1-edizione-sfide-dimpresa\/#breadcrumb"},"inLanguage":"de","potentialAction":[{"@type":"ReadAction","target":["https:\/\/www.museonicolis.com\/de\/4-edizione-premio-museo-nicolis-1-edizione-sfide-dimpresa\/"]}]},{"@type":"BreadcrumbList","@id":"https:\/\/www.museonicolis.com\/de\/4-edizione-premio-museo-nicolis-1-edizione-sfide-dimpresa\/#breadcrumb","itemListElement":[{"@type":"ListItem","position":1,"name":"Home","item":"https:\/\/www.museonicolis.com\/de\/"},{"@type":"ListItem","position":2,"name":"IV Museo Nicolis Award, Sandro Veronesi"}]},{"@type":"WebSite","@id":"https:\/\/www.museonicolis.com\/#website","url":"https:\/\/www.museonicolis.com\/","name":"Museo Nicolis","description":"Hunderte von Autos, Motorr\u00e4der und Fahrr\u00e4der","potentialAction":[{"@type":"SearchAction","target":{"@type":"EntryPoint","urlTemplate":"https:\/\/www.museonicolis.com\/?s={search_term_string}"},"query-input":"required name=search_term_string"}],"inLanguage":"de"},{"@type":"Person","@id":"https:\/\/www.museonicolis.com\/#\/schema\/person\/d463f9367ee4cb997cc803830e6eeafb","name":"administration@museonicolis.com","image":{"@type":"ImageObject","inLanguage":"de","@id":"https:\/\/www.museonicolis.com\/#\/schema\/person\/image\/","url":"https:\/\/secure.gravatar.com\/avatar\/2898ed486a9b870302126c2fe48f020e83dece7538d15ecf06a37598d78b8a07?s=96&d=mm&r=g","contentUrl":"https:\/\/secure.gravatar.com\/avatar\/2898ed486a9b870302126c2fe48f020e83dece7538d15ecf06a37598d78b8a07?s=96&d=mm&r=g","caption":"administration@museonicolis.com"},"url":"https:\/\/www.museonicolis.com\/de\/author\/administrationmuseonicolis-com\/"}]}},"_links":{"self":[{"href":"https:\/\/www.museonicolis.com\/de\/wp-json\/wp\/v2\/posts\/225705","targetHints":{"allow":["GET"]}}],"collection":[{"href":"https:\/\/www.museonicolis.com\/de\/wp-json\/wp\/v2\/posts"}],"about":[{"href":"https:\/\/www.museonicolis.com\/de\/wp-json\/wp\/v2\/types\/post"}],"author":[{"embeddable":true,"href":"https:\/\/www.museonicolis.com\/de\/wp-json\/wp\/v2\/users\/11"}],"replies":[{"embeddable":true,"href":"https:\/\/www.museonicolis.com\/de\/wp-json\/wp\/v2\/comments?post=225705"}],"version-history":[{"count":3,"href":"https:\/\/www.museonicolis.com\/de\/wp-json\/wp\/v2\/posts\/225705\/revisions"}],"predecessor-version":[{"id":225711,"href":"https:\/\/www.museonicolis.com\/de\/wp-json\/wp\/v2\/posts\/225705\/revisions\/225711"}],"wp:featuredmedia":[{"embeddable":true,"href":"https:\/\/www.museonicolis.com\/de\/wp-json\/wp\/v2\/media\/166560"}],"wp:attachment":[{"href":"https:\/\/www.museonicolis.com\/de\/wp-json\/wp\/v2\/media?parent=225705"}],"wp:term":[{"taxonomy":"category","embeddable":true,"href":"https:\/\/www.museonicolis.com\/de\/wp-json\/wp\/v2\/categories?post=225705"},{"taxonomy":"post_tag","embeddable":true,"href":"https:\/\/www.museonicolis.com\/de\/wp-json\/wp\/v2\/tags?post=225705"}],"curies":[{"name":"wp","href":"https:\/\/api.w.org\/{rel}","templated":true}]}}