{"id":177066,"date":"2022-05-05T09:52:23","date_gmt":"2022-05-05T07:52:23","guid":{"rendered":"https:\/\/dev-museonicolis.leaduser.it\/influencer-federica-chiesa\/"},"modified":"2022-06-01T17:47:43","modified_gmt":"2022-06-01T15:47:43","slug":"influencer-federica-chiesa","status":"publish","type":"post","link":"https:\/\/www.museonicolis.com\/de\/influencer-federica-chiesa\/","title":{"rendered":"Influencer, Federica Chiesa"},"content":{"rendered":"<h2>Die Influencer <strong>Federica Chiesa in Museo Nicolis<\/strong><\/h2>\n<p>Federica Chiesa, Travel Influencer, hat die Sammlungen von Museo Nicolis besucht.<\/p>\n<p>Dank des Projekts zur territorialen F\u00f6rderung von\u00a0<a href=\"https:\/\/www.museonicolis.com\/de\/verona-garda-bike\/\" target=\"_blank\" rel=\"noopener\"><strong>Verona Garda Bike<\/strong><\/a>\u00a0hat Tatiana die Realit\u00e4ten in der N\u00e4he von Verona, die \u00fcber den Fahrradtourismus verbunden sind, darunter das Museo Nicolis besucht.<\/p>\n<p>Folgen Sie Tatiana auf<strong> <a href=\"https:\/\/www.instagram.com\/federicachiesa98\/\" target=\"_blank\" rel=\"noopener\">Instagram<\/a><\/strong>, <strong><a href=\"https:\/\/www.youtube.com\/channel\/UCq_YukxRmTz1pObpBT8HEqg\">Youtube<\/a><\/strong> nd auf ihrem pers\u00f6nlichen Blog <strong><a href=\"https:\/\/www.piratesofdreams.com\/\" target=\"_blank\" rel=\"noopener\">Pirates of dream<\/a><\/strong>.<\/p>\n<div class=\"mceTemp\"><\/div>\n<div class=\"mceTemp\"><\/div>\n\r\n\r\n        <!-- see gallery_shortcode() in wp-includes\/media.php -->\r\n        <div id='gallery-1' class='lu-gallery gallery galleryid-177066'><dl class='gallery-item ' title='Museo Nicolis, Verona Garda Bike, visita Federica Chiesa, ph. Museo Nicolis' >\r\n            <dt class='gallery-icon '>\r\n               <a data-title=\"Museo Nicolis, Verona Garda Bike, visita Federica Chiesa, ph. Museo Nicolis\"  class=\"\"  href='https:\/\/www.museonicolis.com\/html\/uploads\/2022\/05\/Museo-Nicolis-Verona-Garda-Bike-visita-Federica-Chiesa-ph.-Museo-Nicolis_ilari-5.jpg'><img loading=\"lazy\" decoding=\"async\" width=\"300\" height=\"225\" src=\"https:\/\/www.museonicolis.com\/html\/uploads\/2022\/05\/Museo-Nicolis-Verona-Garda-Bike-visita-Federica-Chiesa-ph.-Museo-Nicolis_ilari-5-800x600.jpg\" class=\"attachment-medium size-medium\" alt=\"Museo Nicolis, Verona Garda Bike, visita Federica Chiesa, ph. Museo Nicolis\" srcset=\"https:\/\/www.museonicolis.com\/html\/uploads\/2022\/05\/Museo-Nicolis-Verona-Garda-Bike-visita-Federica-Chiesa-ph.-Museo-Nicolis_ilari-5-800x600.jpg 800w, https:\/\/www.museonicolis.com\/html\/uploads\/2022\/05\/Museo-Nicolis-Verona-Garda-Bike-visita-Federica-Chiesa-ph.-Museo-Nicolis_ilari-5-768x576.jpg 768w, https:\/\/www.museonicolis.com\/html\/uploads\/2022\/05\/Museo-Nicolis-Verona-Garda-Bike-visita-Federica-Chiesa-ph.-Museo-Nicolis_ilari-5-1536x1152.jpg 1536w, https:\/\/www.museonicolis.com\/html\/uploads\/2022\/05\/Museo-Nicolis-Verona-Garda-Bike-visita-Federica-Chiesa-ph.-Museo-Nicolis_ilari-5.jpg 2016w\" sizes=\"auto, (max-width: 300px) 100vw, 300px\" \/><\/a>\r\n            <\/dt><\/dl><dl class='gallery-item ' title='Museo Nicolis, Verona Garda Bike, visita Federica Chiesa, ph. Museo Nicolis' >\r\n            <dt class='gallery-icon '>\r\n               <a data-title=\"Museo Nicolis, Verona Garda Bike, visita Federica Chiesa, ph. Museo Nicolis\"  class=\"\"  href='https:\/\/www.museonicolis.com\/html\/uploads\/2022\/05\/Museo-Nicolis-Verona-Garda-Bike-visita-Federica-Chiesa-ph.-Museo-Nicolis_ilari-3.jpg'><img loading=\"lazy\" decoding=\"async\" width=\"300\" height=\"225\" src=\"https:\/\/www.museonicolis.com\/html\/uploads\/2022\/05\/Museo-Nicolis-Verona-Garda-Bike-visita-Federica-Chiesa-ph.-Museo-Nicolis_ilari-3-800x600.jpg\" class=\"attachment-medium size-medium\" alt=\"Museo Nicolis, Verona Garda Bike, visita Federica Chiesa, ph. Museo Nicolis\" srcset=\"https:\/\/www.museonicolis.com\/html\/uploads\/2022\/05\/Museo-Nicolis-Verona-Garda-Bike-visita-Federica-Chiesa-ph.-Museo-Nicolis_ilari-3-800x600.jpg 800w, https:\/\/www.museonicolis.com\/html\/uploads\/2022\/05\/Museo-Nicolis-Verona-Garda-Bike-visita-Federica-Chiesa-ph.-Museo-Nicolis_ilari-3-768x576.jpg 768w, https:\/\/www.museonicolis.com\/html\/uploads\/2022\/05\/Museo-Nicolis-Verona-Garda-Bike-visita-Federica-Chiesa-ph.-Museo-Nicolis_ilari-3-1536x1152.jpg 1536w, https:\/\/www.museonicolis.com\/html\/uploads\/2022\/05\/Museo-Nicolis-Verona-Garda-Bike-visita-Federica-Chiesa-ph.-Museo-Nicolis_ilari-3.jpg 2016w\" sizes=\"auto, (max-width: 300px) 100vw, 300px\" \/><\/a>\r\n            <\/dt><\/dl><dl class='gallery-item ' title='Museo Nicolis, Verona Garda Bike, visita Federica Chiesa, ph. Museo Nicolis' >\r\n            <dt class='gallery-icon '>\r\n               <a data-title=\"Museo Nicolis, Verona Garda Bike, visita Federica Chiesa, ph. Museo Nicolis\"  class=\"\"  href='https:\/\/www.museonicolis.com\/html\/uploads\/2022\/05\/Museo-Nicolis-Verona-Garda-Bike-visita-Federica-Chiesa-ph.-Museo-Nicolis_ilari-4.jpg'><img loading=\"lazy\" decoding=\"async\" width=\"300\" height=\"225\" src=\"https:\/\/www.museonicolis.com\/html\/uploads\/2022\/05\/Museo-Nicolis-Verona-Garda-Bike-visita-Federica-Chiesa-ph.-Museo-Nicolis_ilari-4-800x600.jpg\" class=\"attachment-medium size-medium\" alt=\"Museo Nicolis, Verona Garda Bike, visita Federica Chiesa, ph. Museo Nicolis\" srcset=\"https:\/\/www.museonicolis.com\/html\/uploads\/2022\/05\/Museo-Nicolis-Verona-Garda-Bike-visita-Federica-Chiesa-ph.-Museo-Nicolis_ilari-4-800x600.jpg 800w, https:\/\/www.museonicolis.com\/html\/uploads\/2022\/05\/Museo-Nicolis-Verona-Garda-Bike-visita-Federica-Chiesa-ph.-Museo-Nicolis_ilari-4-768x576.jpg 768w, https:\/\/www.museonicolis.com\/html\/uploads\/2022\/05\/Museo-Nicolis-Verona-Garda-Bike-visita-Federica-Chiesa-ph.-Museo-Nicolis_ilari-4-1536x1152.jpg 1536w, https:\/\/www.museonicolis.com\/html\/uploads\/2022\/05\/Museo-Nicolis-Verona-Garda-Bike-visita-Federica-Chiesa-ph.-Museo-Nicolis_ilari-4.jpg 2016w\" sizes=\"auto, (max-width: 300px) 100vw, 300px\" \/><\/a>\r\n            <\/dt><\/dl><dl class='gallery-item ' title='Museo Nicolis, Verona Garda Bike, visita Federica Chiesa, ph. Museo Nicolis' >\r\n            <dt class='gallery-icon '>\r\n               <a data-title=\"Museo Nicolis, Verona Garda Bike, visita Federica Chiesa, ph. Museo Nicolis\"  class=\"\"  href='https:\/\/www.museonicolis.com\/html\/uploads\/2022\/05\/Museo-Nicolis-Verona-Garda-Bike-visita-Federica-Chiesa-ph.-Museo-Nicolis_ilari.jpg'><img loading=\"lazy\" decoding=\"async\" width=\"300\" height=\"225\" src=\"https:\/\/www.museonicolis.com\/html\/uploads\/2022\/05\/Museo-Nicolis-Verona-Garda-Bike-visita-Federica-Chiesa-ph.-Museo-Nicolis_ilari-800x600.jpg\" class=\"attachment-medium size-medium\" alt=\"Museo Nicolis, Verona Garda Bike, visita Federica Chiesa, ph. Museo Nicolis\" srcset=\"https:\/\/www.museonicolis.com\/html\/uploads\/2022\/05\/Museo-Nicolis-Verona-Garda-Bike-visita-Federica-Chiesa-ph.-Museo-Nicolis_ilari-800x600.jpg 800w, https:\/\/www.museonicolis.com\/html\/uploads\/2022\/05\/Museo-Nicolis-Verona-Garda-Bike-visita-Federica-Chiesa-ph.-Museo-Nicolis_ilari-768x576.jpg 768w, https:\/\/www.museonicolis.com\/html\/uploads\/2022\/05\/Museo-Nicolis-Verona-Garda-Bike-visita-Federica-Chiesa-ph.-Museo-Nicolis_ilari-1536x1152.jpg 1536w, https:\/\/www.museonicolis.com\/html\/uploads\/2022\/05\/Museo-Nicolis-Verona-Garda-Bike-visita-Federica-Chiesa-ph.-Museo-Nicolis_ilari.jpg 2016w\" sizes=\"auto, (max-width: 300px) 100vw, 300px\" \/><\/a>\r\n            <\/dt><\/dl><dl class='gallery-item ' title='Museo Nicolis, Verona Garda Bike, visita Federica Chiesa, ph. Museo Nicolis' >\r\n            <dt class='gallery-icon '>\r\n               <a data-title=\"Museo Nicolis, Verona Garda Bike, visita Federica Chiesa, ph. Museo Nicolis\"  class=\"\"  href='https:\/\/www.museonicolis.com\/html\/uploads\/2022\/05\/Museo-Nicolis-Verona-Garda-Bike-visita-Federica-Chiesa-ph.-Museo-Nicolis_ilaria-1.jpg'><img loading=\"lazy\" decoding=\"async\" width=\"300\" height=\"225\" src=\"https:\/\/www.museonicolis.com\/html\/uploads\/2022\/05\/Museo-Nicolis-Verona-Garda-Bike-visita-Federica-Chiesa-ph.-Museo-Nicolis_ilaria-1-800x600.jpg\" class=\"attachment-medium size-medium\" alt=\"Museo Nicolis, Verona Garda Bike, visita Federica Chiesa, ph. Museo Nicolis\" srcset=\"https:\/\/www.museonicolis.com\/html\/uploads\/2022\/05\/Museo-Nicolis-Verona-Garda-Bike-visita-Federica-Chiesa-ph.-Museo-Nicolis_ilaria-1-800x600.jpg 800w, https:\/\/www.museonicolis.com\/html\/uploads\/2022\/05\/Museo-Nicolis-Verona-Garda-Bike-visita-Federica-Chiesa-ph.-Museo-Nicolis_ilaria-1-768x576.jpg 768w, https:\/\/www.museonicolis.com\/html\/uploads\/2022\/05\/Museo-Nicolis-Verona-Garda-Bike-visita-Federica-Chiesa-ph.-Museo-Nicolis_ilaria-1-1536x1152.jpg 1536w, https:\/\/www.museonicolis.com\/html\/uploads\/2022\/05\/Museo-Nicolis-Verona-Garda-Bike-visita-Federica-Chiesa-ph.-Museo-Nicolis_ilaria-1.jpg 1613w\" sizes=\"auto, (max-width: 300px) 100vw, 300px\" \/><\/a>\r\n            <\/dt><\/dl>\r\n            <br style='clear: both;' \/>\r\n        <\/div>\n\n<p><strong>\u00a0<\/strong><\/p>\n","protected":false},"excerpt":{"rendered":"<p>Besondere Besuch in Museo Nicolis<\/p>\n","protected":false},"author":5,"featured_media":175726,"comment_status":"closed","ping_status":"closed","sticky":false,"template":"","format":"standard","meta":{"_acf_changed":false,"om_disable_all_campaigns":false,"footnotes":""},"categories":[59,22,105,130],"tags":[],"class_list":["post-177066","post","type-post","status-publish","format-standard","has-post-thumbnail","hentry","category-aktivitaeten","category-hohepunkt","category-news-de","category-shooting-de"],"acf":[],"yoast_head":"<!-- This site is optimized with the Yoast SEO plugin v22.0 - https:\/\/yoast.com\/wordpress\/plugins\/seo\/ -->\n<title>Influencer, Federica Chiesa - Museo Nicolis<\/title>\n<meta name=\"description\" content=\"Federica Chiesa, junge Travel Influencer, hat die Sammlungen von Museo Nicolis in Villafranca di Verona besucht.\" \/>\n<meta name=\"robots\" content=\"index, follow, max-snippet:-1, max-image-preview:large, max-video-preview:-1\" \/>\n<link rel=\"canonical\" href=\"https:\/\/www.museonicolis.com\/de\/influencer-federica-chiesa\/\" \/>\n<meta property=\"og:locale\" content=\"de_DE\" \/>\n<meta property=\"og:type\" content=\"article\" \/>\n<meta property=\"og:title\" content=\"Influencer, Federica Chiesa - Museo Nicolis\" \/>\n<meta property=\"og:description\" content=\"Federica Chiesa, junge Travel Influencer, hat die Sammlungen von Museo Nicolis in Villafranca di Verona besucht.\" \/>\n<meta property=\"og:url\" content=\"https:\/\/www.museonicolis.com\/de\/influencer-federica-chiesa\/\" \/>\n<meta property=\"og:site_name\" content=\"Museo Nicolis\" \/>\n<meta property=\"article:published_time\" content=\"2022-05-05T07:52:23+00:00\" \/>\n<meta property=\"article:modified_time\" content=\"2022-06-01T15:47:43+00:00\" \/>\n<meta property=\"og:image\" content=\"https:\/\/www.museonicolis.com\/html\/uploads\/2022\/05\/Museo-Nicolis-Verona-Garda-Bike-visita-Federica-Chiesa-ph.-Museo-Nicolis_ilari-5.jpg\" \/>\n\t<meta property=\"og:image:width\" content=\"2016\" \/>\n\t<meta property=\"og:image:height\" content=\"1512\" \/>\n\t<meta property=\"og:image:type\" content=\"image\/jpeg\" \/>\n<meta name=\"author\" content=\"ceo@museonicolis.com\" \/>\n<meta name=\"twitter:card\" content=\"summary_large_image\" \/>\n<meta name=\"twitter:label1\" content=\"Verfasst von\" \/>\n\t<meta name=\"twitter:data1\" content=\"ceo@museonicolis.com\" \/>\n\t<meta name=\"twitter:label2\" content=\"Gesch\u00e4tzte Lesezeit\" \/>\n\t<meta name=\"twitter:data2\" content=\"1\u00a0Minute\" \/>\n<script type=\"application\/ld+json\" class=\"yoast-schema-graph\">{\"@context\":\"https:\/\/schema.org\",\"@graph\":[{\"@type\":\"WebPage\",\"@id\":\"https:\/\/www.museonicolis.com\/de\/influencer-federica-chiesa\/\",\"url\":\"https:\/\/www.museonicolis.com\/de\/influencer-federica-chiesa\/\",\"name\":\"Influencer, Federica Chiesa - Museo Nicolis\",\"isPartOf\":{\"@id\":\"https:\/\/www.museonicolis.com\/#website\"},\"datePublished\":\"2022-05-05T07:52:23+00:00\",\"dateModified\":\"2022-06-01T15:47:43+00:00\",\"author\":{\"@id\":\"https:\/\/www.museonicolis.com\/#\/schema\/person\/b90ca0d48dbdb91832246edf6371bc06\"},\"description\":\"Federica Chiesa, junge Travel Influencer, hat die Sammlungen von Museo Nicolis in Villafranca di Verona besucht.\",\"breadcrumb\":{\"@id\":\"https:\/\/www.museonicolis.com\/de\/influencer-federica-chiesa\/#breadcrumb\"},\"inLanguage\":\"de\",\"potentialAction\":[{\"@type\":\"ReadAction\",\"target\":[\"https:\/\/www.museonicolis.com\/de\/influencer-federica-chiesa\/\"]}]},{\"@type\":\"BreadcrumbList\",\"@id\":\"https:\/\/www.museonicolis.com\/de\/influencer-federica-chiesa\/#breadcrumb\",\"itemListElement\":[{\"@type\":\"ListItem\",\"position\":1,\"name\":\"Home\",\"item\":\"https:\/\/www.museonicolis.com\/de\/\"},{\"@type\":\"ListItem\",\"position\":2,\"name\":\"Influencer, Federica Chiesa\"}]},{\"@type\":\"WebSite\",\"@id\":\"https:\/\/www.museonicolis.com\/#website\",\"url\":\"https:\/\/www.museonicolis.com\/\",\"name\":\"Museo Nicolis\",\"description\":\"Hunderte von Autos, Motorr\u00e4der und Fahrr\u00e4der\",\"potentialAction\":[{\"@type\":\"SearchAction\",\"target\":{\"@type\":\"EntryPoint\",\"urlTemplate\":\"https:\/\/www.museonicolis.com\/?s={search_term_string}\"},\"query-input\":\"required name=search_term_string\"}],\"inLanguage\":\"de\"},{\"@type\":\"Person\",\"@id\":\"https:\/\/www.museonicolis.com\/#\/schema\/person\/b90ca0d48dbdb91832246edf6371bc06\",\"name\":\"ceo@museonicolis.com\",\"image\":{\"@type\":\"ImageObject\",\"inLanguage\":\"de\",\"@id\":\"https:\/\/www.museonicolis.com\/#\/schema\/person\/image\/\",\"url\":\"https:\/\/secure.gravatar.com\/avatar\/83f4db6c05ed5ce10bbce7bb64d6ec5043a17c1d3fe15d86cac53e8875870323?s=96&d=mm&r=g\",\"contentUrl\":\"https:\/\/secure.gravatar.com\/avatar\/83f4db6c05ed5ce10bbce7bb64d6ec5043a17c1d3fe15d86cac53e8875870323?s=96&d=mm&r=g\",\"caption\":\"ceo@museonicolis.com\"},\"url\":\"https:\/\/www.museonicolis.com\/de\/author\/ceomuseonicolis-com\/\"}]}<\/script>\n<!-- \/ Yoast SEO plugin. -->","yoast_head_json":{"title":"Influencer, Federica Chiesa - Museo Nicolis","description":"Federica Chiesa, junge Travel Influencer, hat die Sammlungen von Museo Nicolis in Villafranca di Verona besucht.","robots":{"index":"index","follow":"follow","max-snippet":"max-snippet:-1","max-image-preview":"max-image-preview:large","max-video-preview":"max-video-preview:-1"},"canonical":"https:\/\/www.museonicolis.com\/de\/influencer-federica-chiesa\/","og_locale":"de_DE","og_type":"article","og_title":"Influencer, Federica Chiesa - Museo Nicolis","og_description":"Federica Chiesa, junge Travel Influencer, hat die Sammlungen von Museo Nicolis in Villafranca di Verona besucht.","og_url":"https:\/\/www.museonicolis.com\/de\/influencer-federica-chiesa\/","og_site_name":"Museo Nicolis","article_published_time":"2022-05-05T07:52:23+00:00","article_modified_time":"2022-06-01T15:47:43+00:00","og_image":[{"width":2016,"height":1512,"url":"https:\/\/www.museonicolis.com\/html\/uploads\/2022\/05\/Museo-Nicolis-Verona-Garda-Bike-visita-Federica-Chiesa-ph.-Museo-Nicolis_ilari-5.jpg","type":"image\/jpeg"}],"author":"ceo@museonicolis.com","twitter_card":"summary_large_image","twitter_misc":{"Verfasst von":"ceo@museonicolis.com","Gesch\u00e4tzte Lesezeit":"1\u00a0Minute"},"schema":{"@context":"https:\/\/schema.org","@graph":[{"@type":"WebPage","@id":"https:\/\/www.museonicolis.com\/de\/influencer-federica-chiesa\/","url":"https:\/\/www.museonicolis.com\/de\/influencer-federica-chiesa\/","name":"Influencer, Federica Chiesa - Museo Nicolis","isPartOf":{"@id":"https:\/\/www.museonicolis.com\/#website"},"datePublished":"2022-05-05T07:52:23+00:00","dateModified":"2022-06-01T15:47:43+00:00","author":{"@id":"https:\/\/www.museonicolis.com\/#\/schema\/person\/b90ca0d48dbdb91832246edf6371bc06"},"description":"Federica Chiesa, junge Travel Influencer, hat die Sammlungen von Museo Nicolis in Villafranca di Verona besucht.","breadcrumb":{"@id":"https:\/\/www.museonicolis.com\/de\/influencer-federica-chiesa\/#breadcrumb"},"inLanguage":"de","potentialAction":[{"@type":"ReadAction","target":["https:\/\/www.museonicolis.com\/de\/influencer-federica-chiesa\/"]}]},{"@type":"BreadcrumbList","@id":"https:\/\/www.museonicolis.com\/de\/influencer-federica-chiesa\/#breadcrumb","itemListElement":[{"@type":"ListItem","position":1,"name":"Home","item":"https:\/\/www.museonicolis.com\/de\/"},{"@type":"ListItem","position":2,"name":"Influencer, Federica Chiesa"}]},{"@type":"WebSite","@id":"https:\/\/www.museonicolis.com\/#website","url":"https:\/\/www.museonicolis.com\/","name":"Museo Nicolis","description":"Hunderte von Autos, Motorr\u00e4der und Fahrr\u00e4der","potentialAction":[{"@type":"SearchAction","target":{"@type":"EntryPoint","urlTemplate":"https:\/\/www.museonicolis.com\/?s={search_term_string}"},"query-input":"required name=search_term_string"}],"inLanguage":"de"},{"@type":"Person","@id":"https:\/\/www.museonicolis.com\/#\/schema\/person\/b90ca0d48dbdb91832246edf6371bc06","name":"ceo@museonicolis.com","image":{"@type":"ImageObject","inLanguage":"de","@id":"https:\/\/www.museonicolis.com\/#\/schema\/person\/image\/","url":"https:\/\/secure.gravatar.com\/avatar\/83f4db6c05ed5ce10bbce7bb64d6ec5043a17c1d3fe15d86cac53e8875870323?s=96&d=mm&r=g","contentUrl":"https:\/\/secure.gravatar.com\/avatar\/83f4db6c05ed5ce10bbce7bb64d6ec5043a17c1d3fe15d86cac53e8875870323?s=96&d=mm&r=g","caption":"ceo@museonicolis.com"},"url":"https:\/\/www.museonicolis.com\/de\/author\/ceomuseonicolis-com\/"}]}},"_links":{"self":[{"href":"https:\/\/www.museonicolis.com\/de\/wp-json\/wp\/v2\/posts\/177066","targetHints":{"allow":["GET"]}}],"collection":[{"href":"https:\/\/www.museonicolis.com\/de\/wp-json\/wp\/v2\/posts"}],"about":[{"href":"https:\/\/www.museonicolis.com\/de\/wp-json\/wp\/v2\/types\/post"}],"author":[{"embeddable":true,"href":"https:\/\/www.museonicolis.com\/de\/wp-json\/wp\/v2\/users\/5"}],"replies":[{"embeddable":true,"href":"https:\/\/www.museonicolis.com\/de\/wp-json\/wp\/v2\/comments?post=177066"}],"version-history":[{"count":0,"href":"https:\/\/www.museonicolis.com\/de\/wp-json\/wp\/v2\/posts\/177066\/revisions"}],"wp:featuredmedia":[{"embeddable":true,"href":"https:\/\/www.museonicolis.com\/de\/wp-json\/wp\/v2\/media\/175726"}],"wp:attachment":[{"href":"https:\/\/www.museonicolis.com\/de\/wp-json\/wp\/v2\/media?parent=177066"}],"wp:term":[{"taxonomy":"category","embeddable":true,"href":"https:\/\/www.museonicolis.com\/de\/wp-json\/wp\/v2\/categories?post=177066"},{"taxonomy":"post_tag","embeddable":true,"href":"https:\/\/www.museonicolis.com\/de\/wp-json\/wp\/v2\/tags?post=177066"}],"curies":[{"name":"wp","href":"https:\/\/api.w.org\/{rel}","templated":true}]}}